{"id":12739,"date":"2025-03-24T22:21:40","date_gmt":"2025-03-24T21:21:40","guid":{"rendered":"https:\/\/www.hiringlab.org\/fr\/?p=12739"},"modified":"2025-05-27T23:30:38","modified_gmt":"2025-05-27T21:30:38","slug":"marche-du-travail-en-mars","status":"publish","type":"post","link":"https:\/\/www.hiringlab.org\/fr\/blog\/2025\/03\/24\/marche-du-travail-en-mars\/","title":{"rendered":"March\u00e9 du travail en mars 2025 : ch\u00f4mage stable, mais recul du taux d\u2019activit\u00e9 sur fond de baisse de la demande de travail"},"content":{"rendered":"\n<p><em>Principaux enseignements :<\/em><\/p>\n\n\n\n<ul class=\"wp-block-list\">\n<li><em>Le taux de ch\u00f4mage reste \u00e0 un plus bas (7,3 %) malgr\u00e9 une destruction nette d\u2019emplois salari\u00e9s au quatri\u00e8me trimestre, tandis que le taux d\u2019activit\u00e9 perd 0,3 point.<\/em><\/li>\n\n\n\n<li><em>Le volume global d\u2019offres d\u2019emploi poursuit sa baisse, sauf dans les m\u00e9tiers des services \u00e0 la personne et du nettoyage qui restent difficiles \u00e0 pourvoir : leur volume d\u2019offres a \u00e9t\u00e9 multipli\u00e9 par 2 \u00e0 3 depuis 2020. Les salaires dans les offres continuent \u00e0 d\u00e9c\u00e9l\u00e9rer, \u00e0 +1,6 % sur un an en d\u00e9cembre 2024.<\/em><\/li>\n\n\n\n<li><em>La campagne de recrutement de d\u00e9but d\u2019ann\u00e9e est particuli\u00e8rement faible en 2025, bien que les candidats soient toujours plus actifs qu\u2019il y a deux ou trois ans.<\/em><\/li>\n<\/ul>\n\n\n\n<h2 class=\"wp-block-heading\">Un march\u00e9 du travail en voie de \u00ab normalisation \u00bb<\/h2>\n\n\n\n<p>Malgr\u00e9 un taux de ch\u00f4mage stable sur le dernier trimestre de 2024 (\u00e0 7,3 %), le march\u00e9 du travail fran\u00e7ais montre des signes de faiblesse. Le taux d\u2019activit\u00e9 (la part de personnes actives, en emploi ou non, dans la population \u00e2g\u00e9e de 15 \u00e0 64 ans) a chut\u00e9 de 0,3 point \u00e0 74,4 %, sous l\u2019effet notamment du ralentissement de l\u2019apprentissage qui affecte d\u00e9favorablement le taux d\u2019activit\u00e9 des jeunes. Les cr\u00e9ations nettes d\u2019emplois salari\u00e9s sur le quatri\u00e8me trimestre ont \u00e9t\u00e9 <a href=\"https:\/\/www.insee.fr\/fr\/statistiques\/8245307\" target=\"_blank\" rel=\"noreferrer noopener\">n\u00e9gatives<\/a> pour la deuxi\u00e8me fois depuis 2020, avec plus de 90 000 emplois d\u00e9truits. Le deuxi\u00e8me trimestre 2024 avait d\u00e9j\u00e0 \u00e9t\u00e9 marqu\u00e9 par une destruction nette d\u2019emploi pour la premi\u00e8re fois depuis la pand\u00e9mie, avec pr\u00e8s de 10 000 emplois d\u00e9truits.\u00a0<\/p>\n\n\n\n<figure class=\"wp-block-image\"><img decoding=\"async\" src=\"https:\/\/lh7-rt.googleusercontent.com\/docsz\/AD_4nXcgElDJFsWqxSI-_azqr6-VrCzEreqfamXlcf2ZSHZxz_af2xWYA1KA_h23lcAJbAotAcw93dJaADn-XvQajSKlwC39wCwy5jfr2c0MUEENFd-Igrfyw3pv1vsRciqbrDzFp9l-Ig?key=65ktKEm3NiAXiXpGd0hOMLvl\" alt=\"Diagramme lin\u00e9aire montrant l\u2019\u00e9volution des cr\u00e9ations nettes d\u2019emplois salari\u00e9s par trimestre entre 2017 et 2024. Source : Insee.\" \/><figcaption class=\"wp-element-caption\"><em>Diagramme lin\u00e9aire montrant l\u2019\u00e9volution des cr\u00e9ations nettes d\u2019emplois salari\u00e9s par trimestre entre 2017 et 2024. Source : Insee.<\/em><\/figcaption><\/figure>\n\n\n\n<p>La demande de travail des entreprises continue de s\u2019ajuster \u00e0 la baisse. Le volume global d\u2019offres d\u2019emploi sur Indeed s\u2019\u00e9rode en effet depuis le d\u00e9but de 2023. Au 28 f\u00e9vrier 2025, il recule de 6,8 points depuis le d\u00e9but de l\u2019ann\u00e9e (mais se situe toujours 27,7 % au-dessus de son niveau du 1er f\u00e9vrier 2020). Par rapport \u00e0 2020, le volume d\u2019offres en France est \u00e0 pr\u00e9sent comparable \u00e0 celui de l\u2019Allemagne. l\u2019Espagne et l\u2019Italie restent sur des niveaux robustes (plus de 50 % d\u2019offres en plus) et semblent avoir au moins momentan\u00e9ment enray\u00e9 la chute du volume d\u2019annonces. Enfin, il y a moins d\u2019offres d\u2019emploi sur le site britannique d\u2019Indeed qu\u2019avant la pand\u00e9mie (-16,1 %).&nbsp;<\/p>\n\n\n\n<figure class=\"wp-block-image\"><img decoding=\"async\" src=\"https:\/\/lh7-rt.googleusercontent.com\/docsz\/AD_4nXd2j_JnO1SdQj6lY1ICjI8UlVcNizw-H-1chTQCEegqekgZ32euQgiKFwLw4d6LTtc7r3CUrsn4hNuSRdFNsnpMRMFzNN4mnXQgDMhbYlHiSLoCwZctmMtqtL1PNMLBGQG5BjsIDQ?key=65ktKEm3NiAXiXpGd0hOMLvl\" alt=\"Diagramme lin\u00e9aire montrant l\u2019\u00e9volution du volume d\u2019offres entre le 1er f\u00e9vrier 2020 et le 28 f\u00e9vrier 2025 sur Indeed pour la France, l\u2019Allemagne, l\u2019Italie, l\u2019Espagne et le Royaume-Uni. Source : Indeed.\" \/><figcaption class=\"wp-element-caption\"><em>Diagramme lin\u00e9aire montrant l\u2019\u00e9volution du volume d\u2019offres entre le 1er f\u00e9vrier 2020 et le 28 f\u00e9vrier 2025 sur Indeed pour la France, l\u2019Allemagne, l\u2019Italie, l\u2019Espagne et le Royaume-Uni. Source : Indeed.<\/em><\/figcaption><\/figure>\n\n\n\n<h2 class=\"wp-block-heading\">Des disparit\u00e9s selon les m\u00e9tiers qui se sont accrues depuis la pand\u00e9mie<\/h2>\n\n\n\n<p>Cette \u00e9rosion du volume d\u2019annonces en moyenne ne doit pas occulter les p\u00e9nuries de recrutement s\u00e9v\u00e8res qui existent dans certains m\u00e9tiers, o\u00f9 les volumes se maintiennent sur des niveaux \u00e9lev\u00e9s. En r\u00e8gle g\u00e9n\u00e9rale, les offres qui ont du mal \u00e0 trouver preneur concernent les m\u00e9tiers peu r\u00e9mun\u00e9r\u00e9s, pas accessibles en t\u00e9l\u00e9travail et comprenant parfois une dimension de p\u00e9nibilit\u00e9. Dans les soins personnels et m\u00e9dicaux \u00e0 domicile, les soins infirmiers, la m\u00e9decine-chirurgie, les volumes d\u2019annonce sont de l\u2019ordre de trois fois ceux d\u2019avant la pand\u00e9mie. C\u2019est plus de deux fois dans la th\u00e9rapie et l\u2019accompagnement ou le nettoyage et l\u2019assainissement. \u00c0 l\u2019inverse, la demande de travail dans le d\u00e9veloppement informatique est tr\u00e8s en-de\u00e7\u00e0 de son niveau d\u2019avant crise. Dans les m\u00e9dias, la communication et le marketing ou le g\u00e9nie industriel, la demande de travail est en dessous de son niveau pr\u00e9-pand\u00e9mie. Sur les trois derniers mois, c\u2019est la demande dans la m\u00e9decine-chirurgie et l\u2019h\u00f4tellerie-tourisme qui a enregistr\u00e9 les plus fortes hausses. La demande a sensiblement frein\u00e9 dans le commerce de d\u00e9tail.&nbsp;<\/p>\n\n\n\n<figure class=\"wp-block-image\"><img decoding=\"async\" src=\"https:\/\/lh7-rt.googleusercontent.com\/docsz\/AD_4nXcSMFWhjGU-RYHEZdz7vyE-ZUS466jMoVNv9H1s1IiQdmp95q5fZ8Vfgyqm2MNa-Iunn3pY2-9Leaxe84IQKciGQP4C0ch-FLjtVffdPE3b3JC_QyFxMMXgL9FSLLJAVuR6oAU-9A?key=65ktKEm3NiAXiXpGd0hOMLvl\" alt=\"Tableaux illustrant l\u2019\u00e9volution du volume d\u2019annonces depuis le d\u00e9but de la pand\u00e9mie selon les m\u00e9tiers sur Indeed au 28 f\u00e9vrier 2025. Les tableaux \u00e0 gauche indiquent les m\u00e9tiers pour lesquels le volume d\u2019annonces augmente le plus, avec la variation sur trois mois, sur un an et par rapport au 1er f\u00e9vrier 2020. Les tableaux \u00e0 droite indiquent les m\u00e9tiers pour lesquels le volume d\u2019offres augmente le moins ou baisse. Source : Indeed.\" \/><figcaption class=\"wp-element-caption\"><em>Tableaux illustrant l\u2019\u00e9volution du volume d\u2019annonces depuis le d\u00e9but de la pand\u00e9mie selon les m\u00e9tiers sur Indeed au 28 f\u00e9vrier 2025. Les tableaux \u00e0 gauche indiquent les m\u00e9tiers pour lesquels le volume d\u2019annonces augmente le plus, avec la variation sur trois mois, sur un an et par rapport au 1er f\u00e9vrier 2020. Les tableaux \u00e0 droite indiquent les m\u00e9tiers pour lesquels le volume d\u2019offres augmente le moins ou baisse. Source : Indeed.<\/em><\/figcaption><\/figure>\n\n\n\n<p>Les salaires dans les offres continuent de d\u00e9c\u00e9l\u00e9rer, comme c\u2019est le cas depuis la mi-2023. En d\u00e9cembre 2024, la hausse sur un an atteignait 1,6 % (en moyenne mobile 3 mois). Cette dynamique devrait notamment inciter la Banque centrale europ\u00e9enne \u00e0 poursuivre ses baisses de taux cette ann\u00e9e.<\/p>\n\n\n\n<h2 class=\"wp-block-heading\">Une dynamique de d\u00e9but d\u2019ann\u00e9e qui confirme le changement de rapport de force<\/h2>\n\n\n\n<p>Enfin, le profil de la red\u00e9marrage du march\u00e9 du recrutement apr\u00e8s les f\u00eates de fin d\u2019ann\u00e9e refl\u00e8te la rar\u00e9faction des opportunit\u00e9s pour les candidats et les contraintes des entreprises. Comme l\u2019ann\u00e9e derni\u00e8re, le volume d\u2019offres peine en effet \u00e0 rebondir apr\u00e8s la chute saisonni\u00e8re de la seconde moiti\u00e9 du mois de d\u00e9cembre. Le contraste est marqu\u00e9 avec les ann\u00e9es 2021-2023.<\/p>\n\n\n\n<figure class=\"wp-block-image size-large\"><img decoding=\"async\" src=\"https:\/\/d341ezm4iqaae0.cloudfront.net\/hiringlaborg\/sites\/4\/2025\/03\/02182213\/Screenshot-2025-03-24-at-4.01.34%E2%80%AFPM-1024x774.png\" alt=\"Diagramme lin\u00e9aire montrant l\u2019\u00e9volution du volume des offres d\u2019emploi sur Indeed France sur la p\u00e9riode d\u00e9cembre-f\u00e9vrier pour les ann\u00e9es 2019 \u00e0 2025. L\u2019indice est fix\u00e9 \u00e0 100 sur la p\u00e9riode 1er-15 d\u00e9cembre et calcul\u00e9 en moyenne mobile 7 jours. Source : Indeed.\n\" class=\"wp-image-12740\" \/><figcaption class=\"wp-element-caption\"><em>Diagramme lin\u00e9aire montrant l\u2019\u00e9volution du volume des offres d\u2019emploi sur Indeed France sur la p\u00e9riode d\u00e9cembre-f\u00e9vrier pour les ann\u00e9es 2019 \u00e0 2025. L\u2019indice est fix\u00e9 \u00e0 100 sur la p\u00e9riode 1er-15 d\u00e9cembre et calcul\u00e9 en moyenne mobile 7 jours. Source : Indeed.<\/em><\/figcaption><\/figure>\n\n\n\n<p>L\u2019int\u00e9r\u00eat des candidats a en revanche \u00e9t\u00e9 au rendez-vous en d\u00e9but d\u2019ann\u00e9e. M\u00eame s\u2019il reste en retrait par rapport \u00e0 l\u2019ann\u00e9e pr\u00e9c\u00e9dente, il est plus \u00e9lev\u00e9 qu\u2019en 2021, 2022 ou 2023.<\/p>\n\n\n\n<figure class=\"wp-block-image size-large\"><img decoding=\"async\" src=\"https:\/\/d341ezm4iqaae0.cloudfront.net\/hiringlaborg\/sites\/4\/2025\/03\/02182212\/Screenshot-2025-03-24-at-4.03.28%E2%80%AFPM-1024x621.png\" alt=\"Diagramme lin\u00e9aire montrant l\u2019\u00e9volution du volume des recherches sur Indeed France sur la p\u00e9riode d\u00e9cembre-f\u00e9vrier pour les ann\u00e9es 2019 \u00e0 2025. L\u2019indice est fix\u00e9 \u00e0 100 sur la p\u00e9riode 1er-15 d\u00e9cembre et calcul\u00e9 en moyenne mobile 7 jours. Source : Indeed.\n\" class=\"wp-image-12741\" \/><figcaption class=\"wp-element-caption\"><em>Diagramme lin\u00e9aire montrant l\u2019\u00e9volution du volume des recherches sur Indeed France sur la p\u00e9riode d\u00e9cembre-f\u00e9vrier pour les ann\u00e9es 2019 \u00e0 2025. L\u2019indice est fix\u00e9 \u00e0 100 sur la p\u00e9riode 1er-15 d\u00e9cembre et calcul\u00e9 en moyenne mobile 7 jours. Source : Indeed.<\/em><\/figcaption><\/figure>\n\n\n\n<p>Le ralentissement du march\u00e9 du travail souligne l\u2019enjeu de long terme de parvenir \u00e0 relancer la croissance par l\u2019innovation pour cr\u00e9er des emplois de qualit\u00e9. Sans cela, la cr\u00e9ation d\u2019emplois et la progression des salaires resteront sous pression.<\/p>\n","protected":false},"excerpt":{"rendered":"<p>Le ralentissement \u00e9conomique atteint le march\u00e9 du travail.<\/p>\n","protected":false},"author":103,"featured_media":12742,"comment_status":"closed","ping_status":"closed","sticky":false,"template":"recruiter-hub-blocks.php","format":"standard","meta":{"_acf_changed":true,"footnotes":""},"categories":[1],"tags":[151],"post_mwm_category":[],"post_topic":[],"post_content_type":[],"post_duration":[],"post_actions":[],"post_franchise":[],"post_mwm_author":[189],"class_list":["post-12739","post","type-post","status-publish","format-standard","has-post-thumbnail","hentry","category-uncategorized","tag-multimedia","post_mwm_author-ajudes"],"acf":[],"yoast_head":"<!-- This site is optimized with the Yoast SEO plugin v27.2 - https:\/\/yoast.com\/product\/yoast-seo-wordpress\/ -->\n<title>March\u00e9 du travail en mars 2025 : ch\u00f4mage stable, mais recul du taux d\u2019activit\u00e9 sur fond de baisse de la demande de travail - Indeed Hiring Lab France<\/title>\n<meta name=\"description\" content=\"Le ralentissement \u00e9conomique atteint le march\u00e9 du travail.\" \/>\n<meta name=\"robots\" content=\"index, follow, max-snippet:-1, max-image-preview:large, max-video-preview:-1\" \/>\n<link rel=\"canonical\" href=\"https:\/\/www.hiringlab.org\/fr\/blog\/2025\/03\/24\/marche-du-travail-en-mars\/\" \/>\n<meta property=\"og:locale\" content=\"fr_FR\" \/>\n<meta property=\"og:type\" content=\"article\" \/>\n<meta property=\"og:title\" content=\"March\u00e9 du travail en mars 2025 : ch\u00f4mage stable, mais recul du taux d\u2019activit\u00e9 sur fond de baisse de la demande de travail - Indeed Hiring Lab France\" \/>\n<meta property=\"og:description\" content=\"Le ralentissement \u00e9conomique atteint le march\u00e9 du travail.\" \/>\n<meta property=\"og:url\" content=\"https:\/\/www.hiringlab.org\/fr\/blog\/2025\/03\/24\/marche-du-travail-en-mars\/\" \/>\n<meta property=\"og:site_name\" content=\"Indeed Hiring Lab France\" \/>\n<meta property=\"article:published_time\" content=\"2025-03-24T21:21:40+00:00\" \/>\n<meta property=\"article:modified_time\" content=\"2025-05-27T21:30:38+00:00\" \/>\n<meta property=\"og:image\" content=\"https:\/\/www.hiringlab.org\/fr\/wp-content\/uploads\/sites\/4\/2025\/03\/Finance-financial-advisor-during-a-meeting-with-clients-1460296917-2-1-scaled.jpg\" \/>\n\t<meta property=\"og:image:width\" content=\"2560\" \/>\n\t<meta property=\"og:image:height\" content=\"1707\" \/>\n\t<meta property=\"og:image:type\" content=\"image\/jpeg\" \/>\n<meta name=\"author\" content=\"Alexandre Judes\" \/>\n<meta name=\"twitter:card\" content=\"summary_large_image\" \/>\n<script type=\"application\/ld+json\" class=\"yoast-schema-graph\">{\"@context\":\"https:\/\/schema.org\",\"@graph\":[{\"@type\":\"Article\",\"@id\":\"https:\/\/www.hiringlab.org\/fr\/blog\/2025\/03\/24\/marche-du-travail-en-mars\/#article\",\"isPartOf\":{\"@id\":\"https:\/\/www.hiringlab.org\/fr\/blog\/2025\/03\/24\/marche-du-travail-en-mars\/\"},\"author\":{\"name\":\"ltheissen\",\"@id\":\"https:\/\/www.hiringlab.org\/fr\/#\/schema\/person\/4b5c7a64267b1cb495fb45e90277f353\"},\"headline\":\"March\u00e9 du travail en mars 2025 : ch\u00f4mage stable, mais recul du taux d\u2019activit\u00e9 sur fond de baisse de la demande de travail\",\"datePublished\":\"2025-03-24T21:21:40+00:00\",\"dateModified\":\"2025-05-27T21:30:38+00:00\",\"mainEntityOfPage\":{\"@id\":\"https:\/\/www.hiringlab.org\/fr\/blog\/2025\/03\/24\/marche-du-travail-en-mars\/\"},\"wordCount\":1060,\"image\":{\"@id\":\"https:\/\/www.hiringlab.org\/fr\/blog\/2025\/03\/24\/marche-du-travail-en-mars\/#primaryimage\"},\"thumbnailUrl\":\"https:\/\/d341ezm4iqaae0.cloudfront.net\/hiringlaborg\/sites\/4\/2025\/03\/02182211\/Finance-financial-advisor-during-a-meeting-with-clients-1460296917-2-1-scaled.jpg\",\"keywords\":[\"Multimedia\"],\"articleSection\":[\"Uncategorized\"],\"inLanguage\":\"fr-FR\"},{\"@type\":\"WebPage\",\"@id\":\"https:\/\/www.hiringlab.org\/fr\/blog\/2025\/03\/24\/marche-du-travail-en-mars\/\",\"url\":\"https:\/\/www.hiringlab.org\/fr\/blog\/2025\/03\/24\/marche-du-travail-en-mars\/\",\"name\":\"March\u00e9 du travail en mars 2025 : ch\u00f4mage stable, mais recul du taux d\u2019activit\u00e9 sur fond de baisse de la demande de travail - Indeed Hiring Lab France\",\"isPartOf\":{\"@id\":\"https:\/\/www.hiringlab.org\/fr\/#website\"},\"primaryImageOfPage\":{\"@id\":\"https:\/\/www.hiringlab.org\/fr\/blog\/2025\/03\/24\/marche-du-travail-en-mars\/#primaryimage\"},\"image\":{\"@id\":\"https:\/\/www.hiringlab.org\/fr\/blog\/2025\/03\/24\/marche-du-travail-en-mars\/#primaryimage\"},\"thumbnailUrl\":\"https:\/\/d341ezm4iqaae0.cloudfront.net\/hiringlaborg\/sites\/4\/2025\/03\/02182211\/Finance-financial-advisor-during-a-meeting-with-clients-1460296917-2-1-scaled.jpg\",\"datePublished\":\"2025-03-24T21:21:40+00:00\",\"dateModified\":\"2025-05-27T21:30:38+00:00\",\"author\":{\"@id\":\"https:\/\/www.hiringlab.org\/fr\/#\/schema\/person\/4b5c7a64267b1cb495fb45e90277f353\"},\"description\":\"Le ralentissement \u00e9conomique atteint le march\u00e9 du travail.\",\"breadcrumb\":{\"@id\":\"https:\/\/www.hiringlab.org\/fr\/blog\/2025\/03\/24\/marche-du-travail-en-mars\/#breadcrumb\"},\"inLanguage\":\"fr-FR\",\"potentialAction\":[{\"@type\":\"ReadAction\",\"target\":[\"https:\/\/www.hiringlab.org\/fr\/blog\/2025\/03\/24\/marche-du-travail-en-mars\/\"]}]},{\"@type\":\"ImageObject\",\"inLanguage\":\"fr-FR\",\"@id\":\"https:\/\/www.hiringlab.org\/fr\/blog\/2025\/03\/24\/marche-du-travail-en-mars\/#primaryimage\",\"url\":\"https:\/\/d341ezm4iqaae0.cloudfront.net\/hiringlaborg\/sites\/4\/2025\/03\/02182211\/Finance-financial-advisor-during-a-meeting-with-clients-1460296917-2-1-scaled.jpg\",\"contentUrl\":\"https:\/\/d341ezm4iqaae0.cloudfront.net\/hiringlaborg\/sites\/4\/2025\/03\/02182211\/Finance-financial-advisor-during-a-meeting-with-clients-1460296917-2-1-scaled.jpg\",\"width\":2560,\"height\":1707,\"caption\":\"Conseiller rencontrant des clients au bureau\"},{\"@type\":\"BreadcrumbList\",\"@id\":\"https:\/\/www.hiringlab.org\/fr\/blog\/2025\/03\/24\/marche-du-travail-en-mars\/#breadcrumb\",\"itemListElement\":[{\"@type\":\"ListItem\",\"position\":1,\"name\":\"Home\",\"item\":\"https:\/\/www.hiringlab.org\/fr\/\"},{\"@type\":\"ListItem\",\"position\":2,\"name\":\"March\u00e9 du travail en mars 2025 : ch\u00f4mage stable, mais recul du taux d\u2019activit\u00e9 sur fond de baisse de la demande de travail\"}]},{\"@type\":\"WebSite\",\"@id\":\"https:\/\/www.hiringlab.org\/fr\/#website\",\"url\":\"https:\/\/www.hiringlab.org\/fr\/\",\"name\":\"Indeed Hiring Lab France\",\"description\":\"Just another Wordpress Admins Site Sites site\",\"potentialAction\":[{\"@type\":\"SearchAction\",\"target\":{\"@type\":\"EntryPoint\",\"urlTemplate\":\"https:\/\/www.hiringlab.org\/fr\/?s={search_term_string}\"},\"query-input\":{\"@type\":\"PropertyValueSpecification\",\"valueRequired\":true,\"valueName\":\"search_term_string\"}}],\"inLanguage\":\"fr-FR\"},{\"@type\":\"Person\",\"@id\":\"https:\/\/www.hiringlab.org\/fr\/#\/schema\/person\/4b5c7a64267b1cb495fb45e90277f353\",\"name\":\"ltheissen\",\"image\":{\"@type\":\"ImageObject\",\"inLanguage\":\"fr-FR\",\"@id\":\"https:\/\/secure.gravatar.com\/avatar\/6367a954a4c7eb916945e225eca8caf2ceb055d42150b6a655ede10de2750ac2?s=96&d=mm&r=g\",\"url\":\"https:\/\/secure.gravatar.com\/avatar\/6367a954a4c7eb916945e225eca8caf2ceb055d42150b6a655ede10de2750ac2?s=96&d=mm&r=g\",\"contentUrl\":\"https:\/\/secure.gravatar.com\/avatar\/6367a954a4c7eb916945e225eca8caf2ceb055d42150b6a655ede10de2750ac2?s=96&d=mm&r=g\",\"caption\":\"ltheissen\"},\"url\":\"https:\/\/www.hiringlab.org\/fr\/blog\/author\/ltheissen\/\"}]}<\/script>\n<!-- \/ Yoast SEO plugin. -->","yoast_head_json":{"title":"March\u00e9 du travail en mars 2025 : ch\u00f4mage stable, mais recul du taux d\u2019activit\u00e9 sur fond de baisse de la demande de travail - Indeed Hiring Lab France","description":"Le ralentissement \u00e9conomique atteint le march\u00e9 du travail.","robots":{"index":"index","follow":"follow","max-snippet":"max-snippet:-1","max-image-preview":"max-image-preview:large","max-video-preview":"max-video-preview:-1"},"canonical":"https:\/\/www.hiringlab.org\/fr\/blog\/2025\/03\/24\/marche-du-travail-en-mars\/","og_locale":"fr_FR","og_type":"article","og_title":"March\u00e9 du travail en mars 2025 : ch\u00f4mage stable, mais recul du taux d\u2019activit\u00e9 sur fond de baisse de la demande de travail - Indeed Hiring Lab France","og_description":"Le ralentissement \u00e9conomique atteint le march\u00e9 du travail.","og_url":"https:\/\/www.hiringlab.org\/fr\/blog\/2025\/03\/24\/marche-du-travail-en-mars\/","og_site_name":"Indeed Hiring Lab France","article_published_time":"2025-03-24T21:21:40+00:00","article_modified_time":"2025-05-27T21:30:38+00:00","og_image":[{"width":2560,"height":1707,"url":"https:\/\/www.hiringlab.org\/fr\/wp-content\/uploads\/sites\/4\/2025\/03\/Finance-financial-advisor-during-a-meeting-with-clients-1460296917-2-1-scaled.jpg","type":"image\/jpeg"}],"author":"Alexandre Judes","twitter_card":"summary_large_image","schema":{"@context":"https:\/\/schema.org","@graph":[{"@type":"Article","@id":"https:\/\/www.hiringlab.org\/fr\/blog\/2025\/03\/24\/marche-du-travail-en-mars\/#article","isPartOf":{"@id":"https:\/\/www.hiringlab.org\/fr\/blog\/2025\/03\/24\/marche-du-travail-en-mars\/"},"author":{"name":"ltheissen","@id":"https:\/\/www.hiringlab.org\/fr\/#\/schema\/person\/4b5c7a64267b1cb495fb45e90277f353"},"headline":"March\u00e9 du travail en mars 2025 : ch\u00f4mage stable, mais recul du taux d\u2019activit\u00e9 sur fond de baisse de la demande de travail","datePublished":"2025-03-24T21:21:40+00:00","dateModified":"2025-05-27T21:30:38+00:00","mainEntityOfPage":{"@id":"https:\/\/www.hiringlab.org\/fr\/blog\/2025\/03\/24\/marche-du-travail-en-mars\/"},"wordCount":1060,"image":{"@id":"https:\/\/www.hiringlab.org\/fr\/blog\/2025\/03\/24\/marche-du-travail-en-mars\/#primaryimage"},"thumbnailUrl":"https:\/\/d341ezm4iqaae0.cloudfront.net\/hiringlaborg\/sites\/4\/2025\/03\/02182211\/Finance-financial-advisor-during-a-meeting-with-clients-1460296917-2-1-scaled.jpg","keywords":["Multimedia"],"articleSection":["Uncategorized"],"inLanguage":"fr-FR"},{"@type":"WebPage","@id":"https:\/\/www.hiringlab.org\/fr\/blog\/2025\/03\/24\/marche-du-travail-en-mars\/","url":"https:\/\/www.hiringlab.org\/fr\/blog\/2025\/03\/24\/marche-du-travail-en-mars\/","name":"March\u00e9 du travail en mars 2025 : ch\u00f4mage stable, mais recul du taux d\u2019activit\u00e9 sur fond de baisse de la demande de travail - Indeed Hiring Lab France","isPartOf":{"@id":"https:\/\/www.hiringlab.org\/fr\/#website"},"primaryImageOfPage":{"@id":"https:\/\/www.hiringlab.org\/fr\/blog\/2025\/03\/24\/marche-du-travail-en-mars\/#primaryimage"},"image":{"@id":"https:\/\/www.hiringlab.org\/fr\/blog\/2025\/03\/24\/marche-du-travail-en-mars\/#primaryimage"},"thumbnailUrl":"https:\/\/d341ezm4iqaae0.cloudfront.net\/hiringlaborg\/sites\/4\/2025\/03\/02182211\/Finance-financial-advisor-during-a-meeting-with-clients-1460296917-2-1-scaled.jpg","datePublished":"2025-03-24T21:21:40+00:00","dateModified":"2025-05-27T21:30:38+00:00","author":{"@id":"https:\/\/www.hiringlab.org\/fr\/#\/schema\/person\/4b5c7a64267b1cb495fb45e90277f353"},"description":"Le ralentissement \u00e9conomique atteint le march\u00e9 du travail.","breadcrumb":{"@id":"https:\/\/www.hiringlab.org\/fr\/blog\/2025\/03\/24\/marche-du-travail-en-mars\/#breadcrumb"},"inLanguage":"fr-FR","potentialAction":[{"@type":"ReadAction","target":["https:\/\/www.hiringlab.org\/fr\/blog\/2025\/03\/24\/marche-du-travail-en-mars\/"]}]},{"@type":"ImageObject","inLanguage":"fr-FR","@id":"https:\/\/www.hiringlab.org\/fr\/blog\/2025\/03\/24\/marche-du-travail-en-mars\/#primaryimage","url":"https:\/\/d341ezm4iqaae0.cloudfront.net\/hiringlaborg\/sites\/4\/2025\/03\/02182211\/Finance-financial-advisor-during-a-meeting-with-clients-1460296917-2-1-scaled.jpg","contentUrl":"https:\/\/d341ezm4iqaae0.cloudfront.net\/hiringlaborg\/sites\/4\/2025\/03\/02182211\/Finance-financial-advisor-during-a-meeting-with-clients-1460296917-2-1-scaled.jpg","width":2560,"height":1707,"caption":"Conseiller rencontrant des clients au bureau"},{"@type":"BreadcrumbList","@id":"https:\/\/www.hiringlab.org\/fr\/blog\/2025\/03\/24\/marche-du-travail-en-mars\/#breadcrumb","itemListElement":[{"@type":"ListItem","position":1,"name":"Home","item":"https:\/\/www.hiringlab.org\/fr\/"},{"@type":"ListItem","position":2,"name":"March\u00e9 du travail en mars 2025 : ch\u00f4mage stable, mais recul du taux d\u2019activit\u00e9 sur fond de baisse de la demande de travail"}]},{"@type":"WebSite","@id":"https:\/\/www.hiringlab.org\/fr\/#website","url":"https:\/\/www.hiringlab.org\/fr\/","name":"Indeed Hiring Lab France","description":"Just another Wordpress Admins Site Sites site","potentialAction":[{"@type":"SearchAction","target":{"@type":"EntryPoint","urlTemplate":"https:\/\/www.hiringlab.org\/fr\/?s={search_term_string}"},"query-input":{"@type":"PropertyValueSpecification","valueRequired":true,"valueName":"search_term_string"}}],"inLanguage":"fr-FR"},{"@type":"Person","@id":"https:\/\/www.hiringlab.org\/fr\/#\/schema\/person\/4b5c7a64267b1cb495fb45e90277f353","name":"ltheissen","image":{"@type":"ImageObject","inLanguage":"fr-FR","@id":"https:\/\/secure.gravatar.com\/avatar\/6367a954a4c7eb916945e225eca8caf2ceb055d42150b6a655ede10de2750ac2?s=96&d=mm&r=g","url":"https:\/\/secure.gravatar.com\/avatar\/6367a954a4c7eb916945e225eca8caf2ceb055d42150b6a655ede10de2750ac2?s=96&d=mm&r=g","contentUrl":"https:\/\/secure.gravatar.com\/avatar\/6367a954a4c7eb916945e225eca8caf2ceb055d42150b6a655ede10de2750ac2?s=96&d=mm&r=g","caption":"ltheissen"},"url":"https:\/\/www.hiringlab.org\/fr\/blog\/author\/ltheissen\/"}]}},"_links":{"self":[{"href":"https:\/\/www.hiringlab.org\/fr\/wp-json\/wp\/v2\/posts\/12739","targetHints":{"allow":["GET"]}}],"collection":[{"href":"https:\/\/www.hiringlab.org\/fr\/wp-json\/wp\/v2\/posts"}],"about":[{"href":"https:\/\/www.hiringlab.org\/fr\/wp-json\/wp\/v2\/types\/post"}],"author":[{"embeddable":true,"href":"https:\/\/www.hiringlab.org\/fr\/wp-json\/wp\/v2\/users\/103"}],"replies":[{"embeddable":true,"href":"https:\/\/www.hiringlab.org\/fr\/wp-json\/wp\/v2\/comments?post=12739"}],"version-history":[{"count":0,"href":"https:\/\/www.hiringlab.org\/fr\/wp-json\/wp\/v2\/posts\/12739\/revisions"}],"wp:featuredmedia":[{"embeddable":true,"href":"https:\/\/www.hiringlab.org\/fr\/wp-json\/wp\/v2\/media\/12742"}],"wp:attachment":[{"href":"https:\/\/www.hiringlab.org\/fr\/wp-json\/wp\/v2\/media?parent=12739"}],"wp:term":[{"taxonomy":"category","embeddable":true,"href":"https:\/\/www.hiringlab.org\/fr\/wp-json\/wp\/v2\/categories?post=12739"},{"taxonomy":"post_tag","embeddable":true,"href":"https:\/\/www.hiringlab.org\/fr\/wp-json\/wp\/v2\/tags?post=12739"},{"taxonomy":"post_mwm_category","embeddable":true,"href":"https:\/\/www.hiringlab.org\/fr\/wp-json\/wp\/v2\/post_mwm_category?post=12739"},{"taxonomy":"post_topic","embeddable":true,"href":"https:\/\/www.hiringlab.org\/fr\/wp-json\/wp\/v2\/post_topic?post=12739"},{"taxonomy":"post_content_type","embeddable":true,"href":"https:\/\/www.hiringlab.org\/fr\/wp-json\/wp\/v2\/post_content_type?post=12739"},{"taxonomy":"post_duration","embeddable":true,"href":"https:\/\/www.hiringlab.org\/fr\/wp-json\/wp\/v2\/post_duration?post=12739"},{"taxonomy":"post_actions","embeddable":true,"href":"https:\/\/www.hiringlab.org\/fr\/wp-json\/wp\/v2\/post_actions?post=12739"},{"taxonomy":"post_franchise","embeddable":true,"href":"https:\/\/www.hiringlab.org\/fr\/wp-json\/wp\/v2\/post_franchise?post=12739"},{"taxonomy":"post_mwm_author","embeddable":true,"href":"https:\/\/www.hiringlab.org\/fr\/wp-json\/wp\/v2\/post_mwm_author?post=12739"}],"curies":[{"name":"wp","href":"https:\/\/api.w.org\/{rel}","templated":true}]}}