{"id":12672,"date":"2024-04-01T15:56:20","date_gmt":"2024-04-01T13:56:20","guid":{"rendered":"https:\/\/www.hiringlab.org\/fr\/?p=12672"},"modified":"2024-06-06T19:31:05","modified_gmt":"2024-06-06T17:31:05","slug":"emploi-des-jeunes-lapprentissage-resiste-a-lincertitude-economique","status":"publish","type":"post","link":"https:\/\/www.hiringlab.org\/fr\/blog\/2024\/04\/01\/emploi-des-jeunes-lapprentissage-resiste-a-lincertitude-economique\/","title":{"rendered":"Emploi des jeunes : l\u2019apprentissage r\u00e9siste \u00e0 l\u2019incertitude \u00e9conomique"},"content":{"rendered":"\n<p><strong>Principaux enseignements :&nbsp;<\/strong><\/p>\n\n\n\n<ul class=\"wp-block-list\">\n<li>L&rsquo;ann\u00e9e 2024 devrait encore une fois se traduire par une large place faite \u00e0 l\u2019apprentissage dans les annonces sur Indeed. L\u2019ann\u00e9e derni\u00e8re, 5 % des offres \u00e9taient en apprentissage pendant l\u2019\u00e9t\u00e9.<\/li>\n\n\n\n<li>Les ressources humaines et la vente dominent les annonces d&rsquo;apprentissage, constituant 32 % du total, tandis que les m\u00e9dias, la communication et le marketing ont connu une forte progression depuis 2020.<\/li>\n\n\n\n<li>L&rsquo;int\u00e9r\u00eat des candidats pour l&rsquo;apprentissage se maintient sur ses plus hauts niveaux depuis 5 ans : avec des recherches repr\u00e9sentant plus de 2 % du total sur Indeed en f\u00e9vrier 2024, l\u2019apprentissage reste un moyen populaire aupr\u00e8s des jeunes pour s\u2019ins\u00e9rer dans l&#8217;emploi et d\u00e9velopper des comp\u00e9tences.<\/li>\n<\/ul>\n\n\n\n<p>L\u2019apprentissage a connu un essor tr\u00e8s important dans le sillage de la pand\u00e9mie. Il a \u00e9t\u00e9 au c\u0153ur des dispositifs de soutien \u00e0 l\u2019emploi des jeunes. Les apprentis offrent en outre aux employeurs une main-d&rsquo;\u0153uvre peu co\u00fbteuse, n\u00e9cessitant une formation initiale, mais pouvant contribuer \u00e0 l&rsquo;entreprise sur le long terme. Pour les jeunes, elle est une voie privil\u00e9gi\u00e9e vers l&rsquo;acquisition de comp\u00e9tences pratiques dans des secteurs en p\u00e9nurie de main-d\u2019\u0153uvre, dans un contexte o\u00f9 les perspectives d&#8217;emploi peuvent sembler incertaines.&nbsp;<\/p>\n\n\n\n<figure class=\"wp-block-image\"><img loading=\"lazy\" decoding=\"async\" width=\"1600\" height=\"989\" src=\"https:\/\/d341ezm4iqaae0.cloudfront.net\/hiringlaborg\/sites\/4\/2024\/04\/02182229\/image-2.png\" alt=\"Diagramme lin\u00e9aire repr\u00e9sentant la part de l\u2019apprentissage dans les offres par mois sur Indeed (en moyenne mobile 3 mois) pour les ann\u00e9es 2020 \u00e0 2024.\" class=\"wp-image-12676\" srcset=\"https:\/\/d341ezm4iqaae0.cloudfront.net\/hiringlaborg\/sites\/4\/2024\/04\/02182229\/image-2.png 1600w, https:\/\/d341ezm4iqaae0.cloudfront.net\/hiringlaborg\/sites\/4\/2024\/04\/02182229\/image-2-300x185.png 300w, https:\/\/d341ezm4iqaae0.cloudfront.net\/hiringlaborg\/sites\/4\/2024\/04\/02182229\/image-2-1024x633.png 1024w, https:\/\/d341ezm4iqaae0.cloudfront.net\/hiringlaborg\/sites\/4\/2024\/04\/02182229\/image-2-768x475.png 768w, https:\/\/d341ezm4iqaae0.cloudfront.net\/hiringlaborg\/sites\/4\/2024\/04\/02182229\/image-2-1536x949.png 1536w\" sizes=\"auto, (max-width: 1600px) 100vw, 1600px\" \/><figcaption class=\"wp-element-caption\"><em>Diagramme lin\u00e9aire repr\u00e9sentant la part de l\u2019apprentissage dans les offres par mois sur Indeed (en moyenne mobile 3 mois) pour les ann\u00e9es 2020 \u00e0 2024.<\/em><\/figcaption><\/figure>\n\n\n\n<p>Les ann\u00e9es 2022 et 2023 ont vu le poids de l\u2019apprentissage dans les annonces sur Indeed atteindre pr\u00e8s de 5 % en juillet, pr\u00e8s de deux fois plus qu\u2019en 2020. Les premiers chiffres de 2024 laissent penser que cette ann\u00e9e sera comparable aux deux pr\u00e9c\u00e9dentes. Le poids de l\u2019apprentissage sur le mois de f\u00e9vrier est&nbsp; l\u00e9g\u00e8rement sup\u00e9rieur \u00e0 celui de 2023. La volum\u00e9trie des offres d\u2019apprentissage reste soumise \u00e0 une forte saisonnalit\u00e9, puisque la part de l\u2019apprentissage retombe sensiblement sur la p\u00e9riode d\u00e9cembre-f\u00e9vrier.<\/p>\n\n\n\n<p>Les ressources humaines et la vente-prospection commerciale (hors commerce de d\u00e9tail) repr\u00e9sentent 32 % de l\u2019ensemble des annonces d\u2019apprentissage, suivies par la comptabilit\u00e9 et le management (deux autres cat\u00e9gories de m\u00e9tiers de \u00ab cols blancs \u00bb). Depuis 2020, l\u2019essor de l\u2019apprentissage dans les offres a \u00e9t\u00e9 particuli\u00e8rement notable dans les ressources humaines, les m\u00e9dias et la communication, la vente-prospection commerciale, les services juridiques et le marketing. Dans la vente-prospection et les RH, la proportion d\u2019annonces d\u2019apprentissage a ainsi \u00e9t\u00e9 multipli\u00e9e par pr\u00e8s de 7 et 8 respectivement. Les p\u00e9nuries de main-d\u2019\u0153uvre dans certains m\u00e9tiers ainsi que le faible co\u00fbt d\u2019un apprenti figurent probablement au premier rang des explications possibles.<\/p>\n\n\n\n<figure class=\"wp-block-image\"><img loading=\"lazy\" decoding=\"async\" width=\"1600\" height=\"849\" src=\"https:\/\/d341ezm4iqaae0.cloudfront.net\/hiringlaborg\/sites\/4\/2024\/04\/02182228\/image-3.png\" alt=\"Tableau repr\u00e9sentant les 5 premi\u00e8res familles de m\u00e9tiers pour l\u2019apprentissage dans les annonces sur Indeed en mars 2024, avec leur poids dans le total des offres en apprentissage (en %).\" class=\"wp-image-12677\" srcset=\"https:\/\/d341ezm4iqaae0.cloudfront.net\/hiringlaborg\/sites\/4\/2024\/04\/02182228\/image-3.png 1600w, https:\/\/d341ezm4iqaae0.cloudfront.net\/hiringlaborg\/sites\/4\/2024\/04\/02182228\/image-3-300x159.png 300w, https:\/\/d341ezm4iqaae0.cloudfront.net\/hiringlaborg\/sites\/4\/2024\/04\/02182228\/image-3-1024x543.png 1024w, https:\/\/d341ezm4iqaae0.cloudfront.net\/hiringlaborg\/sites\/4\/2024\/04\/02182228\/image-3-768x408.png 768w, https:\/\/d341ezm4iqaae0.cloudfront.net\/hiringlaborg\/sites\/4\/2024\/04\/02182228\/image-3-1536x815.png 1536w\" sizes=\"auto, (max-width: 1600px) 100vw, 1600px\" \/><figcaption class=\"wp-element-caption\"><em>Tableau repr\u00e9sentant les 5 premi\u00e8res familles de m\u00e9tiers pour l\u2019apprentissage dans les annonces sur Indeed en mars 2024, avec leur poids dans le total des offres en apprentissage (en %).<\/em><\/figcaption><\/figure>\n\n\n\n<figure class=\"wp-block-image\"><img loading=\"lazy\" decoding=\"async\" width=\"1600\" height=\"738\" src=\"https:\/\/d341ezm4iqaae0.cloudfront.net\/hiringlaborg\/sites\/4\/2024\/04\/02182231\/image.png\" alt=\"Tableau repr\u00e9sentant les 5 premi\u00e8res familles de m\u00e9tiers qui ont le plus augment\u00e9 leur part d\u2019apprentissage dans les annonces sur Indeed en mars 2024, avec le poids de l\u2019apprentissage dans le total des offres de la cat\u00e9gorie en f\u00e9vrier 2020 et f\u00e9vrier 2024 (en %), ainsi que la variation entre les deux pourcentages.\" class=\"wp-image-12674\" srcset=\"https:\/\/d341ezm4iqaae0.cloudfront.net\/hiringlaborg\/sites\/4\/2024\/04\/02182231\/image.png 1600w, https:\/\/d341ezm4iqaae0.cloudfront.net\/hiringlaborg\/sites\/4\/2024\/04\/02182231\/image-300x138.png 300w, https:\/\/d341ezm4iqaae0.cloudfront.net\/hiringlaborg\/sites\/4\/2024\/04\/02182231\/image-1024x472.png 1024w, https:\/\/d341ezm4iqaae0.cloudfront.net\/hiringlaborg\/sites\/4\/2024\/04\/02182231\/image-768x354.png 768w, https:\/\/d341ezm4iqaae0.cloudfront.net\/hiringlaborg\/sites\/4\/2024\/04\/02182231\/image-1536x708.png 1536w\" sizes=\"auto, (max-width: 1600px) 100vw, 1600px\" \/><figcaption class=\"wp-element-caption\"><em>Tableau repr\u00e9sentant les 5 premi\u00e8res familles de m\u00e9tiers qui ont le plus augment\u00e9 leur part d\u2019apprentissage dans les annonces sur Indeed en mars 2024, avec le poids de l\u2019apprentissage dans le total des offres de la cat\u00e9gorie en f\u00e9vrier 2020 et f\u00e9vrier 2024 (en %), ainsi que la variation entre les deux pourcentages.<\/em><\/figcaption><\/figure>\n\n\n\n<p>L\u2019int\u00e9r\u00eat des candidats est, d\u00e9but 2024, encore plus grand que les ann\u00e9es pr\u00e9c\u00e9dentes. Les recherches pour l&rsquo;apprentissage ou l\u2019alternance ont repr\u00e9sent\u00e9 pr\u00e8s de 2,1 % de l\u2019ensemble des recherches sur Indeed en f\u00e9vrier, contre 1,9 % un an auparavant.&nbsp;<\/p>\n\n\n\n<figure class=\"wp-block-image\"><img loading=\"lazy\" decoding=\"async\" width=\"1600\" height=\"989\" src=\"https:\/\/d341ezm4iqaae0.cloudfront.net\/hiringlaborg\/sites\/4\/2024\/04\/02182230\/image-1.png\" alt=\"Diagramme lin\u00e9aire repr\u00e9sentant la part de l\u2019apprentissage dans les recherches sur Indeed (en moyenne mobile 3 mois) pour les ann\u00e9es 2020 \u00e0 2024.\" class=\"wp-image-12675\" srcset=\"https:\/\/d341ezm4iqaae0.cloudfront.net\/hiringlaborg\/sites\/4\/2024\/04\/02182230\/image-1.png 1600w, https:\/\/d341ezm4iqaae0.cloudfront.net\/hiringlaborg\/sites\/4\/2024\/04\/02182230\/image-1-300x185.png 300w, https:\/\/d341ezm4iqaae0.cloudfront.net\/hiringlaborg\/sites\/4\/2024\/04\/02182230\/image-1-1024x633.png 1024w, https:\/\/d341ezm4iqaae0.cloudfront.net\/hiringlaborg\/sites\/4\/2024\/04\/02182230\/image-1-768x475.png 768w, https:\/\/d341ezm4iqaae0.cloudfront.net\/hiringlaborg\/sites\/4\/2024\/04\/02182230\/image-1-1536x949.png 1536w\" sizes=\"auto, (max-width: 1600px) 100vw, 1600px\" \/><figcaption class=\"wp-element-caption\"><em>Diagramme lin\u00e9aire repr\u00e9sentant la part de l\u2019apprentissage dans les recherches sur Indeed (en moyenne mobile 3 mois) pour les ann\u00e9es 2020 \u00e0 2024.<\/em><\/figcaption><\/figure>\n\n\n\n<p>La <a href=\"https:\/\/www.info-socialrh.fr\/formation\/apprentissage\/laide-unique-a-lembauche-dapprentis-maintenue-en-2024-849911.php\" target=\"_blank\" rel=\"noreferrer noopener\">prolongation des mesures incitatives<\/a> du gouvernement en faveur de l\u2019apprentissage (6 000 \u20ac d\u2019aide pour financer le recrutement d\u2019un alternant entre le 1er janvier 2023 et le 31 d\u00e9cembre 2024) aura probablement contribu\u00e9 \u00e0 la bonne tenue des projets d\u2019apprentissage, qui constituent un pari sur l\u2019avenir par l\u2019investissement dans les comp\u00e9tences des jeunes. L\u2019apprentissage pourrait ainsi contribuer, \u00e0 terme, \u00e0 <a href=\"https:\/\/www.hiringlab.org\/fr\/blog\/2023\/12\/11\/perspectives-2024-sur-le-marche-du-travail\/\" target=\"_blank\" rel=\"noreferrer noopener\">rattraper la productivit\u00e9 perdue depuis la pand\u00e9mie<\/a>.<\/p>\n\n\n\n<p><strong>M\u00e9thodologie<\/strong><\/p>\n\n\n\n<p>Les donn\u00e9es concernant les offres d\u2019emploi dans l\u2019apprentissage sont rapport\u00e9es au total des offres et exprim\u00e9es en pourcentage.&nbsp;<\/p>\n\n\n\n<p>Les donn\u00e9es concernant les recherches sont rapport\u00e9es \u00e0 l\u2019ensemble des recherches effectu\u00e9es sur Indeed, et exprim\u00e9es en pourcentage.<\/p>\n","protected":false},"excerpt":{"rendered":"<p>Pour les recruteurs, les avantages des contrats d\u2019apprentissage semblent l\u2019emporter sur les incertitudes \u00e9conomiques, tandis que l\u2019int\u00e9r\u00eat des jeunes actifs ne se d\u00e9ment pas.<\/p>\n","protected":false},"author":103,"featured_media":12673,"comment_status":"closed","ping_status":"closed","sticky":false,"template":"recruiter-hub-blocks.php","format":"standard","meta":{"_acf_changed":true,"footnotes":""},"categories":[1],"tags":[149],"post_mwm_category":[],"post_topic":[],"post_content_type":[],"post_duration":[],"post_actions":[],"post_franchise":[],"post_mwm_author":[189],"class_list":["post-12672","post","type-post","status-publish","format-standard","has-post-thumbnail","hentry","category-uncategorized","tag-featured","post_mwm_author-ajudes"],"acf":[],"yoast_head":"<!-- This site is optimized with the Yoast SEO plugin v27.2 - https:\/\/yoast.com\/product\/yoast-seo-wordpress\/ -->\n<title>Emploi des jeunes : l\u2019apprentissage r\u00e9siste \u00e0 l\u2019incertitude \u00e9conomique - Indeed Hiring Lab France<\/title>\n<meta name=\"description\" content=\"Pour les recruteurs, les avantages des contrats d\u2019apprentissage semblent l\u2019emporter sur les incertitudes \u00e9conomiques, tandis que l\u2019int\u00e9r\u00eat des jeunes actifs ne se d\u00e9ment pas.\" \/>\n<meta name=\"robots\" content=\"index, follow, max-snippet:-1, max-image-preview:large, max-video-preview:-1\" \/>\n<link rel=\"canonical\" href=\"https:\/\/www.hiringlab.org\/fr\/blog\/2024\/04\/01\/emploi-des-jeunes-lapprentissage-resiste-a-lincertitude-economique\/\" \/>\n<meta property=\"og:locale\" content=\"fr_FR\" \/>\n<meta property=\"og:type\" content=\"article\" \/>\n<meta property=\"og:title\" content=\"Emploi des jeunes : l\u2019apprentissage r\u00e9siste \u00e0 l\u2019incertitude \u00e9conomique - Indeed Hiring Lab France\" \/>\n<meta property=\"og:description\" content=\"Pour les recruteurs, les avantages des contrats d\u2019apprentissage semblent l\u2019emporter sur les incertitudes \u00e9conomiques, tandis que l\u2019int\u00e9r\u00eat des jeunes actifs ne se d\u00e9ment pas.\" \/>\n<meta property=\"og:url\" content=\"https:\/\/www.hiringlab.org\/fr\/blog\/2024\/04\/01\/emploi-des-jeunes-lapprentissage-resiste-a-lincertitude-economique\/\" \/>\n<meta property=\"og:site_name\" content=\"Indeed Hiring Lab France\" \/>\n<meta property=\"article:published_time\" content=\"2024-04-01T13:56:20+00:00\" \/>\n<meta property=\"article:modified_time\" content=\"2024-06-06T17:31:05+00:00\" \/>\n<meta property=\"og:image\" content=\"https:\/\/www.hiringlab.org\/fr\/wp-content\/uploads\/sites\/4\/2024\/04\/Return-to-Office-Resistance_1920x1080-2-1-1024x576.jpg\" \/>\n\t<meta property=\"og:image:width\" content=\"1024\" \/>\n\t<meta property=\"og:image:height\" content=\"576\" \/>\n\t<meta property=\"og:image:type\" content=\"image\/jpeg\" \/>\n<meta name=\"author\" content=\"Alexandre Judes\" \/>\n<meta name=\"twitter:card\" content=\"summary_large_image\" \/>\n<script type=\"application\/ld+json\" class=\"yoast-schema-graph\">{\"@context\":\"https:\/\/schema.org\",\"@graph\":[{\"@type\":\"Article\",\"@id\":\"https:\/\/www.hiringlab.org\/fr\/blog\/2024\/04\/01\/emploi-des-jeunes-lapprentissage-resiste-a-lincertitude-economique\/#article\",\"isPartOf\":{\"@id\":\"https:\/\/www.hiringlab.org\/fr\/blog\/2024\/04\/01\/emploi-des-jeunes-lapprentissage-resiste-a-lincertitude-economique\/\"},\"author\":{\"name\":\"ltheissen\",\"@id\":\"https:\/\/www.hiringlab.org\/fr\/#\/schema\/person\/4b5c7a64267b1cb495fb45e90277f353\"},\"headline\":\"Emploi des jeunes : l\u2019apprentissage r\u00e9siste \u00e0 l\u2019incertitude \u00e9conomique\",\"datePublished\":\"2024-04-01T13:56:20+00:00\",\"dateModified\":\"2024-06-06T17:31:05+00:00\",\"mainEntityOfPage\":{\"@id\":\"https:\/\/www.hiringlab.org\/fr\/blog\/2024\/04\/01\/emploi-des-jeunes-lapprentissage-resiste-a-lincertitude-economique\/\"},\"wordCount\":742,\"image\":{\"@id\":\"https:\/\/www.hiringlab.org\/fr\/blog\/2024\/04\/01\/emploi-des-jeunes-lapprentissage-resiste-a-lincertitude-economique\/#primaryimage\"},\"thumbnailUrl\":\"https:\/\/d341ezm4iqaae0.cloudfront.net\/hiringlaborg\/sites\/4\/2024\/04\/02182231\/Return-to-Office-Resistance_1920x1080-2-1.jpg\",\"keywords\":[\"Featured\"],\"articleSection\":[\"Uncategorized\"],\"inLanguage\":\"fr-FR\"},{\"@type\":\"WebPage\",\"@id\":\"https:\/\/www.hiringlab.org\/fr\/blog\/2024\/04\/01\/emploi-des-jeunes-lapprentissage-resiste-a-lincertitude-economique\/\",\"url\":\"https:\/\/www.hiringlab.org\/fr\/blog\/2024\/04\/01\/emploi-des-jeunes-lapprentissage-resiste-a-lincertitude-economique\/\",\"name\":\"Emploi des jeunes : l\u2019apprentissage r\u00e9siste \u00e0 l\u2019incertitude \u00e9conomique - Indeed Hiring Lab France\",\"isPartOf\":{\"@id\":\"https:\/\/www.hiringlab.org\/fr\/#website\"},\"primaryImageOfPage\":{\"@id\":\"https:\/\/www.hiringlab.org\/fr\/blog\/2024\/04\/01\/emploi-des-jeunes-lapprentissage-resiste-a-lincertitude-economique\/#primaryimage\"},\"image\":{\"@id\":\"https:\/\/www.hiringlab.org\/fr\/blog\/2024\/04\/01\/emploi-des-jeunes-lapprentissage-resiste-a-lincertitude-economique\/#primaryimage\"},\"thumbnailUrl\":\"https:\/\/d341ezm4iqaae0.cloudfront.net\/hiringlaborg\/sites\/4\/2024\/04\/02182231\/Return-to-Office-Resistance_1920x1080-2-1.jpg\",\"datePublished\":\"2024-04-01T13:56:20+00:00\",\"dateModified\":\"2024-06-06T17:31:05+00:00\",\"author\":{\"@id\":\"https:\/\/www.hiringlab.org\/fr\/#\/schema\/person\/4b5c7a64267b1cb495fb45e90277f353\"},\"description\":\"Pour les recruteurs, les avantages des contrats d\u2019apprentissage semblent l\u2019emporter sur les incertitudes \u00e9conomiques, tandis que l\u2019int\u00e9r\u00eat des jeunes actifs ne se d\u00e9ment pas.\",\"breadcrumb\":{\"@id\":\"https:\/\/www.hiringlab.org\/fr\/blog\/2024\/04\/01\/emploi-des-jeunes-lapprentissage-resiste-a-lincertitude-economique\/#breadcrumb\"},\"inLanguage\":\"fr-FR\",\"potentialAction\":[{\"@type\":\"ReadAction\",\"target\":[\"https:\/\/www.hiringlab.org\/fr\/blog\/2024\/04\/01\/emploi-des-jeunes-lapprentissage-resiste-a-lincertitude-economique\/\"]}]},{\"@type\":\"ImageObject\",\"inLanguage\":\"fr-FR\",\"@id\":\"https:\/\/www.hiringlab.org\/fr\/blog\/2024\/04\/01\/emploi-des-jeunes-lapprentissage-resiste-a-lincertitude-economique\/#primaryimage\",\"url\":\"https:\/\/d341ezm4iqaae0.cloudfront.net\/hiringlaborg\/sites\/4\/2024\/04\/02182231\/Return-to-Office-Resistance_1920x1080-2-1.jpg\",\"contentUrl\":\"https:\/\/d341ezm4iqaae0.cloudfront.net\/hiringlaborg\/sites\/4\/2024\/04\/02182231\/Return-to-Office-Resistance_1920x1080-2-1.jpg\",\"width\":7693,\"height\":4327,\"caption\":\"Jeunes employ\u00e9s r\u00e9unis pour une r\u00e9union d\u2019\u00e9quipe\"},{\"@type\":\"BreadcrumbList\",\"@id\":\"https:\/\/www.hiringlab.org\/fr\/blog\/2024\/04\/01\/emploi-des-jeunes-lapprentissage-resiste-a-lincertitude-economique\/#breadcrumb\",\"itemListElement\":[{\"@type\":\"ListItem\",\"position\":1,\"name\":\"Home\",\"item\":\"https:\/\/www.hiringlab.org\/fr\/\"},{\"@type\":\"ListItem\",\"position\":2,\"name\":\"Emploi des jeunes : l\u2019apprentissage r\u00e9siste \u00e0 l\u2019incertitude \u00e9conomique\"}]},{\"@type\":\"WebSite\",\"@id\":\"https:\/\/www.hiringlab.org\/fr\/#website\",\"url\":\"https:\/\/www.hiringlab.org\/fr\/\",\"name\":\"Indeed Hiring Lab France\",\"description\":\"Just another Wordpress Admins Site Sites site\",\"potentialAction\":[{\"@type\":\"SearchAction\",\"target\":{\"@type\":\"EntryPoint\",\"urlTemplate\":\"https:\/\/www.hiringlab.org\/fr\/?s={search_term_string}\"},\"query-input\":{\"@type\":\"PropertyValueSpecification\",\"valueRequired\":true,\"valueName\":\"search_term_string\"}}],\"inLanguage\":\"fr-FR\"},{\"@type\":\"Person\",\"@id\":\"https:\/\/www.hiringlab.org\/fr\/#\/schema\/person\/4b5c7a64267b1cb495fb45e90277f353\",\"name\":\"ltheissen\",\"image\":{\"@type\":\"ImageObject\",\"inLanguage\":\"fr-FR\",\"@id\":\"https:\/\/secure.gravatar.com\/avatar\/6367a954a4c7eb916945e225eca8caf2ceb055d42150b6a655ede10de2750ac2?s=96&d=mm&r=g\",\"url\":\"https:\/\/secure.gravatar.com\/avatar\/6367a954a4c7eb916945e225eca8caf2ceb055d42150b6a655ede10de2750ac2?s=96&d=mm&r=g\",\"contentUrl\":\"https:\/\/secure.gravatar.com\/avatar\/6367a954a4c7eb916945e225eca8caf2ceb055d42150b6a655ede10de2750ac2?s=96&d=mm&r=g\",\"caption\":\"ltheissen\"},\"url\":\"https:\/\/www.hiringlab.org\/fr\/blog\/author\/ltheissen\/\"}]}<\/script>\n<!-- \/ Yoast SEO plugin. -->","yoast_head_json":{"title":"Emploi des jeunes : l\u2019apprentissage r\u00e9siste \u00e0 l\u2019incertitude \u00e9conomique - Indeed Hiring Lab France","description":"Pour les recruteurs, les avantages des contrats d\u2019apprentissage semblent l\u2019emporter sur les incertitudes \u00e9conomiques, tandis que l\u2019int\u00e9r\u00eat des jeunes actifs ne se d\u00e9ment pas.","robots":{"index":"index","follow":"follow","max-snippet":"max-snippet:-1","max-image-preview":"max-image-preview:large","max-video-preview":"max-video-preview:-1"},"canonical":"https:\/\/www.hiringlab.org\/fr\/blog\/2024\/04\/01\/emploi-des-jeunes-lapprentissage-resiste-a-lincertitude-economique\/","og_locale":"fr_FR","og_type":"article","og_title":"Emploi des jeunes : l\u2019apprentissage r\u00e9siste \u00e0 l\u2019incertitude \u00e9conomique - Indeed Hiring Lab France","og_description":"Pour les recruteurs, les avantages des contrats d\u2019apprentissage semblent l\u2019emporter sur les incertitudes \u00e9conomiques, tandis que l\u2019int\u00e9r\u00eat des jeunes actifs ne se d\u00e9ment pas.","og_url":"https:\/\/www.hiringlab.org\/fr\/blog\/2024\/04\/01\/emploi-des-jeunes-lapprentissage-resiste-a-lincertitude-economique\/","og_site_name":"Indeed Hiring Lab France","article_published_time":"2024-04-01T13:56:20+00:00","article_modified_time":"2024-06-06T17:31:05+00:00","og_image":[{"width":1024,"height":576,"url":"https:\/\/www.hiringlab.org\/fr\/wp-content\/uploads\/sites\/4\/2024\/04\/Return-to-Office-Resistance_1920x1080-2-1-1024x576.jpg","type":"image\/jpeg"}],"author":"Alexandre Judes","twitter_card":"summary_large_image","schema":{"@context":"https:\/\/schema.org","@graph":[{"@type":"Article","@id":"https:\/\/www.hiringlab.org\/fr\/blog\/2024\/04\/01\/emploi-des-jeunes-lapprentissage-resiste-a-lincertitude-economique\/#article","isPartOf":{"@id":"https:\/\/www.hiringlab.org\/fr\/blog\/2024\/04\/01\/emploi-des-jeunes-lapprentissage-resiste-a-lincertitude-economique\/"},"author":{"name":"ltheissen","@id":"https:\/\/www.hiringlab.org\/fr\/#\/schema\/person\/4b5c7a64267b1cb495fb45e90277f353"},"headline":"Emploi des jeunes : l\u2019apprentissage r\u00e9siste \u00e0 l\u2019incertitude \u00e9conomique","datePublished":"2024-04-01T13:56:20+00:00","dateModified":"2024-06-06T17:31:05+00:00","mainEntityOfPage":{"@id":"https:\/\/www.hiringlab.org\/fr\/blog\/2024\/04\/01\/emploi-des-jeunes-lapprentissage-resiste-a-lincertitude-economique\/"},"wordCount":742,"image":{"@id":"https:\/\/www.hiringlab.org\/fr\/blog\/2024\/04\/01\/emploi-des-jeunes-lapprentissage-resiste-a-lincertitude-economique\/#primaryimage"},"thumbnailUrl":"https:\/\/d341ezm4iqaae0.cloudfront.net\/hiringlaborg\/sites\/4\/2024\/04\/02182231\/Return-to-Office-Resistance_1920x1080-2-1.jpg","keywords":["Featured"],"articleSection":["Uncategorized"],"inLanguage":"fr-FR"},{"@type":"WebPage","@id":"https:\/\/www.hiringlab.org\/fr\/blog\/2024\/04\/01\/emploi-des-jeunes-lapprentissage-resiste-a-lincertitude-economique\/","url":"https:\/\/www.hiringlab.org\/fr\/blog\/2024\/04\/01\/emploi-des-jeunes-lapprentissage-resiste-a-lincertitude-economique\/","name":"Emploi des jeunes : l\u2019apprentissage r\u00e9siste \u00e0 l\u2019incertitude \u00e9conomique - Indeed Hiring Lab France","isPartOf":{"@id":"https:\/\/www.hiringlab.org\/fr\/#website"},"primaryImageOfPage":{"@id":"https:\/\/www.hiringlab.org\/fr\/blog\/2024\/04\/01\/emploi-des-jeunes-lapprentissage-resiste-a-lincertitude-economique\/#primaryimage"},"image":{"@id":"https:\/\/www.hiringlab.org\/fr\/blog\/2024\/04\/01\/emploi-des-jeunes-lapprentissage-resiste-a-lincertitude-economique\/#primaryimage"},"thumbnailUrl":"https:\/\/d341ezm4iqaae0.cloudfront.net\/hiringlaborg\/sites\/4\/2024\/04\/02182231\/Return-to-Office-Resistance_1920x1080-2-1.jpg","datePublished":"2024-04-01T13:56:20+00:00","dateModified":"2024-06-06T17:31:05+00:00","author":{"@id":"https:\/\/www.hiringlab.org\/fr\/#\/schema\/person\/4b5c7a64267b1cb495fb45e90277f353"},"description":"Pour les recruteurs, les avantages des contrats d\u2019apprentissage semblent l\u2019emporter sur les incertitudes \u00e9conomiques, tandis que l\u2019int\u00e9r\u00eat des jeunes actifs ne se d\u00e9ment pas.","breadcrumb":{"@id":"https:\/\/www.hiringlab.org\/fr\/blog\/2024\/04\/01\/emploi-des-jeunes-lapprentissage-resiste-a-lincertitude-economique\/#breadcrumb"},"inLanguage":"fr-FR","potentialAction":[{"@type":"ReadAction","target":["https:\/\/www.hiringlab.org\/fr\/blog\/2024\/04\/01\/emploi-des-jeunes-lapprentissage-resiste-a-lincertitude-economique\/"]}]},{"@type":"ImageObject","inLanguage":"fr-FR","@id":"https:\/\/www.hiringlab.org\/fr\/blog\/2024\/04\/01\/emploi-des-jeunes-lapprentissage-resiste-a-lincertitude-economique\/#primaryimage","url":"https:\/\/d341ezm4iqaae0.cloudfront.net\/hiringlaborg\/sites\/4\/2024\/04\/02182231\/Return-to-Office-Resistance_1920x1080-2-1.jpg","contentUrl":"https:\/\/d341ezm4iqaae0.cloudfront.net\/hiringlaborg\/sites\/4\/2024\/04\/02182231\/Return-to-Office-Resistance_1920x1080-2-1.jpg","width":7693,"height":4327,"caption":"Jeunes employ\u00e9s r\u00e9unis pour une r\u00e9union d\u2019\u00e9quipe"},{"@type":"BreadcrumbList","@id":"https:\/\/www.hiringlab.org\/fr\/blog\/2024\/04\/01\/emploi-des-jeunes-lapprentissage-resiste-a-lincertitude-economique\/#breadcrumb","itemListElement":[{"@type":"ListItem","position":1,"name":"Home","item":"https:\/\/www.hiringlab.org\/fr\/"},{"@type":"ListItem","position":2,"name":"Emploi des jeunes : l\u2019apprentissage r\u00e9siste \u00e0 l\u2019incertitude \u00e9conomique"}]},{"@type":"WebSite","@id":"https:\/\/www.hiringlab.org\/fr\/#website","url":"https:\/\/www.hiringlab.org\/fr\/","name":"Indeed Hiring Lab France","description":"Just another Wordpress Admins Site Sites site","potentialAction":[{"@type":"SearchAction","target":{"@type":"EntryPoint","urlTemplate":"https:\/\/www.hiringlab.org\/fr\/?s={search_term_string}"},"query-input":{"@type":"PropertyValueSpecification","valueRequired":true,"valueName":"search_term_string"}}],"inLanguage":"fr-FR"},{"@type":"Person","@id":"https:\/\/www.hiringlab.org\/fr\/#\/schema\/person\/4b5c7a64267b1cb495fb45e90277f353","name":"ltheissen","image":{"@type":"ImageObject","inLanguage":"fr-FR","@id":"https:\/\/secure.gravatar.com\/avatar\/6367a954a4c7eb916945e225eca8caf2ceb055d42150b6a655ede10de2750ac2?s=96&d=mm&r=g","url":"https:\/\/secure.gravatar.com\/avatar\/6367a954a4c7eb916945e225eca8caf2ceb055d42150b6a655ede10de2750ac2?s=96&d=mm&r=g","contentUrl":"https:\/\/secure.gravatar.com\/avatar\/6367a954a4c7eb916945e225eca8caf2ceb055d42150b6a655ede10de2750ac2?s=96&d=mm&r=g","caption":"ltheissen"},"url":"https:\/\/www.hiringlab.org\/fr\/blog\/author\/ltheissen\/"}]}},"_links":{"self":[{"href":"https:\/\/www.hiringlab.org\/fr\/wp-json\/wp\/v2\/posts\/12672","targetHints":{"allow":["GET"]}}],"collection":[{"href":"https:\/\/www.hiringlab.org\/fr\/wp-json\/wp\/v2\/posts"}],"about":[{"href":"https:\/\/www.hiringlab.org\/fr\/wp-json\/wp\/v2\/types\/post"}],"author":[{"embeddable":true,"href":"https:\/\/www.hiringlab.org\/fr\/wp-json\/wp\/v2\/users\/103"}],"replies":[{"embeddable":true,"href":"https:\/\/www.hiringlab.org\/fr\/wp-json\/wp\/v2\/comments?post=12672"}],"version-history":[{"count":0,"href":"https:\/\/www.hiringlab.org\/fr\/wp-json\/wp\/v2\/posts\/12672\/revisions"}],"wp:featuredmedia":[{"embeddable":true,"href":"https:\/\/www.hiringlab.org\/fr\/wp-json\/wp\/v2\/media\/12673"}],"wp:attachment":[{"href":"https:\/\/www.hiringlab.org\/fr\/wp-json\/wp\/v2\/media?parent=12672"}],"wp:term":[{"taxonomy":"category","embeddable":true,"href":"https:\/\/www.hiringlab.org\/fr\/wp-json\/wp\/v2\/categories?post=12672"},{"taxonomy":"post_tag","embeddable":true,"href":"https:\/\/www.hiringlab.org\/fr\/wp-json\/wp\/v2\/tags?post=12672"},{"taxonomy":"post_mwm_category","embeddable":true,"href":"https:\/\/www.hiringlab.org\/fr\/wp-json\/wp\/v2\/post_mwm_category?post=12672"},{"taxonomy":"post_topic","embeddable":true,"href":"https:\/\/www.hiringlab.org\/fr\/wp-json\/wp\/v2\/post_topic?post=12672"},{"taxonomy":"post_content_type","embeddable":true,"href":"https:\/\/www.hiringlab.org\/fr\/wp-json\/wp\/v2\/post_content_type?post=12672"},{"taxonomy":"post_duration","embeddable":true,"href":"https:\/\/www.hiringlab.org\/fr\/wp-json\/wp\/v2\/post_duration?post=12672"},{"taxonomy":"post_actions","embeddable":true,"href":"https:\/\/www.hiringlab.org\/fr\/wp-json\/wp\/v2\/post_actions?post=12672"},{"taxonomy":"post_franchise","embeddable":true,"href":"https:\/\/www.hiringlab.org\/fr\/wp-json\/wp\/v2\/post_franchise?post=12672"},{"taxonomy":"post_mwm_author","embeddable":true,"href":"https:\/\/www.hiringlab.org\/fr\/wp-json\/wp\/v2\/post_mwm_author?post=12672"}],"curies":[{"name":"wp","href":"https:\/\/api.w.org\/{rel}","templated":true}]}}