{"id":12618,"date":"2023-06-26T20:22:47","date_gmt":"2023-06-26T18:22:47","guid":{"rendered":"https:\/\/www.hiringlab.org\/fr\/?p=12618"},"modified":"2024-04-02T19:57:57","modified_gmt":"2024-04-02T17:57:57","slug":"marche-du-travail-au-premier-trimestre-2023","status":"publish","type":"post","link":"https:\/\/www.hiringlab.org\/fr\/blog\/2023\/06\/26\/marche-du-travail-au-premier-trimestre-2023\/","title":{"rendered":"March\u00e9 du travail au premier trimestre 2023 : poursuite de la baisse du ch\u00f4mage"},"content":{"rendered":"\n<p><strong><em>Focus : le halo du ch\u00f4mage<\/em><\/strong><\/p>\n\n\n\n<p>Malgr\u00e9 les bons chiffres du ch\u00f4mage, la part de la population dans le halo du ch\u00f4mage ne baisse pas. Non comptabilis\u00e9es dans les chiffres du ch\u00f4mage, ces personnes qui souhaitent travailler sans \u00eatre disponibles ou effectuer des recherches actives repr\u00e9sentent pr\u00e8s de 2 millions de personnes (4,6 % des 15-64 ans), soit son niveau du troisi\u00e8me trimestre 2019. Au deuxi\u00e8me trimestre 2008, le halo ne repr\u00e9sentait que 3,5 % des 15-64 ans.<\/p>\n\n\n\n<figure class=\"wp-block-image\"><img decoding=\"async\" src=\"https:\/\/lh5.googleusercontent.com\/9ML7AOwTcVyuav3JnncAEW2Z6iJGCUrSlEQ5YVzBaslBKpQhDVH-Vn5QxAtgGYtRPhDiLQtTR0Y8Rb0NhvQpsJVW9uUtZEJu-hPNlzp00Jpy2DThJ7Zse-Gx98Kuj4DkvBd9NIF7hbpnLzDKr3z5cko\" alt=\"Ce graphique en courbes figure l\u2019\u00e9volution du ch\u00f4mage et du halo en proportion de la population \u00e2g\u00e9e de 15 \u00e0 64 ans depuis le premier trimestre 2003 jusqu\u2019au premier trimestre 2023, selon l\u2019Insee.\" \/><figcaption class=\"wp-element-caption\"><em>Ce graphique en courbes figure l\u2019\u00e9volution du ch\u00f4mage et du halo en proportion de la population \u00e2g\u00e9e de 15 \u00e0 64 ans depuis le premier trimestre 2003 jusqu\u2019au premier trimestre 2023, selon l\u2019Insee.<\/em><\/figcaption><\/figure>\n\n\n\n<p>Les situations des personnes dans le halo sont diverses : les probl\u00e8mes de sant\u00e9, l\u2019absence d\u2019opportunit\u00e9s int\u00e9ressantes ou le d\u00e9couragement face \u00e0 de nombreux refus essuy\u00e9s lors de pr\u00e9c\u00e9dentes candidatures peuvent expliquer l\u2019exclusion du march\u00e9 du travail. 37 % des personnes dans le halo ne sont pas en recherche active d\u2019emploi, bien qu\u2019elles d\u00e9sirent un emploi et soient disponibles. Mais les personnes non disponibles repr\u00e9sentaient 63 % du halo au premier trimestre 2023, une proportion qui n\u2019a jamais \u00e9t\u00e9 aussi \u00e9lev\u00e9e depuis 2003. Les femmes et les jeunes restent par ailleurs surrepr\u00e9sent\u00e9s : 6,9 % des 15-24 ans et 5,2 % des femmes en \u00e2ge de travailler y figurent. La hausse du nombre de personnes dans le halo reste n\u00e9anmoins pr\u00e9occupante puisqu\u2019elle peut \u00eatre un sympt\u00f4me du mauvais appariement entre l\u2019offre et la demande sur le march\u00e9 du travail. Des facteurs comme les discriminations sur le march\u00e9 de l\u2019emploi, l\u2019insuffisante adaptation des postes de travail ou la qualit\u00e9 per\u00e7ue des emplois \u00e0 pourvoir peuvent dissuader des candidats potentiels et renforcer les tensions de recrutement.<\/p>\n\n\n\n<p>Au-del\u00e0 des bons chiffres mis en avant actuellement, de nombreuses contraintes structurelles perdurent ainsi sur le march\u00e9 du travail fran\u00e7ais qui ont pour effet de limiter l\u2019emploi et le potentiel de croissance de l\u2019\u00e9conomie du pays.<\/p>\n\n\n\n<h2 class=\"wp-block-heading\"><strong><em>Un march\u00e9 du travail toujours sous tension, mais toujours tributaire de l\u2019\u00e9volution de la conjoncture<\/em><\/strong><\/h2>\n\n\n\n<p>Avec un taux de ch\u00f4mage quasi stable sur le premier trimestre (7,1 %), le march\u00e9 du travail fran\u00e7ais affiche les conditions les plus favorables depuis 1982. Le taux d\u2019activit\u00e9 (la part de personnes actives, en emploi ou non, dans la population \u00e2g\u00e9e de 15 \u00e0 64 ans) s\u2019\u00e9tablit \u00e0 73,9 %, un plus haut depuis le d\u00e9but des mesures en 1975. La part des jeunes ni en emploi ni en formation (12,3 % au premier trimestre) reste en outre au-dessus de son niveau d\u2019avant crise (12,2 % au quatri\u00e8me trimestre 2019).<\/p>\n\n\n\n<p>Le taux d\u2019emplois vacants reflue l\u00e9g\u00e8rement \u00e0 2,4 % contre 2,5 % au quatri\u00e8me trimestre. \u00c0 son plus bas au deuxi\u00e8me trimestre 2009, il \u00e9tait de 0,4 %. Les cr\u00e9ations d\u2019emplois salari\u00e9s dans le priv\u00e9 ont repris au premier trimestre, en hausse de 92 400 postes. Les d\u00e9clarations d\u2019embauche en contrat court (CDD de moins d\u2019un mois) ont connu une hausse de 2,2 %, alors que celles concernant les contrats plus longs sont en hausse de 1,2 % sur le trimestre.\u00a0<br>L\u2019emploi int\u00e9rimaire, tr\u00e8s sensible \u00e0 la conjoncture, est en fort recul : 18 100 postes ont disparu, soit plus que les cr\u00e9ations nettes des deux trimestres pr\u00e9c\u00e9dents. Premi\u00e8re \u00e9conomie de la zone euro et principal partenaire commercial de la France, l\u2019Allemagne est <a href=\"https:\/\/www.lemonde.fr\/economie\/article\/2023\/05\/25\/l-allemagne-est-entree-en-recession-au-premier-trimestre-2023_6174781_3234.html\" target=\"_blank\" rel=\"noreferrer noopener\">entr\u00e9e en r\u00e9cession au premier trimestre<\/a>. L\u2019inflation toujours \u00e9lev\u00e9e, le resserrement des conditions de financement et l\u2019incertitude macro\u00e9conomique devraient continuer \u00e0 peser sur la demande. L\u2019activit\u00e9 \u00e9conomique s\u2019est contract\u00e9e en France sur le dernier mois : l\u2019indice PMI S&amp;P Global Flash composite de l&rsquo;activit\u00e9 globale ressort \u00e0 47,3 en juin, un plus bas de 28 mois.<\/p>\n","protected":false},"excerpt":{"rendered":"<p>Le march\u00e9 du travail fran\u00e7ais affiche toujours de bons chiffres au premier trimestre : les taux de ch\u00f4mage et d\u2019activit\u00e9 sont sur leurs meilleurs niveaux des 40 derni\u00e8res ann\u00e9es. Mais de nombreuses personnes restent exclues du march\u00e9 du travail.<\/p>\n","protected":false},"author":37,"featured_media":12619,"comment_status":"closed","ping_status":"closed","sticky":false,"template":"recruiter-hub-blocks.php","format":"standard","meta":{"_acf_changed":false,"footnotes":""},"categories":[1],"tags":[151],"post_mwm_category":[],"post_topic":[],"post_content_type":[],"post_duration":[],"post_actions":[],"post_franchise":[],"post_mwm_author":[189],"class_list":["post-12618","post","type-post","status-publish","format-standard","has-post-thumbnail","hentry","category-uncategorized","tag-multimedia","post_mwm_author-ajudes"],"acf":[],"yoast_head":"<!-- This site is optimized with the Yoast SEO plugin v27.2 - https:\/\/yoast.com\/product\/yoast-seo-wordpress\/ -->\n<title>March\u00e9 du travail au premier trimestre 2023 : poursuite de la baisse du ch\u00f4mage - Indeed Hiring Lab France<\/title>\n<meta name=\"description\" content=\"Le march\u00e9 du travail fran\u00e7ais affiche toujours de bons chiffres au premier trimestre : les taux de ch\u00f4mage et d\u2019activit\u00e9 sont sur leurs meilleurs niveaux des 40 derni\u00e8res ann\u00e9es. Mais de nombreuses personnes restent exclues du march\u00e9 du travail.\" \/>\n<meta name=\"robots\" content=\"index, follow, max-snippet:-1, max-image-preview:large, max-video-preview:-1\" \/>\n<link rel=\"canonical\" href=\"https:\/\/www.hiringlab.org\/fr\/blog\/2023\/06\/26\/marche-du-travail-au-premier-trimestre-2023\/\" \/>\n<meta property=\"og:locale\" content=\"fr_FR\" \/>\n<meta property=\"og:type\" content=\"article\" \/>\n<meta property=\"og:title\" content=\"March\u00e9 du travail au premier trimestre 2023 : poursuite de la baisse du ch\u00f4mage - Indeed Hiring Lab France\" \/>\n<meta property=\"og:description\" content=\"Le march\u00e9 du travail fran\u00e7ais affiche toujours de bons chiffres au premier trimestre : les taux de ch\u00f4mage et d\u2019activit\u00e9 sont sur leurs meilleurs niveaux des 40 derni\u00e8res ann\u00e9es. Mais de nombreuses personnes restent exclues du march\u00e9 du travail.\" \/>\n<meta property=\"og:url\" content=\"https:\/\/www.hiringlab.org\/fr\/blog\/2023\/06\/26\/marche-du-travail-au-premier-trimestre-2023\/\" \/>\n<meta property=\"og:site_name\" content=\"Indeed Hiring Lab France\" \/>\n<meta property=\"article:published_time\" content=\"2023-06-26T18:22:47+00:00\" \/>\n<meta property=\"article:modified_time\" content=\"2024-04-02T17:57:57+00:00\" \/>\n<meta property=\"og:image\" content=\"https:\/\/www.hiringlab.org\/fr\/wp-content\/uploads\/sites\/4\/2023\/06\/GettyImages-168359640-5.jpg\" \/>\n\t<meta property=\"og:image:width\" content=\"2121\" \/>\n\t<meta property=\"og:image:height\" content=\"1414\" \/>\n\t<meta property=\"og:image:type\" content=\"image\/jpeg\" \/>\n<meta name=\"author\" content=\"Alexandre Judes\" \/>\n<meta name=\"twitter:card\" content=\"summary_large_image\" \/>\n<script type=\"application\/ld+json\" class=\"yoast-schema-graph\">{\"@context\":\"https:\/\/schema.org\",\"@graph\":[{\"@type\":\"Article\",\"@id\":\"https:\/\/www.hiringlab.org\/fr\/blog\/2023\/06\/26\/marche-du-travail-au-premier-trimestre-2023\/#article\",\"isPartOf\":{\"@id\":\"https:\/\/www.hiringlab.org\/fr\/blog\/2023\/06\/26\/marche-du-travail-au-premier-trimestre-2023\/\"},\"author\":{\"name\":\"Alexandre Judes\",\"@id\":\"https:\/\/www.hiringlab.org\/fr\/#\/schema\/person\/35a85469aa9821aef8af2a600eb69c82\"},\"headline\":\"March\u00e9 du travail au premier trimestre 2023 : poursuite de la baisse du ch\u00f4mage\",\"datePublished\":\"2023-06-26T18:22:47+00:00\",\"dateModified\":\"2024-04-02T17:57:57+00:00\",\"mainEntityOfPage\":{\"@id\":\"https:\/\/www.hiringlab.org\/fr\/blog\/2023\/06\/26\/marche-du-travail-au-premier-trimestre-2023\/\"},\"wordCount\":638,\"image\":{\"@id\":\"https:\/\/www.hiringlab.org\/fr\/blog\/2023\/06\/26\/marche-du-travail-au-premier-trimestre-2023\/#primaryimage\"},\"thumbnailUrl\":\"https:\/\/d341ezm4iqaae0.cloudfront.net\/hiringlaborg\/sites\/4\/2023\/06\/02182244\/GettyImages-168359640-5.jpg\",\"keywords\":[\"Multimedia\"],\"articleSection\":[\"Uncategorized\"],\"inLanguage\":\"fr-FR\"},{\"@type\":\"WebPage\",\"@id\":\"https:\/\/www.hiringlab.org\/fr\/blog\/2023\/06\/26\/marche-du-travail-au-premier-trimestre-2023\/\",\"url\":\"https:\/\/www.hiringlab.org\/fr\/blog\/2023\/06\/26\/marche-du-travail-au-premier-trimestre-2023\/\",\"name\":\"March\u00e9 du travail au premier trimestre 2023 : poursuite de la baisse du ch\u00f4mage - Indeed Hiring Lab France\",\"isPartOf\":{\"@id\":\"https:\/\/www.hiringlab.org\/fr\/#website\"},\"primaryImageOfPage\":{\"@id\":\"https:\/\/www.hiringlab.org\/fr\/blog\/2023\/06\/26\/marche-du-travail-au-premier-trimestre-2023\/#primaryimage\"},\"image\":{\"@id\":\"https:\/\/www.hiringlab.org\/fr\/blog\/2023\/06\/26\/marche-du-travail-au-premier-trimestre-2023\/#primaryimage\"},\"thumbnailUrl\":\"https:\/\/d341ezm4iqaae0.cloudfront.net\/hiringlaborg\/sites\/4\/2023\/06\/02182244\/GettyImages-168359640-5.jpg\",\"datePublished\":\"2023-06-26T18:22:47+00:00\",\"dateModified\":\"2024-04-02T17:57:57+00:00\",\"author\":{\"@id\":\"https:\/\/www.hiringlab.org\/fr\/#\/schema\/person\/35a85469aa9821aef8af2a600eb69c82\"},\"description\":\"Le march\u00e9 du travail fran\u00e7ais affiche toujours de bons chiffres au premier trimestre : les taux de ch\u00f4mage et d\u2019activit\u00e9 sont sur leurs meilleurs niveaux des 40 derni\u00e8res ann\u00e9es. Mais de nombreuses personnes restent exclues du march\u00e9 du travail.\",\"breadcrumb\":{\"@id\":\"https:\/\/www.hiringlab.org\/fr\/blog\/2023\/06\/26\/marche-du-travail-au-premier-trimestre-2023\/#breadcrumb\"},\"inLanguage\":\"fr-FR\",\"potentialAction\":[{\"@type\":\"ReadAction\",\"target\":[\"https:\/\/www.hiringlab.org\/fr\/blog\/2023\/06\/26\/marche-du-travail-au-premier-trimestre-2023\/\"]}]},{\"@type\":\"ImageObject\",\"inLanguage\":\"fr-FR\",\"@id\":\"https:\/\/www.hiringlab.org\/fr\/blog\/2023\/06\/26\/marche-du-travail-au-premier-trimestre-2023\/#primaryimage\",\"url\":\"https:\/\/d341ezm4iqaae0.cloudfront.net\/hiringlaborg\/sites\/4\/2023\/06\/02182244\/GettyImages-168359640-5.jpg\",\"contentUrl\":\"https:\/\/d341ezm4iqaae0.cloudfront.net\/hiringlaborg\/sites\/4\/2023\/06\/02182244\/GettyImages-168359640-5.jpg\",\"width\":2121,\"height\":1414,\"caption\":\"Professionnels du design heureux encrant des plaques de gravure pour la gravure\"},{\"@type\":\"BreadcrumbList\",\"@id\":\"https:\/\/www.hiringlab.org\/fr\/blog\/2023\/06\/26\/marche-du-travail-au-premier-trimestre-2023\/#breadcrumb\",\"itemListElement\":[{\"@type\":\"ListItem\",\"position\":1,\"name\":\"Home\",\"item\":\"https:\/\/www.hiringlab.org\/fr\/\"},{\"@type\":\"ListItem\",\"position\":2,\"name\":\"March\u00e9 du travail au premier trimestre 2023 : poursuite de la baisse du ch\u00f4mage\"}]},{\"@type\":\"WebSite\",\"@id\":\"https:\/\/www.hiringlab.org\/fr\/#website\",\"url\":\"https:\/\/www.hiringlab.org\/fr\/\",\"name\":\"Indeed Hiring Lab France\",\"description\":\"Just another Wordpress Admins Site Sites site\",\"potentialAction\":[{\"@type\":\"SearchAction\",\"target\":{\"@type\":\"EntryPoint\",\"urlTemplate\":\"https:\/\/www.hiringlab.org\/fr\/?s={search_term_string}\"},\"query-input\":{\"@type\":\"PropertyValueSpecification\",\"valueRequired\":true,\"valueName\":\"search_term_string\"}}],\"inLanguage\":\"fr-FR\"},{\"@type\":\"Person\",\"@id\":\"https:\/\/www.hiringlab.org\/fr\/#\/schema\/person\/35a85469aa9821aef8af2a600eb69c82\",\"name\":\"Alexandre Judes\",\"image\":{\"@type\":\"ImageObject\",\"inLanguage\":\"fr-FR\",\"@id\":\"https:\/\/secure.gravatar.com\/avatar\/d4ea58a3c345a594b916e5eab9862bcc2ae6f5489e8b11392ff7df04ef9174c2?s=96&d=mm&r=g\",\"url\":\"https:\/\/secure.gravatar.com\/avatar\/d4ea58a3c345a594b916e5eab9862bcc2ae6f5489e8b11392ff7df04ef9174c2?s=96&d=mm&r=g\",\"contentUrl\":\"https:\/\/secure.gravatar.com\/avatar\/d4ea58a3c345a594b916e5eab9862bcc2ae6f5489e8b11392ff7df04ef9174c2?s=96&d=mm&r=g\",\"caption\":\"Alexandre Judes\"},\"url\":\"https:\/\/www.hiringlab.org\/fr\/blog\/author\/ajudes\/\"}]}<\/script>\n<!-- \/ Yoast SEO plugin. -->","yoast_head_json":{"title":"March\u00e9 du travail au premier trimestre 2023 : poursuite de la baisse du ch\u00f4mage - Indeed Hiring Lab France","description":"Le march\u00e9 du travail fran\u00e7ais affiche toujours de bons chiffres au premier trimestre : les taux de ch\u00f4mage et d\u2019activit\u00e9 sont sur leurs meilleurs niveaux des 40 derni\u00e8res ann\u00e9es. Mais de nombreuses personnes restent exclues du march\u00e9 du travail.","robots":{"index":"index","follow":"follow","max-snippet":"max-snippet:-1","max-image-preview":"max-image-preview:large","max-video-preview":"max-video-preview:-1"},"canonical":"https:\/\/www.hiringlab.org\/fr\/blog\/2023\/06\/26\/marche-du-travail-au-premier-trimestre-2023\/","og_locale":"fr_FR","og_type":"article","og_title":"March\u00e9 du travail au premier trimestre 2023 : poursuite de la baisse du ch\u00f4mage - Indeed Hiring Lab France","og_description":"Le march\u00e9 du travail fran\u00e7ais affiche toujours de bons chiffres au premier trimestre : les taux de ch\u00f4mage et d\u2019activit\u00e9 sont sur leurs meilleurs niveaux des 40 derni\u00e8res ann\u00e9es. Mais de nombreuses personnes restent exclues du march\u00e9 du travail.","og_url":"https:\/\/www.hiringlab.org\/fr\/blog\/2023\/06\/26\/marche-du-travail-au-premier-trimestre-2023\/","og_site_name":"Indeed Hiring Lab France","article_published_time":"2023-06-26T18:22:47+00:00","article_modified_time":"2024-04-02T17:57:57+00:00","og_image":[{"width":2121,"height":1414,"url":"https:\/\/www.hiringlab.org\/fr\/wp-content\/uploads\/sites\/4\/2023\/06\/GettyImages-168359640-5.jpg","type":"image\/jpeg"}],"author":"Alexandre Judes","twitter_card":"summary_large_image","schema":{"@context":"https:\/\/schema.org","@graph":[{"@type":"Article","@id":"https:\/\/www.hiringlab.org\/fr\/blog\/2023\/06\/26\/marche-du-travail-au-premier-trimestre-2023\/#article","isPartOf":{"@id":"https:\/\/www.hiringlab.org\/fr\/blog\/2023\/06\/26\/marche-du-travail-au-premier-trimestre-2023\/"},"author":{"name":"Alexandre Judes","@id":"https:\/\/www.hiringlab.org\/fr\/#\/schema\/person\/35a85469aa9821aef8af2a600eb69c82"},"headline":"March\u00e9 du travail au premier trimestre 2023 : poursuite de la baisse du ch\u00f4mage","datePublished":"2023-06-26T18:22:47+00:00","dateModified":"2024-04-02T17:57:57+00:00","mainEntityOfPage":{"@id":"https:\/\/www.hiringlab.org\/fr\/blog\/2023\/06\/26\/marche-du-travail-au-premier-trimestre-2023\/"},"wordCount":638,"image":{"@id":"https:\/\/www.hiringlab.org\/fr\/blog\/2023\/06\/26\/marche-du-travail-au-premier-trimestre-2023\/#primaryimage"},"thumbnailUrl":"https:\/\/d341ezm4iqaae0.cloudfront.net\/hiringlaborg\/sites\/4\/2023\/06\/02182244\/GettyImages-168359640-5.jpg","keywords":["Multimedia"],"articleSection":["Uncategorized"],"inLanguage":"fr-FR"},{"@type":"WebPage","@id":"https:\/\/www.hiringlab.org\/fr\/blog\/2023\/06\/26\/marche-du-travail-au-premier-trimestre-2023\/","url":"https:\/\/www.hiringlab.org\/fr\/blog\/2023\/06\/26\/marche-du-travail-au-premier-trimestre-2023\/","name":"March\u00e9 du travail au premier trimestre 2023 : poursuite de la baisse du ch\u00f4mage - Indeed Hiring Lab France","isPartOf":{"@id":"https:\/\/www.hiringlab.org\/fr\/#website"},"primaryImageOfPage":{"@id":"https:\/\/www.hiringlab.org\/fr\/blog\/2023\/06\/26\/marche-du-travail-au-premier-trimestre-2023\/#primaryimage"},"image":{"@id":"https:\/\/www.hiringlab.org\/fr\/blog\/2023\/06\/26\/marche-du-travail-au-premier-trimestre-2023\/#primaryimage"},"thumbnailUrl":"https:\/\/d341ezm4iqaae0.cloudfront.net\/hiringlaborg\/sites\/4\/2023\/06\/02182244\/GettyImages-168359640-5.jpg","datePublished":"2023-06-26T18:22:47+00:00","dateModified":"2024-04-02T17:57:57+00:00","author":{"@id":"https:\/\/www.hiringlab.org\/fr\/#\/schema\/person\/35a85469aa9821aef8af2a600eb69c82"},"description":"Le march\u00e9 du travail fran\u00e7ais affiche toujours de bons chiffres au premier trimestre : les taux de ch\u00f4mage et d\u2019activit\u00e9 sont sur leurs meilleurs niveaux des 40 derni\u00e8res ann\u00e9es. Mais de nombreuses personnes restent exclues du march\u00e9 du travail.","breadcrumb":{"@id":"https:\/\/www.hiringlab.org\/fr\/blog\/2023\/06\/26\/marche-du-travail-au-premier-trimestre-2023\/#breadcrumb"},"inLanguage":"fr-FR","potentialAction":[{"@type":"ReadAction","target":["https:\/\/www.hiringlab.org\/fr\/blog\/2023\/06\/26\/marche-du-travail-au-premier-trimestre-2023\/"]}]},{"@type":"ImageObject","inLanguage":"fr-FR","@id":"https:\/\/www.hiringlab.org\/fr\/blog\/2023\/06\/26\/marche-du-travail-au-premier-trimestre-2023\/#primaryimage","url":"https:\/\/d341ezm4iqaae0.cloudfront.net\/hiringlaborg\/sites\/4\/2023\/06\/02182244\/GettyImages-168359640-5.jpg","contentUrl":"https:\/\/d341ezm4iqaae0.cloudfront.net\/hiringlaborg\/sites\/4\/2023\/06\/02182244\/GettyImages-168359640-5.jpg","width":2121,"height":1414,"caption":"Professionnels du design heureux encrant des plaques de gravure pour la gravure"},{"@type":"BreadcrumbList","@id":"https:\/\/www.hiringlab.org\/fr\/blog\/2023\/06\/26\/marche-du-travail-au-premier-trimestre-2023\/#breadcrumb","itemListElement":[{"@type":"ListItem","position":1,"name":"Home","item":"https:\/\/www.hiringlab.org\/fr\/"},{"@type":"ListItem","position":2,"name":"March\u00e9 du travail au premier trimestre 2023 : poursuite de la baisse du ch\u00f4mage"}]},{"@type":"WebSite","@id":"https:\/\/www.hiringlab.org\/fr\/#website","url":"https:\/\/www.hiringlab.org\/fr\/","name":"Indeed Hiring Lab France","description":"Just another Wordpress Admins Site Sites site","potentialAction":[{"@type":"SearchAction","target":{"@type":"EntryPoint","urlTemplate":"https:\/\/www.hiringlab.org\/fr\/?s={search_term_string}"},"query-input":{"@type":"PropertyValueSpecification","valueRequired":true,"valueName":"search_term_string"}}],"inLanguage":"fr-FR"},{"@type":"Person","@id":"https:\/\/www.hiringlab.org\/fr\/#\/schema\/person\/35a85469aa9821aef8af2a600eb69c82","name":"Alexandre Judes","image":{"@type":"ImageObject","inLanguage":"fr-FR","@id":"https:\/\/secure.gravatar.com\/avatar\/d4ea58a3c345a594b916e5eab9862bcc2ae6f5489e8b11392ff7df04ef9174c2?s=96&d=mm&r=g","url":"https:\/\/secure.gravatar.com\/avatar\/d4ea58a3c345a594b916e5eab9862bcc2ae6f5489e8b11392ff7df04ef9174c2?s=96&d=mm&r=g","contentUrl":"https:\/\/secure.gravatar.com\/avatar\/d4ea58a3c345a594b916e5eab9862bcc2ae6f5489e8b11392ff7df04ef9174c2?s=96&d=mm&r=g","caption":"Alexandre Judes"},"url":"https:\/\/www.hiringlab.org\/fr\/blog\/author\/ajudes\/"}]}},"_links":{"self":[{"href":"https:\/\/www.hiringlab.org\/fr\/wp-json\/wp\/v2\/posts\/12618","targetHints":{"allow":["GET"]}}],"collection":[{"href":"https:\/\/www.hiringlab.org\/fr\/wp-json\/wp\/v2\/posts"}],"about":[{"href":"https:\/\/www.hiringlab.org\/fr\/wp-json\/wp\/v2\/types\/post"}],"author":[{"embeddable":true,"href":"https:\/\/www.hiringlab.org\/fr\/wp-json\/wp\/v2\/users\/37"}],"replies":[{"embeddable":true,"href":"https:\/\/www.hiringlab.org\/fr\/wp-json\/wp\/v2\/comments?post=12618"}],"version-history":[{"count":0,"href":"https:\/\/www.hiringlab.org\/fr\/wp-json\/wp\/v2\/posts\/12618\/revisions"}],"wp:featuredmedia":[{"embeddable":true,"href":"https:\/\/www.hiringlab.org\/fr\/wp-json\/wp\/v2\/media\/12619"}],"wp:attachment":[{"href":"https:\/\/www.hiringlab.org\/fr\/wp-json\/wp\/v2\/media?parent=12618"}],"wp:term":[{"taxonomy":"category","embeddable":true,"href":"https:\/\/www.hiringlab.org\/fr\/wp-json\/wp\/v2\/categories?post=12618"},{"taxonomy":"post_tag","embeddable":true,"href":"https:\/\/www.hiringlab.org\/fr\/wp-json\/wp\/v2\/tags?post=12618"},{"taxonomy":"post_mwm_category","embeddable":true,"href":"https:\/\/www.hiringlab.org\/fr\/wp-json\/wp\/v2\/post_mwm_category?post=12618"},{"taxonomy":"post_topic","embeddable":true,"href":"https:\/\/www.hiringlab.org\/fr\/wp-json\/wp\/v2\/post_topic?post=12618"},{"taxonomy":"post_content_type","embeddable":true,"href":"https:\/\/www.hiringlab.org\/fr\/wp-json\/wp\/v2\/post_content_type?post=12618"},{"taxonomy":"post_duration","embeddable":true,"href":"https:\/\/www.hiringlab.org\/fr\/wp-json\/wp\/v2\/post_duration?post=12618"},{"taxonomy":"post_actions","embeddable":true,"href":"https:\/\/www.hiringlab.org\/fr\/wp-json\/wp\/v2\/post_actions?post=12618"},{"taxonomy":"post_franchise","embeddable":true,"href":"https:\/\/www.hiringlab.org\/fr\/wp-json\/wp\/v2\/post_franchise?post=12618"},{"taxonomy":"post_mwm_author","embeddable":true,"href":"https:\/\/www.hiringlab.org\/fr\/wp-json\/wp\/v2\/post_mwm_author?post=12618"}],"curies":[{"name":"wp","href":"https:\/\/api.w.org\/{rel}","templated":true}]}}