{"id":12610,"date":"2023-05-11T19:14:28","date_gmt":"2023-05-11T17:14:28","guid":{"rendered":"https:\/\/www.hiringlab.org\/fr\/?p=12610"},"modified":"2023-05-11T19:14:29","modified_gmt":"2023-05-11T17:14:29","slug":"offres-demploi-en-france-au-5-mai","status":"publish","type":"post","link":"https:\/\/www.hiringlab.org\/fr\/blog\/2023\/05\/11\/offres-demploi-en-france-au-5-mai\/","title":{"rendered":"Offres d\u2019emploi en France au 5 mai 2023 : le volume d\u2019annonces stagne"},"content":{"rendered":"\n<p><em>Afin de suivre pr\u00e9cis\u00e9ment l\u2019\u00e9volution du march\u00e9 du travail, cet article est r\u00e9guli\u00e8rement mis \u00e0 jour.&nbsp;<\/em><\/p>\n\n\n\n<p>Le volume d\u2019annonces sur Indeed France stagne alors que les incertitudes \u00e9conomiques persistent.&nbsp;<\/p>\n\n\n\n<p>En France, le volume d\u2019offres d&#8217;emploi (une mesure en temps r\u00e9el de l&rsquo;activit\u00e9 du march\u00e9 du travail, corrig\u00e9e des variations saisonni\u00e8res) \u00e9tait de 64,4 % sup\u00e9rieur \u00e0 son niveau de r\u00e9f\u00e9rence pr\u00e9-pand\u00e9mie du 1<sup>er<\/sup> f\u00e9vrier 2020 au 5 mai 2023, au m\u00eame niveau que fin mars.&nbsp;<\/p>\n\n\n\n<figure class=\"wp-block-image size-large\"><img loading=\"lazy\" decoding=\"async\" width=\"1024\" height=\"559\" src=\"https:\/\/d341ezm4iqaae0.cloudfront.net\/hiringlaborg\/sites\/4\/2023\/05\/02182248\/image-1024x559.png\" alt=\"Le graphique illustre l\u2019\u00e9volution, par rapport \u00e0 la r\u00e9f\u00e9rence du 1er f\u00e9vrier 2020, du volume d\u2019offres d\u2019emploi en France (en abscisses) en fonction du temps (en ordonn\u00e9es), jusqu\u2019au 5 mai 2023. Les donn\u00e9es, corrig\u00e9es des variations saisonni\u00e8res, proviennent d\u2019Indeed.\" class=\"wp-image-12611\" srcset=\"https:\/\/d341ezm4iqaae0.cloudfront.net\/hiringlaborg\/sites\/4\/2023\/05\/02182248\/image-1024x559.png 1024w, https:\/\/d341ezm4iqaae0.cloudfront.net\/hiringlaborg\/sites\/4\/2023\/05\/02182248\/image-300x164.png 300w, https:\/\/d341ezm4iqaae0.cloudfront.net\/hiringlaborg\/sites\/4\/2023\/05\/02182248\/image-768x419.png 768w, https:\/\/d341ezm4iqaae0.cloudfront.net\/hiringlaborg\/sites\/4\/2023\/05\/02182248\/image-1536x838.png 1536w, https:\/\/d341ezm4iqaae0.cloudfront.net\/hiringlaborg\/sites\/4\/2023\/05\/02182248\/image.png 1600w\" sizes=\"auto, (max-width: 1024px) 100vw, 1024px\" \/><figcaption class=\"wp-element-caption\"><em>Le graphique illustre l\u2019\u00e9volution, par rapport \u00e0 la r\u00e9f\u00e9rence du 1<sup>er<\/sup> f\u00e9vrier 2020, du volume d\u2019offres d\u2019emploi en France (en abscisses) en fonction du temps (en ordonn\u00e9es), jusqu\u2019au 5 mai 2023. Les donn\u00e9es, corrig\u00e9es des variations saisonni\u00e8res, proviennent d\u2019Indeed.<\/em><\/figcaption><\/figure>\n\n\n\n<p>Rappelons qu\u2019au plus fort de la pand\u00e9mie de 2020, le volume d\u2019offres avait atteint un point bas \u00e0 -42,5 % apr\u00e8s le premier d\u00e9confinement, avant d\u2019entamer sa reprise, pour bri\u00e8vement rechuter au moment du second confinement en novembre 2020. Apr\u00e8s une croissance soutenue de plusieurs mois, l\u2019incertitude due au <a href=\"https:\/\/www.hiringlab.org\/uk\/blog\/2022\/05\/04\/job-posting-growth-stalls-in-europe\/\" target=\"_blank\" rel=\"noreferrer noopener\">contexte international<\/a> et \u00e0 l\u2019\u00e9conomie mondiale s\u2019\u00e9tait traduite par un recul du volume d\u2019offres sur le mois de juin 2022. La comparaison avec d\u2019autres \u00e9conomies d\u00e9velopp\u00e9es montre que la France suit les autres pays, o\u00f9 les volumes d\u2019annonce montraient des signes de faiblesse depuis plusieurs mois avant un recul marqu\u00e9 depuis le d\u00e9but de l\u2019ann\u00e9e. Par rapport au 1er f\u00e9vrier 2020, la croissance du volume d\u2019annonce en France d\u00e9passe toutefois toujours celle du Royaume-Uni (+20,9 %), de l\u2019Allemagne (+42,6 %), des \u00c9tats-Unis (+ 31,8 %) ou du Canada (+38,7 %).<\/p>\n\n\n\n<p>Les professions dites \u00ab essentielles \u00bb (sant\u00e9, soins \u00e0 domicile, transport, logistique, s\u00e9curit\u00e9) affichent toujours des progressions importantes par rapport au 1<sup>er <\/sup>f\u00e9vrier 2020, avec un volume d\u2019offres en augmentation de 116 % en moyenne, mais l\u2019\u00e9cart par rapport au plus haut de d\u00e9cembre 2022 (+142 %) demeure important. Les recrutements dans les m\u00e9tiers du tourisme et de la restauration perdent \u00e9galement une quinzaine de points sur le d\u00e9but de l\u2019ann\u00e9e, avec une progression de 95 % par rapport au 1<sup>er <\/sup>f\u00e9vrier 2020. Les recrutements dans les m\u00e9tiers du b\u00e2timent et de l\u2019habitat (essentiellement compos\u00e9s de l\u2019architecture, de la construction, de l\u2019installation et de la maintenance et de l\u2019immobilier) se situent toujours 40 % au-dessus de leur niveau d\u2019avant-crise (58 % au plus haut de janvier). Ce chiffre est de 52 % pour le reste des professions \u00ab non essentielles \u00bb, contre 58% au plus haut de janvier.\u00a0\u00a0<\/p>\n\n\n\n<figure class=\"wp-block-image size-large\"><img loading=\"lazy\" decoding=\"async\" width=\"1024\" height=\"559\" src=\"https:\/\/d341ezm4iqaae0.cloudfront.net\/hiringlaborg\/sites\/4\/2023\/05\/02182247\/image-2-1024x559.png\" alt=\"Le graphique illustre l\u2019\u00e9volution, par rapport \u00e0 la r\u00e9f\u00e9rence du 1er f\u00e9vrier 2020, du volume d\u2019offres d\u2019emploi (en abscisses) en fonction du temps (en ordonn\u00e9es), jusqu\u2019au 5 mai 2023. Les courbes individuelles repr\u00e9sentent les secteurs : les professions \u00ab essentielles \u00bb, les m\u00e9tiers du b\u00e2timent et de l\u2019habitat, les m\u00e9tiers du tourisme et de la restauration, ainsi que les autres professions dites \u00ab non essentielles \u00bb. Les donn\u00e9es, corrig\u00e9es des variations saisonni\u00e8res, proviennent d\u2019Indeed.\" class=\"wp-image-12613\" srcset=\"https:\/\/d341ezm4iqaae0.cloudfront.net\/hiringlaborg\/sites\/4\/2023\/05\/02182247\/image-2-1024x559.png 1024w, https:\/\/d341ezm4iqaae0.cloudfront.net\/hiringlaborg\/sites\/4\/2023\/05\/02182247\/image-2-300x164.png 300w, https:\/\/d341ezm4iqaae0.cloudfront.net\/hiringlaborg\/sites\/4\/2023\/05\/02182247\/image-2-768x419.png 768w, https:\/\/d341ezm4iqaae0.cloudfront.net\/hiringlaborg\/sites\/4\/2023\/05\/02182247\/image-2-1536x838.png 1536w, https:\/\/d341ezm4iqaae0.cloudfront.net\/hiringlaborg\/sites\/4\/2023\/05\/02182247\/image-2.png 1600w\" sizes=\"auto, (max-width: 1024px) 100vw, 1024px\" \/><figcaption class=\"wp-element-caption\"><em>Le graphique illustre l\u2019\u00e9volution, par rapport \u00e0 la r\u00e9f\u00e9rence du 1<sup>er<\/sup> f\u00e9vrier 2020, du volume d\u2019offres d\u2019emploi (en abscisses) en fonction du temps (en ordonn\u00e9es), jusqu\u2019au 5 mai 2023. Les courbes individuelles repr\u00e9sentent les secteurs : les professions \u00ab essentielles \u00bb, les m\u00e9tiers du b\u00e2timent et de l\u2019habitat, les m\u00e9tiers du tourisme et de la restauration, ainsi que les autres professions dites \u00ab non essentielles \u00bb. Les donn\u00e9es, corrig\u00e9es des variations saisonni\u00e8res, proviennent d\u2019Indeed.<\/em><\/figcaption><\/figure>\n\n\n\n<p>Dans le d\u00e9tail, les recrutements dans les soins infirmiers, les soins personnels et m\u00e9dicaux \u00e0 domicile, le nettoyage et l\u2019assainissement ou les soins infirmiers voient leur volume d\u2019annonce d\u00e9multipli\u00e9 par rapport \u00e0 l\u2019avant crise. \u00c0 l\u2019inverse, les recrutements dans l\u2019assurance, le d\u00e9veloppement informatique, le service clients ou la construction restent plus en retrait, avec des croissances tr\u00e8s inf\u00e9rieures \u00e0 la moyenne nationale. Sur un an glissant, ce sont les m\u00e9tiers des soins personnels et m\u00e9dicaux \u00e0 domicile et de la m\u00e9decine-chirurgie qui ont connu la plus forte augmentation de leur volume de projets de recrutements.&nbsp;<\/p>\n\n\n\n<figure class=\"wp-block-image size-large\"><img loading=\"lazy\" decoding=\"async\" width=\"1024\" height=\"684\" src=\"https:\/\/d341ezm4iqaae0.cloudfront.net\/hiringlaborg\/sites\/4\/2023\/05\/02182246\/image-3-1024x684.png\" alt=\"Ces tableaux illustrent la reprise in\u00e9gale des projets de recrutement selon les m\u00e9tiers par les annonces sur Indeed au 5 mai 2023. Les tableaux \u00e0 gauche indiquent les m\u00e9tiers pour lesquels les recrutements reprennent le plus fortement, avec la variation du volume d\u2019annonces sur les deux derni\u00e8res semaines, sur un an glissant et par rapport au 1er f\u00e9vrier 2020. Les tableaux \u00e0 gauche listent ces m\u00eames indicateurs pour les m\u00e9tiers dans lesquels les recrutements restent en baisse ou progressent le moins. Les donn\u00e9es, corrig\u00e9es des variations saisonni\u00e8res, proviennent d\u2019Indeed.\" class=\"wp-image-12614\" srcset=\"https:\/\/d341ezm4iqaae0.cloudfront.net\/hiringlaborg\/sites\/4\/2023\/05\/02182246\/image-3-1024x684.png 1024w, https:\/\/d341ezm4iqaae0.cloudfront.net\/hiringlaborg\/sites\/4\/2023\/05\/02182246\/image-3-300x200.png 300w, https:\/\/d341ezm4iqaae0.cloudfront.net\/hiringlaborg\/sites\/4\/2023\/05\/02182246\/image-3-768x513.png 768w, https:\/\/d341ezm4iqaae0.cloudfront.net\/hiringlaborg\/sites\/4\/2023\/05\/02182246\/image-3-1536x1025.png 1536w, https:\/\/d341ezm4iqaae0.cloudfront.net\/hiringlaborg\/sites\/4\/2023\/05\/02182246\/image-3.png 1600w\" sizes=\"auto, (max-width: 1024px) 100vw, 1024px\" \/><figcaption class=\"wp-element-caption\"><em>Ces tableaux illustrent la reprise in\u00e9gale des projets de recrutement selon les m\u00e9tiers par les annonces sur Indeed au 5 mai 2023. Les tableaux \u00e0 gauche indiquent les m\u00e9tiers pour lesquels les recrutements reprennent le plus fortement, avec la variation du volume d\u2019annonces sur les deux derni\u00e8res semaines, sur un an glissant et par rapport au 1<sup>er<\/sup> f\u00e9vrier 2020. Les tableaux \u00e0 gauche listent ces m\u00eames indicateurs pour les m\u00e9tiers dans lesquels les recrutements restent en baisse ou progressent le moins. Les donn\u00e9es, corrig\u00e9es des variations saisonni\u00e8res, proviennent d\u2019Indeed.<\/em><\/figcaption><\/figure>\n\n\n\n<p>Cette modification de la demande de travail des entreprises change logiquement le rapport de force entre candidats et recruteurs sur certains segments du march\u00e9 du travail. Les clics par annonce relatifs, c\u2019est-\u00e0-dire corrig\u00e9s de la tendance g\u00e9n\u00e9rale (voir la m\u00e9thodologie en fin d\u2019article), baissent fortement par rapport au 1<sup>er<\/sup> f\u00e9vrier 2020 dans les m\u00e9tiers de l\u2019immobilier, des soins personnels et m\u00e9dicaux \u00e0 domicile et du commerce de d\u00e9tail, signe que l\u2019int\u00e9r\u00eat des candidats ne suit pas l\u2019accroissement du volume d\u2019offres et que donc la \u00ab tension \u00bb sur ces m\u00e9tiers s\u2019accro\u00eet. \u00c0 l\u2019inverse, les m\u00e9tiers du transport routier ou du support et d\u00e9veloppement informatiques affichent des progressions de clics par annonce importantes, alors que l\u2019on observe une croissance mesur\u00e9e du volume d\u2019annonces. Sur le dernier mois, les tensions de recrutement se sont l\u00e9g\u00e8rement accrues dans les m\u00e9dias et la communication, le transport a\u00e9rien ou l\u2019\u00e9ducation et la formation, et se sont rel\u00e2ch\u00e9es dans l\u2019agriculture et la foresterie, le transport routier ou l\u2019h\u00f4tellerie-tourisme.<\/p>\n\n\n\n<figure class=\"wp-block-image size-large\"><img loading=\"lazy\" decoding=\"async\" width=\"1024\" height=\"692\" src=\"https:\/\/d341ezm4iqaae0.cloudfront.net\/hiringlaborg\/sites\/4\/2023\/05\/02182245\/image-4-1024x692.png\" alt=\"Ces tableaux illustrent la modification, relativement \u00e0 la moyenne, du rapport de force entre candidats et recruteurs depuis le d\u00e9but de la pand\u00e9mie selon les m\u00e9tiers par les clics par annonce relatifs sur Indeed au 5 mai 2023. Les tableaux \u00e0 gauche indiquent les m\u00e9tiers pour lesquels les clics par annonce relatifs baissent le plus fortement, avec la variation sur les deux derni\u00e8res semaines, sur un an glissant et par rapport au 1er f\u00e9vrier 2020. Les tableaux \u00e0 gauche listent ces m\u00eames indicateurs pour les m\u00e9tiers dans lesquels les clics par annonce relatifs augmentent le plus. Les donn\u00e9es, corrig\u00e9es des variations saisonni\u00e8res, proviennent d\u2019Indeed.\" class=\"wp-image-12615\" srcset=\"https:\/\/d341ezm4iqaae0.cloudfront.net\/hiringlaborg\/sites\/4\/2023\/05\/02182245\/image-4-1024x692.png 1024w, https:\/\/d341ezm4iqaae0.cloudfront.net\/hiringlaborg\/sites\/4\/2023\/05\/02182245\/image-4-300x203.png 300w, https:\/\/d341ezm4iqaae0.cloudfront.net\/hiringlaborg\/sites\/4\/2023\/05\/02182245\/image-4-768x519.png 768w, https:\/\/d341ezm4iqaae0.cloudfront.net\/hiringlaborg\/sites\/4\/2023\/05\/02182245\/image-4-1536x1038.png 1536w, https:\/\/d341ezm4iqaae0.cloudfront.net\/hiringlaborg\/sites\/4\/2023\/05\/02182245\/image-4.png 1600w\" sizes=\"auto, (max-width: 1024px) 100vw, 1024px\" \/><figcaption class=\"wp-element-caption\"><em>Ces tableaux illustrent la modification, relativement \u00e0 la moyenne, du rapport de force entre candidats et recruteurs depuis le d\u00e9but de la pand\u00e9mie selon les m\u00e9tiers par les clics par annonce relatifs sur Indeed au 5 mai 2023. Les tableaux \u00e0 gauche indiquent les m\u00e9tiers pour lesquels les clics par annonce relatifs baissent le plus fortement, avec la variation sur les deux derni\u00e8res semaines, sur un an glissant et par rapport au 1<sup>er<\/sup> f\u00e9vrier 2020. Les tableaux \u00e0 gauche listent ces m\u00eames indicateurs pour les m\u00e9tiers dans lesquels les clics par annonce relatifs augmentent le plus. Les donn\u00e9es, corrig\u00e9es des variations saisonni\u00e8res, proviennent d\u2019Indeed.<\/em><\/figcaption><\/figure>\n\n\n\n<p>Enfin, le retard de l\u2019\u00cele-de-France en termes de volume d\u2019offres persiste : la r\u00e9gion francilienne affiche une hausse de 38,8 % par rapport \u00e0 l\u2019avant crise, compar\u00e9 aux 64,4 % de progression du volume total des offres.&nbsp;<\/p>\n\n\n\n<figure class=\"wp-block-image size-large\"><img loading=\"lazy\" decoding=\"async\" width=\"1024\" height=\"559\" src=\"https:\/\/d341ezm4iqaae0.cloudfront.net\/hiringlaborg\/sites\/4\/2023\/05\/02182247\/image-1-1024x559.png\" alt=\"Cet histogramme illustre la variation en pourcentage depuis le 1er f\u00e9vrier 2020 des offres d\u2019emplois sur Indeed, au 5 mai 2023, par r\u00e9gion. Les donn\u00e9es, corrig\u00e9es des variations saisonni\u00e8res, proviennent d\u2019Indeed.\" class=\"wp-image-12612\" srcset=\"https:\/\/d341ezm4iqaae0.cloudfront.net\/hiringlaborg\/sites\/4\/2023\/05\/02182247\/image-1-1024x559.png 1024w, https:\/\/d341ezm4iqaae0.cloudfront.net\/hiringlaborg\/sites\/4\/2023\/05\/02182247\/image-1-300x164.png 300w, https:\/\/d341ezm4iqaae0.cloudfront.net\/hiringlaborg\/sites\/4\/2023\/05\/02182247\/image-1-768x419.png 768w, https:\/\/d341ezm4iqaae0.cloudfront.net\/hiringlaborg\/sites\/4\/2023\/05\/02182247\/image-1-1536x838.png 1536w, https:\/\/d341ezm4iqaae0.cloudfront.net\/hiringlaborg\/sites\/4\/2023\/05\/02182247\/image-1.png 1600w\" sizes=\"auto, (max-width: 1024px) 100vw, 1024px\" \/><figcaption class=\"wp-element-caption\"><em>Cet histogramme illustre la variation en pourcentage depuis le 1er f\u00e9vrier 2020 des offres d\u2019emplois sur Indeed, au 5 mai 2023, par r\u00e9gion. Les donn\u00e9es, corrig\u00e9es des variations saisonni\u00e8res, proviennent d\u2019Indeed.<\/em><\/figcaption><\/figure>\n\n\n\n<p><strong>M\u00e9thodologie<\/strong><\/p>\n\n\n\n<p>Tous les chiffres de ce blog correspondent \u00e0 l&rsquo;\u00e9volution en pourcentage du volume d\u2019offres d&#8217;emploi (corrig\u00e9 des variations saisonni\u00e8res et liss\u00e9 avec une moyenne mobile sur sept jours) depuis le 1<sup>er<\/sup> f\u00e9vrier 2020 (notre r\u00e9f\u00e9rence pr\u00e9-pand\u00e9mie). Les variations saisonni\u00e8res de chaque s\u00e9rie sont corrig\u00e9es en fonction des tendances historiques de 2017, 2018 et 2019. Chaque s\u00e9rie (nationale, sectorielle ou r\u00e9gionale) est d\u00e9saisonnalis\u00e9e s\u00e9par\u00e9ment. Cette m\u00e9thodologie, adopt\u00e9e en janvier 2021, est utilis\u00e9e pour d\u00e9clarer toutes les donn\u00e9es historiques, qui peuvent donc s\u2019\u00e9carter de mani\u00e8re significative des valeurs d\u00e9clar\u00e9es avant janvier 2021. Les s\u00e9ries de donn\u00e9es sont t\u00e9l\u00e9chargeables sur <a href=\"https:\/\/github.com\/hiring-lab\/data\" target=\"_blank\" rel=\"noreferrer noopener\">GitHub<\/a>.<\/p>\n\n\n\n<p>Le taux de clics par annonce relatif permet d&rsquo;\u00e9valuer l&rsquo;\u00e9volution de l&rsquo;int\u00e9r\u00eat des chercheurs d&#8217;emploi pour une cat\u00e9gorie de m\u00e9tiers, par rapport \u00e0 la tendance nationale et \u00e0 la r\u00e9f\u00e9rence pr\u00e9-pand\u00e9mie du 1<sup>er<\/sup> f\u00e9vrier 2020. Le taux de clics par annonce relatifs est le quotient du nombre moyen de clics par offre d&#8217;emploi pour chaque cat\u00e9gorie de m\u00e9tiers par rapport \u00e0 la r\u00e9f\u00e9rence pr\u00e9-pand\u00e9mie, et du nombre total de clics par offre d&#8217;emploi par rapport \u00e0 la r\u00e9f\u00e9rence pr\u00e9-pand\u00e9mie.<br>Le volume d&rsquo;offres d&#8217;emploi publi\u00e9es sur <a href=\"http:\/\/indeed.com\/\" target=\"_blank\" rel=\"noreferrer noopener\">Indeed.com<\/a>, qu\u2019elles soient r\u00e9mun\u00e9r\u00e9es ou non, n&rsquo;est pas indicatif des revenus ou des b\u00e9n\u00e9fices potentiels d&rsquo;Indeed, qui constituent une proportion importante du segment \u00ab HR Technology \u00bb de sa soci\u00e9t\u00e9 m\u00e8re Recruit Holdings Co., Ltd. Le volume d&rsquo;offres d&#8217;emploi est fourni \u00e0 titre d&rsquo;information uniquement et ne saurait \u00eatre consid\u00e9r\u00e9 comme un indicateur de performance d&rsquo;Indeed ou de Recruit. Veuillez vous reporter \u00e0 la page \u00ab Relations investisseurs \u00bb de Recruit Holdings et aux documents r\u00e9glementaires d\u00e9pos\u00e9s au Japon pour obtenir des informations plus d\u00e9taill\u00e9es sur la g\u00e9n\u00e9ration de revenus du segment \u00ab HR Technology \u00bb de Recruit.<\/p>\n","protected":false},"excerpt":{"rendered":"<p>Le 5 mai 2023, le volume d&rsquo;offres d&#8217;emploi sur Indeed France se situait 64,4 % au-dessus de son niveau de r\u00e9f\u00e9rence pr\u00e9-pand\u00e9mie du 1er f\u00e9vrier 2020, apr\u00e8s un point haut atteint \u00e0 +74,0 % le 10 janvier 2023.<\/p>\n","protected":false},"author":103,"featured_media":12616,"comment_status":"closed","ping_status":"closed","sticky":false,"template":"recruiter-hub-blocks.php","format":"standard","meta":{"_acf_changed":false,"footnotes":""},"categories":[1],"tags":[150],"post_mwm_category":[],"post_topic":[],"post_content_type":[],"post_duration":[],"post_actions":[],"post_franchise":[],"post_mwm_author":[189],"class_list":["post-12610","post","type-post","status-publish","format-standard","has-post-thumbnail","hentry","category-uncategorized","tag-spotlight","post_mwm_author-ajudes"],"acf":[],"yoast_head":"<!-- This site is optimized with the Yoast SEO plugin v27.2 - https:\/\/yoast.com\/product\/yoast-seo-wordpress\/ -->\n<title>Offres d\u2019emploi en France au 5 mai 2023 : le volume d\u2019annonces stagne - Indeed Hiring Lab France<\/title>\n<meta name=\"description\" content=\"Le 5 mai 2023, le volume d&#039;offres d&#039;emploi sur Indeed France se situait 64,4 % au-dessus de son niveau de r\u00e9f\u00e9rence pr\u00e9-pand\u00e9mie du 1er f\u00e9vrier 2020, apr\u00e8s un point haut atteint \u00e0 +74,0 % le 10 janvier 2023.\" \/>\n<meta name=\"robots\" content=\"index, follow, max-snippet:-1, max-image-preview:large, max-video-preview:-1\" \/>\n<link rel=\"canonical\" href=\"https:\/\/www.hiringlab.org\/fr\/blog\/2023\/05\/11\/offres-demploi-en-france-au-5-mai\/\" \/>\n<meta property=\"og:locale\" content=\"fr_FR\" \/>\n<meta property=\"og:type\" content=\"article\" \/>\n<meta property=\"og:title\" content=\"Offres d\u2019emploi en France au 5 mai 2023 : le volume d\u2019annonces stagne - Indeed Hiring Lab France\" \/>\n<meta property=\"og:description\" content=\"Le 5 mai 2023, le volume d&#039;offres d&#039;emploi sur Indeed France se situait 64,4 % au-dessus de son niveau de r\u00e9f\u00e9rence pr\u00e9-pand\u00e9mie du 1er f\u00e9vrier 2020, apr\u00e8s un point haut atteint \u00e0 +74,0 % le 10 janvier 2023.\" \/>\n<meta property=\"og:url\" content=\"https:\/\/www.hiringlab.org\/fr\/blog\/2023\/05\/11\/offres-demploi-en-france-au-5-mai\/\" \/>\n<meta property=\"og:site_name\" content=\"Indeed Hiring Lab France\" \/>\n<meta property=\"article:published_time\" content=\"2023-05-11T17:14:28+00:00\" \/>\n<meta property=\"article:modified_time\" content=\"2023-05-11T17:14:29+00:00\" \/>\n<meta property=\"og:image\" content=\"https:\/\/www.hiringlab.org\/fr\/wp-content\/uploads\/sites\/4\/2023\/05\/paris-scaled.jpg\" \/>\n\t<meta property=\"og:image:width\" content=\"2560\" \/>\n\t<meta property=\"og:image:height\" content=\"1920\" \/>\n\t<meta property=\"og:image:type\" content=\"image\/jpeg\" \/>\n<meta name=\"author\" content=\"Alexandre Judes\" \/>\n<meta name=\"twitter:card\" content=\"summary_large_image\" \/>\n<script type=\"application\/ld+json\" class=\"yoast-schema-graph\">{\"@context\":\"https:\/\/schema.org\",\"@graph\":[{\"@type\":\"Article\",\"@id\":\"https:\/\/www.hiringlab.org\/fr\/blog\/2023\/05\/11\/offres-demploi-en-france-au-5-mai\/#article\",\"isPartOf\":{\"@id\":\"https:\/\/www.hiringlab.org\/fr\/blog\/2023\/05\/11\/offres-demploi-en-france-au-5-mai\/\"},\"author\":{\"name\":\"ltheissen\",\"@id\":\"https:\/\/www.hiringlab.org\/fr\/#\/schema\/person\/4b5c7a64267b1cb495fb45e90277f353\"},\"headline\":\"Offres d\u2019emploi en France au 5 mai 2023 : le volume d\u2019annonces stagne\",\"datePublished\":\"2023-05-11T17:14:28+00:00\",\"dateModified\":\"2023-05-11T17:14:29+00:00\",\"mainEntityOfPage\":{\"@id\":\"https:\/\/www.hiringlab.org\/fr\/blog\/2023\/05\/11\/offres-demploi-en-france-au-5-mai\/\"},\"wordCount\":1442,\"image\":{\"@id\":\"https:\/\/www.hiringlab.org\/fr\/blog\/2023\/05\/11\/offres-demploi-en-france-au-5-mai\/#primaryimage\"},\"thumbnailUrl\":\"https:\/\/d341ezm4iqaae0.cloudfront.net\/hiringlaborg\/sites\/4\/2023\/05\/02182244\/paris-scaled.jpg\",\"keywords\":[\"Spotlight\"],\"articleSection\":[\"Uncategorized\"],\"inLanguage\":\"fr-FR\"},{\"@type\":\"WebPage\",\"@id\":\"https:\/\/www.hiringlab.org\/fr\/blog\/2023\/05\/11\/offres-demploi-en-france-au-5-mai\/\",\"url\":\"https:\/\/www.hiringlab.org\/fr\/blog\/2023\/05\/11\/offres-demploi-en-france-au-5-mai\/\",\"name\":\"Offres d\u2019emploi en France au 5 mai 2023 : le volume d\u2019annonces stagne - Indeed Hiring Lab France\",\"isPartOf\":{\"@id\":\"https:\/\/www.hiringlab.org\/fr\/#website\"},\"primaryImageOfPage\":{\"@id\":\"https:\/\/www.hiringlab.org\/fr\/blog\/2023\/05\/11\/offres-demploi-en-france-au-5-mai\/#primaryimage\"},\"image\":{\"@id\":\"https:\/\/www.hiringlab.org\/fr\/blog\/2023\/05\/11\/offres-demploi-en-france-au-5-mai\/#primaryimage\"},\"thumbnailUrl\":\"https:\/\/d341ezm4iqaae0.cloudfront.net\/hiringlaborg\/sites\/4\/2023\/05\/02182244\/paris-scaled.jpg\",\"datePublished\":\"2023-05-11T17:14:28+00:00\",\"dateModified\":\"2023-05-11T17:14:29+00:00\",\"author\":{\"@id\":\"https:\/\/www.hiringlab.org\/fr\/#\/schema\/person\/4b5c7a64267b1cb495fb45e90277f353\"},\"description\":\"Le 5 mai 2023, le volume d'offres d'emploi sur Indeed France se situait 64,4 % au-dessus de son niveau de r\u00e9f\u00e9rence pr\u00e9-pand\u00e9mie du 1er f\u00e9vrier 2020, apr\u00e8s un point haut atteint \u00e0 +74,0 % le 10 janvier 2023.\",\"breadcrumb\":{\"@id\":\"https:\/\/www.hiringlab.org\/fr\/blog\/2023\/05\/11\/offres-demploi-en-france-au-5-mai\/#breadcrumb\"},\"inLanguage\":\"fr-FR\",\"potentialAction\":[{\"@type\":\"ReadAction\",\"target\":[\"https:\/\/www.hiringlab.org\/fr\/blog\/2023\/05\/11\/offres-demploi-en-france-au-5-mai\/\"]}]},{\"@type\":\"ImageObject\",\"inLanguage\":\"fr-FR\",\"@id\":\"https:\/\/www.hiringlab.org\/fr\/blog\/2023\/05\/11\/offres-demploi-en-france-au-5-mai\/#primaryimage\",\"url\":\"https:\/\/d341ezm4iqaae0.cloudfront.net\/hiringlaborg\/sites\/4\/2023\/05\/02182244\/paris-scaled.jpg\",\"contentUrl\":\"https:\/\/d341ezm4iqaae0.cloudfront.net\/hiringlaborg\/sites\/4\/2023\/05\/02182244\/paris-scaled.jpg\",\"width\":2560,\"height\":1920,\"caption\":\"Image de Paris avec la Tour Eiffel en arri\u00e8re-plan\"},{\"@type\":\"BreadcrumbList\",\"@id\":\"https:\/\/www.hiringlab.org\/fr\/blog\/2023\/05\/11\/offres-demploi-en-france-au-5-mai\/#breadcrumb\",\"itemListElement\":[{\"@type\":\"ListItem\",\"position\":1,\"name\":\"Home\",\"item\":\"https:\/\/www.hiringlab.org\/fr\/\"},{\"@type\":\"ListItem\",\"position\":2,\"name\":\"Offres d\u2019emploi en France au 5 mai 2023 : le volume d\u2019annonces stagne\"}]},{\"@type\":\"WebSite\",\"@id\":\"https:\/\/www.hiringlab.org\/fr\/#website\",\"url\":\"https:\/\/www.hiringlab.org\/fr\/\",\"name\":\"Indeed Hiring Lab France\",\"description\":\"Just another Wordpress Admins Site Sites site\",\"potentialAction\":[{\"@type\":\"SearchAction\",\"target\":{\"@type\":\"EntryPoint\",\"urlTemplate\":\"https:\/\/www.hiringlab.org\/fr\/?s={search_term_string}\"},\"query-input\":{\"@type\":\"PropertyValueSpecification\",\"valueRequired\":true,\"valueName\":\"search_term_string\"}}],\"inLanguage\":\"fr-FR\"},{\"@type\":\"Person\",\"@id\":\"https:\/\/www.hiringlab.org\/fr\/#\/schema\/person\/4b5c7a64267b1cb495fb45e90277f353\",\"name\":\"ltheissen\",\"image\":{\"@type\":\"ImageObject\",\"inLanguage\":\"fr-FR\",\"@id\":\"https:\/\/secure.gravatar.com\/avatar\/6367a954a4c7eb916945e225eca8caf2ceb055d42150b6a655ede10de2750ac2?s=96&d=mm&r=g\",\"url\":\"https:\/\/secure.gravatar.com\/avatar\/6367a954a4c7eb916945e225eca8caf2ceb055d42150b6a655ede10de2750ac2?s=96&d=mm&r=g\",\"contentUrl\":\"https:\/\/secure.gravatar.com\/avatar\/6367a954a4c7eb916945e225eca8caf2ceb055d42150b6a655ede10de2750ac2?s=96&d=mm&r=g\",\"caption\":\"ltheissen\"},\"url\":\"https:\/\/www.hiringlab.org\/fr\/blog\/author\/ltheissen\/\"}]}<\/script>\n<!-- \/ Yoast SEO plugin. -->","yoast_head_json":{"title":"Offres d\u2019emploi en France au 5 mai 2023 : le volume d\u2019annonces stagne - Indeed Hiring Lab France","description":"Le 5 mai 2023, le volume d'offres d'emploi sur Indeed France se situait 64,4 % au-dessus de son niveau de r\u00e9f\u00e9rence pr\u00e9-pand\u00e9mie du 1er f\u00e9vrier 2020, apr\u00e8s un point haut atteint \u00e0 +74,0 % le 10 janvier 2023.","robots":{"index":"index","follow":"follow","max-snippet":"max-snippet:-1","max-image-preview":"max-image-preview:large","max-video-preview":"max-video-preview:-1"},"canonical":"https:\/\/www.hiringlab.org\/fr\/blog\/2023\/05\/11\/offres-demploi-en-france-au-5-mai\/","og_locale":"fr_FR","og_type":"article","og_title":"Offres d\u2019emploi en France au 5 mai 2023 : le volume d\u2019annonces stagne - Indeed Hiring Lab France","og_description":"Le 5 mai 2023, le volume d'offres d'emploi sur Indeed France se situait 64,4 % au-dessus de son niveau de r\u00e9f\u00e9rence pr\u00e9-pand\u00e9mie du 1er f\u00e9vrier 2020, apr\u00e8s un point haut atteint \u00e0 +74,0 % le 10 janvier 2023.","og_url":"https:\/\/www.hiringlab.org\/fr\/blog\/2023\/05\/11\/offres-demploi-en-france-au-5-mai\/","og_site_name":"Indeed Hiring Lab France","article_published_time":"2023-05-11T17:14:28+00:00","article_modified_time":"2023-05-11T17:14:29+00:00","og_image":[{"width":2560,"height":1920,"url":"https:\/\/www.hiringlab.org\/fr\/wp-content\/uploads\/sites\/4\/2023\/05\/paris-scaled.jpg","type":"image\/jpeg"}],"author":"Alexandre Judes","twitter_card":"summary_large_image","schema":{"@context":"https:\/\/schema.org","@graph":[{"@type":"Article","@id":"https:\/\/www.hiringlab.org\/fr\/blog\/2023\/05\/11\/offres-demploi-en-france-au-5-mai\/#article","isPartOf":{"@id":"https:\/\/www.hiringlab.org\/fr\/blog\/2023\/05\/11\/offres-demploi-en-france-au-5-mai\/"},"author":{"name":"ltheissen","@id":"https:\/\/www.hiringlab.org\/fr\/#\/schema\/person\/4b5c7a64267b1cb495fb45e90277f353"},"headline":"Offres d\u2019emploi en France au 5 mai 2023 : le volume d\u2019annonces stagne","datePublished":"2023-05-11T17:14:28+00:00","dateModified":"2023-05-11T17:14:29+00:00","mainEntityOfPage":{"@id":"https:\/\/www.hiringlab.org\/fr\/blog\/2023\/05\/11\/offres-demploi-en-france-au-5-mai\/"},"wordCount":1442,"image":{"@id":"https:\/\/www.hiringlab.org\/fr\/blog\/2023\/05\/11\/offres-demploi-en-france-au-5-mai\/#primaryimage"},"thumbnailUrl":"https:\/\/d341ezm4iqaae0.cloudfront.net\/hiringlaborg\/sites\/4\/2023\/05\/02182244\/paris-scaled.jpg","keywords":["Spotlight"],"articleSection":["Uncategorized"],"inLanguage":"fr-FR"},{"@type":"WebPage","@id":"https:\/\/www.hiringlab.org\/fr\/blog\/2023\/05\/11\/offres-demploi-en-france-au-5-mai\/","url":"https:\/\/www.hiringlab.org\/fr\/blog\/2023\/05\/11\/offres-demploi-en-france-au-5-mai\/","name":"Offres d\u2019emploi en France au 5 mai 2023 : le volume d\u2019annonces stagne - Indeed Hiring Lab France","isPartOf":{"@id":"https:\/\/www.hiringlab.org\/fr\/#website"},"primaryImageOfPage":{"@id":"https:\/\/www.hiringlab.org\/fr\/blog\/2023\/05\/11\/offres-demploi-en-france-au-5-mai\/#primaryimage"},"image":{"@id":"https:\/\/www.hiringlab.org\/fr\/blog\/2023\/05\/11\/offres-demploi-en-france-au-5-mai\/#primaryimage"},"thumbnailUrl":"https:\/\/d341ezm4iqaae0.cloudfront.net\/hiringlaborg\/sites\/4\/2023\/05\/02182244\/paris-scaled.jpg","datePublished":"2023-05-11T17:14:28+00:00","dateModified":"2023-05-11T17:14:29+00:00","author":{"@id":"https:\/\/www.hiringlab.org\/fr\/#\/schema\/person\/4b5c7a64267b1cb495fb45e90277f353"},"description":"Le 5 mai 2023, le volume d'offres d'emploi sur Indeed France se situait 64,4 % au-dessus de son niveau de r\u00e9f\u00e9rence pr\u00e9-pand\u00e9mie du 1er f\u00e9vrier 2020, apr\u00e8s un point haut atteint \u00e0 +74,0 % le 10 janvier 2023.","breadcrumb":{"@id":"https:\/\/www.hiringlab.org\/fr\/blog\/2023\/05\/11\/offres-demploi-en-france-au-5-mai\/#breadcrumb"},"inLanguage":"fr-FR","potentialAction":[{"@type":"ReadAction","target":["https:\/\/www.hiringlab.org\/fr\/blog\/2023\/05\/11\/offres-demploi-en-france-au-5-mai\/"]}]},{"@type":"ImageObject","inLanguage":"fr-FR","@id":"https:\/\/www.hiringlab.org\/fr\/blog\/2023\/05\/11\/offres-demploi-en-france-au-5-mai\/#primaryimage","url":"https:\/\/d341ezm4iqaae0.cloudfront.net\/hiringlaborg\/sites\/4\/2023\/05\/02182244\/paris-scaled.jpg","contentUrl":"https:\/\/d341ezm4iqaae0.cloudfront.net\/hiringlaborg\/sites\/4\/2023\/05\/02182244\/paris-scaled.jpg","width":2560,"height":1920,"caption":"Image de Paris avec la Tour Eiffel en arri\u00e8re-plan"},{"@type":"BreadcrumbList","@id":"https:\/\/www.hiringlab.org\/fr\/blog\/2023\/05\/11\/offres-demploi-en-france-au-5-mai\/#breadcrumb","itemListElement":[{"@type":"ListItem","position":1,"name":"Home","item":"https:\/\/www.hiringlab.org\/fr\/"},{"@type":"ListItem","position":2,"name":"Offres d\u2019emploi en France au 5 mai 2023 : le volume d\u2019annonces stagne"}]},{"@type":"WebSite","@id":"https:\/\/www.hiringlab.org\/fr\/#website","url":"https:\/\/www.hiringlab.org\/fr\/","name":"Indeed Hiring Lab France","description":"Just another Wordpress Admins Site Sites site","potentialAction":[{"@type":"SearchAction","target":{"@type":"EntryPoint","urlTemplate":"https:\/\/www.hiringlab.org\/fr\/?s={search_term_string}"},"query-input":{"@type":"PropertyValueSpecification","valueRequired":true,"valueName":"search_term_string"}}],"inLanguage":"fr-FR"},{"@type":"Person","@id":"https:\/\/www.hiringlab.org\/fr\/#\/schema\/person\/4b5c7a64267b1cb495fb45e90277f353","name":"ltheissen","image":{"@type":"ImageObject","inLanguage":"fr-FR","@id":"https:\/\/secure.gravatar.com\/avatar\/6367a954a4c7eb916945e225eca8caf2ceb055d42150b6a655ede10de2750ac2?s=96&d=mm&r=g","url":"https:\/\/secure.gravatar.com\/avatar\/6367a954a4c7eb916945e225eca8caf2ceb055d42150b6a655ede10de2750ac2?s=96&d=mm&r=g","contentUrl":"https:\/\/secure.gravatar.com\/avatar\/6367a954a4c7eb916945e225eca8caf2ceb055d42150b6a655ede10de2750ac2?s=96&d=mm&r=g","caption":"ltheissen"},"url":"https:\/\/www.hiringlab.org\/fr\/blog\/author\/ltheissen\/"}]}},"_links":{"self":[{"href":"https:\/\/www.hiringlab.org\/fr\/wp-json\/wp\/v2\/posts\/12610","targetHints":{"allow":["GET"]}}],"collection":[{"href":"https:\/\/www.hiringlab.org\/fr\/wp-json\/wp\/v2\/posts"}],"about":[{"href":"https:\/\/www.hiringlab.org\/fr\/wp-json\/wp\/v2\/types\/post"}],"author":[{"embeddable":true,"href":"https:\/\/www.hiringlab.org\/fr\/wp-json\/wp\/v2\/users\/103"}],"replies":[{"embeddable":true,"href":"https:\/\/www.hiringlab.org\/fr\/wp-json\/wp\/v2\/comments?post=12610"}],"version-history":[{"count":0,"href":"https:\/\/www.hiringlab.org\/fr\/wp-json\/wp\/v2\/posts\/12610\/revisions"}],"wp:featuredmedia":[{"embeddable":true,"href":"https:\/\/www.hiringlab.org\/fr\/wp-json\/wp\/v2\/media\/12616"}],"wp:attachment":[{"href":"https:\/\/www.hiringlab.org\/fr\/wp-json\/wp\/v2\/media?parent=12610"}],"wp:term":[{"taxonomy":"category","embeddable":true,"href":"https:\/\/www.hiringlab.org\/fr\/wp-json\/wp\/v2\/categories?post=12610"},{"taxonomy":"post_tag","embeddable":true,"href":"https:\/\/www.hiringlab.org\/fr\/wp-json\/wp\/v2\/tags?post=12610"},{"taxonomy":"post_mwm_category","embeddable":true,"href":"https:\/\/www.hiringlab.org\/fr\/wp-json\/wp\/v2\/post_mwm_category?post=12610"},{"taxonomy":"post_topic","embeddable":true,"href":"https:\/\/www.hiringlab.org\/fr\/wp-json\/wp\/v2\/post_topic?post=12610"},{"taxonomy":"post_content_type","embeddable":true,"href":"https:\/\/www.hiringlab.org\/fr\/wp-json\/wp\/v2\/post_content_type?post=12610"},{"taxonomy":"post_duration","embeddable":true,"href":"https:\/\/www.hiringlab.org\/fr\/wp-json\/wp\/v2\/post_duration?post=12610"},{"taxonomy":"post_actions","embeddable":true,"href":"https:\/\/www.hiringlab.org\/fr\/wp-json\/wp\/v2\/post_actions?post=12610"},{"taxonomy":"post_franchise","embeddable":true,"href":"https:\/\/www.hiringlab.org\/fr\/wp-json\/wp\/v2\/post_franchise?post=12610"},{"taxonomy":"post_mwm_author","embeddable":true,"href":"https:\/\/www.hiringlab.org\/fr\/wp-json\/wp\/v2\/post_mwm_author?post=12610"}],"curies":[{"name":"wp","href":"https:\/\/api.w.org\/{rel}","templated":true}]}}