{"id":12494,"date":"2022-06-09T22:39:51","date_gmt":"2022-06-09T20:39:51","guid":{"rendered":"https:\/\/www.hiringlab.org\/fr\/?p=12494"},"modified":"2024-04-02T19:56:32","modified_gmt":"2024-04-02T17:56:32","slug":"donnees-sur-les-offres-demploi-marche-du-travail-francais","status":"publish","type":"post","link":"https:\/\/www.hiringlab.org\/fr\/blog\/2022\/06\/09\/donnees-sur-les-offres-demploi-marche-du-travail-francais\/","title":{"rendered":"Donn\u00e9es en temps r\u00e9el sur les offres d&#8217;emploi sur le march\u00e9 du travail fran\u00e7ais"},"content":{"rendered":"\n<p>Les offres d&#8217;emploi publi\u00e9es sur Indeed constituent une mesure en temps r\u00e9el de la demande de travail sur le march\u00e9 fran\u00e7ais. Pour suivre la reprise \u00e0 la suite de la pand\u00e9mie de COVID-19, l\u2019institut de recherche d\u2019Indeed &#8211; le Hiring Lab &#8211; publie, \u00e0 destination des d\u00e9cideurs du priv\u00e9 et du public, des journalistes, des universitaires mais aussi des chercheurs d\u2019emploi et du grand public en g\u00e9n\u00e9ral, un outil de suivi des offres d\u2019emploi afin de suivre au plus pr\u00e8s les \u00e9volutions du march\u00e9.&nbsp;<\/p>\n\n\n\n<p>Ces graphiques interactifs permettent de comparer les offres d&#8217;emploi sur Indeed pour la France, l&rsquo;Allemagne, le Royaume-Uni, les \u00c9tats-Unis, le Canada et l\u2019Australie. La comparaison par familles de m\u00e9tiers (qui diff\u00e8rent des secteurs d\u2019activit\u00e9) est \u00e9galement disponible pour la France.\u00a0<\/p>\n\n\n\n<p><\/p>\n\n\n<style>\n       .errordiv { padding:10px; margin:10px; border: 1px solid #555555;color: #000000;background-color: #f8f8f8; width:500px; }#advanced_iframe {visibility:visible;opacity:1;vertical-align:top;}.ai-info-bottom-iframe { position: fixed; z-index: 10000; bottom:0; left: 0; margin: 0px; text-align: center; width: 100%; background-color: #ff9999; padding-left: 5px;padding-bottom: 5px; border-top: 1px solid #aaa } a.ai-bold {font-weight: bold;}#ai-layer-div-advanced_iframe p {height:100%;margin:0;padding:0}<\/style><script type=\"text\/javascript\">var ai_iframe_width_advanced_iframe = 0;var ai_iframe_height_advanced_iframe = 0;function aiReceiveMessageadvanced_iframe(event) {  aiProcessMessage(event,\"advanced_iframe\", \"true\",\"\",\"false\",\"false\");}if (window.addEventListener) {  window.addEventListener(\"message\", aiReceiveMessageadvanced_iframe);} else if (el.attachEvent)  {  el.attachEvent(\"message\", aiReceiveMessageadvanced_iframe);}var aiOnloadScrollTop=\"true\";var aiShowDebug=false;\n\t\tif (typeof aiReadyCallbacks === 'undefined') {\n\t\t\tvar aiReadyCallbacks = [];\n\t\t} else if (!(aiReadyCallbacks instanceof Array)) {\n\t\t\tvar aiReadyCallbacks = [];\n\t\t}    function aiShowIframeId(id_iframe) { jQuery(\"#\"+id_iframe).css(\"visibility\", \"visible\");    }    function aiResizeIframeHeight(height) { aiResizeIframeHeight(height,advanced_iframe); }    function aiResizeIframeHeightId(height,width,id) {aiResizeIframeHeightById(id,height);}<\/script><iframe id=\"advanced_iframe\"  name=\"advanced_iframe\"  src=\"https:\/\/hiringlab.shinyapps.io\/hl-data-portal\/\"  width=\"100%\"  height=\"750px\"  frameborder=\"0\"  border=\"0\"  allowtransparency=\"true\"  loading=\"lazy\"  class=\"embed-responsive embed-responsive-4by3\"  style=\";border-width: 0px;;border: none;;width:100%;;height:750px;\" ><\/iframe><script type=\"text\/javascript\">var ifrm_advanced_iframe = document.getElementById(\"advanced_iframe\");var hiddenTabsDoneadvanced_iframe = false;\nfunction resizeCallbackadvanced_iframe() {}<\/script><script type=\"text\/javascript\"><\/script><p style=\"display:block !important; visibility:visible !important;margin: -18px 14px 0 0;padding-left: 3px;padding-top:3px;background: white; overflow: hidden; position: relative; line-height:15px;width: fit-content;\"><small style=\"display:block !important;visibility:visible !important\">powered by Advanced iFrame<\/small><\/p>\n\n\n\n<p>Comment interpr\u00e9ter les donn\u00e9es d&rsquo;Indeed ?<\/p>\n\n\n\n<p>Au plus fort de la crise, le volume d\u2019offres d\u2019emploi a atteint un point bas \u00e0 -42,5 % apr\u00e8s le premier d\u00e9confinement, avant d\u2019entamer sa reprise. Cette reprise est toujours en cours et a \u00e9t\u00e9 relativement constante, malgr\u00e9 une br\u00e8ve rechute au moment du deuxi\u00e8me confinement en novembre 2020. Le volume d\u2019offres d\u2019emploi \u00e9tait de 40 % sup\u00e9rieur \u00e0 son niveau de r\u00e9f\u00e9rence pr\u00e9-pand\u00e9mie du 1<sup>er<\/sup> f\u00e9vrier 2020 en avril 2022.&nbsp;<\/p>\n\n\n\n<p>Les donn\u00e9es d&rsquo;Indeed peuvent \u00eatre t\u00e9l\u00e9charg\u00e9es pour analyse depuis la page Github du Hiring Lab. Le site web du Hiring Lab contient \u00e9galement des analyses sur les tendances du march\u00e9 du travail fran\u00e7ais. En cas de question, veuillez nous contacter ici.&nbsp;<\/p>\n\n\n\n<p><em>Notes m\u00e9thodologiques<\/em><\/p>\n\n\n\n<p>Tous les chiffres pr\u00e9sent\u00e9s correspondent \u00e0 l\u2019\u00e9volution en pourcentage du volume d\u2019offres d\u2019emploi (corrig\u00e9 des variations saisonni\u00e8res et liss\u00e9 avec une moyenne mobile sur sept jours) depuis le 1er f\u00e9vrier 2020 (notre r\u00e9f\u00e9rence pr\u00e9-pand\u00e9mie). Les variations saisonni\u00e8res de chaque s\u00e9rie sont corrig\u00e9es en fonction des tendances historiques de 2017, 2018 et 2019. Chaque s\u00e9rie (nationale, sectorielle ou r\u00e9gionale) est d\u00e9saisonnalis\u00e9e s\u00e9par\u00e9ment. Cette m\u00e9thodologie, adopt\u00e9e en janvier 2021, est utilis\u00e9e pour d\u00e9clarer toutes les donn\u00e9es historiques, qui peuvent donc s\u2019\u00e9carter de mani\u00e8re significative des valeurs d\u00e9clar\u00e9es avant janvier 2021.<\/p>\n\n\n\n<p>Le nombre d\u2019offres d\u2019emploi publi\u00e9es sur Indeed.com, pour des emplois r\u00e9mun\u00e9r\u00e9s ou non, n\u2019est pas indicatif des revenus ou des b\u00e9n\u00e9fices potentiels d\u2019Indeed, qui constituent une proportion importante du segment \u00ab HR Technology \u00bb de sa soci\u00e9t\u00e9 m\u00e8re Recruit Holdings Co., Ltd. Le nombre d\u2019offres d\u2019emploi est fourni \u00e0 titre d\u2019information uniquement et ne doit pas \u00eatre consid\u00e9r\u00e9 comme un indicateur de performance d\u2019Indeed ou de Recruit. Veuillez vous reporter au site web des relations avec les investisseurs de Recruit Holdings et aux documents r\u00e9glementaires d\u00e9pos\u00e9s au Japon pour obtenir des informations plus d\u00e9taill\u00e9es sur la g\u00e9n\u00e9ration de revenus du segment \u00ab HR Technology \u00bb de Recruit.<\/p>\n","protected":false},"excerpt":{"rendered":"<p>Les offres d&#8217;emploi publi\u00e9es sur Indeed constituent une mesure en temps r\u00e9el de la demande de travail sur le march\u00e9 fran\u00e7ais.<\/p>\n","protected":false},"author":37,"featured_media":12495,"comment_status":"closed","ping_status":"closed","sticky":false,"template":"recruiter-hub-blocks.php","format":"standard","meta":{"_acf_changed":false,"footnotes":""},"categories":[1],"tags":[],"post_mwm_category":[],"post_topic":[],"post_content_type":[],"post_duration":[],"post_actions":[],"post_franchise":[],"post_mwm_author":[189],"class_list":["post-12494","post","type-post","status-publish","format-standard","has-post-thumbnail","hentry","category-uncategorized","post_mwm_author-ajudes"],"acf":[],"yoast_head":"<!-- This site is optimized with the Yoast SEO plugin v27.2 - https:\/\/yoast.com\/product\/yoast-seo-wordpress\/ -->\n<title>Donn\u00e9es en temps r\u00e9el sur les offres d&#039;emploi sur le march\u00e9 du travail fran\u00e7ais - Indeed Hiring Lab France<\/title>\n<meta name=\"robots\" content=\"index, follow, max-snippet:-1, max-image-preview:large, max-video-preview:-1\" \/>\n<link rel=\"canonical\" href=\"https:\/\/www.hiringlab.org\/fr\/blog\/2022\/06\/09\/donnees-sur-les-offres-demploi-marche-du-travail-francais\/\" \/>\n<meta property=\"og:locale\" content=\"fr_FR\" \/>\n<meta property=\"og:type\" content=\"article\" \/>\n<meta property=\"og:title\" content=\"Donn\u00e9es en temps r\u00e9el sur les offres d&#039;emploi sur le march\u00e9 du travail fran\u00e7ais - Indeed Hiring Lab France\" \/>\n<meta property=\"og:description\" content=\"Les offres d&#039;emploi publi\u00e9es sur Indeed constituent une mesure en temps r\u00e9el de la demande de travail sur le march\u00e9 fran\u00e7ais.\" \/>\n<meta property=\"og:url\" content=\"https:\/\/www.hiringlab.org\/fr\/blog\/2022\/06\/09\/donnees-sur-les-offres-demploi-marche-du-travail-francais\/\" \/>\n<meta property=\"og:site_name\" content=\"Indeed Hiring Lab France\" \/>\n<meta property=\"article:published_time\" content=\"2022-06-09T20:39:51+00:00\" \/>\n<meta property=\"article:modified_time\" content=\"2024-04-02T17:56:32+00:00\" \/>\n<meta property=\"og:image\" content=\"https:\/\/www.hiringlab.org\/fr\/wp-content\/uploads\/sites\/4\/2022\/06\/GettyImages-1309760275-3.jpg\" \/>\n\t<meta property=\"og:image:width\" content=\"2121\" \/>\n\t<meta property=\"og:image:height\" content=\"1414\" \/>\n\t<meta property=\"og:image:type\" content=\"image\/jpeg\" \/>\n<meta name=\"author\" content=\"Alexandre Judes\" \/>\n<meta name=\"twitter:card\" content=\"summary_large_image\" \/>\n<script type=\"application\/ld+json\" class=\"yoast-schema-graph\">{\"@context\":\"https:\/\/schema.org\",\"@graph\":[{\"@type\":\"Article\",\"@id\":\"https:\/\/www.hiringlab.org\/fr\/blog\/2022\/06\/09\/donnees-sur-les-offres-demploi-marche-du-travail-francais\/#article\",\"isPartOf\":{\"@id\":\"https:\/\/www.hiringlab.org\/fr\/blog\/2022\/06\/09\/donnees-sur-les-offres-demploi-marche-du-travail-francais\/\"},\"author\":{\"name\":\"Alexandre Judes\",\"@id\":\"https:\/\/www.hiringlab.org\/fr\/#\/schema\/person\/35a85469aa9821aef8af2a600eb69c82\"},\"headline\":\"Donn\u00e9es en temps r\u00e9el sur les offres d&#8217;emploi sur le march\u00e9 du travail fran\u00e7ais\",\"datePublished\":\"2022-06-09T20:39:51+00:00\",\"dateModified\":\"2024-04-02T17:56:32+00:00\",\"mainEntityOfPage\":{\"@id\":\"https:\/\/www.hiringlab.org\/fr\/blog\/2022\/06\/09\/donnees-sur-les-offres-demploi-marche-du-travail-francais\/\"},\"wordCount\":550,\"image\":{\"@id\":\"https:\/\/www.hiringlab.org\/fr\/blog\/2022\/06\/09\/donnees-sur-les-offres-demploi-marche-du-travail-francais\/#primaryimage\"},\"thumbnailUrl\":\"https:\/\/d341ezm4iqaae0.cloudfront.net\/hiringlaborg\/sites\/4\/2022\/06\/02182312\/GettyImages-1309760275-3.jpg\",\"articleSection\":[\"Uncategorized\"],\"inLanguage\":\"fr-FR\"},{\"@type\":\"WebPage\",\"@id\":\"https:\/\/www.hiringlab.org\/fr\/blog\/2022\/06\/09\/donnees-sur-les-offres-demploi-marche-du-travail-francais\/\",\"url\":\"https:\/\/www.hiringlab.org\/fr\/blog\/2022\/06\/09\/donnees-sur-les-offres-demploi-marche-du-travail-francais\/\",\"name\":\"Donn\u00e9es en temps r\u00e9el sur les offres d'emploi sur le march\u00e9 du travail fran\u00e7ais - Indeed Hiring Lab France\",\"isPartOf\":{\"@id\":\"https:\/\/www.hiringlab.org\/fr\/#website\"},\"primaryImageOfPage\":{\"@id\":\"https:\/\/www.hiringlab.org\/fr\/blog\/2022\/06\/09\/donnees-sur-les-offres-demploi-marche-du-travail-francais\/#primaryimage\"},\"image\":{\"@id\":\"https:\/\/www.hiringlab.org\/fr\/blog\/2022\/06\/09\/donnees-sur-les-offres-demploi-marche-du-travail-francais\/#primaryimage\"},\"thumbnailUrl\":\"https:\/\/d341ezm4iqaae0.cloudfront.net\/hiringlaborg\/sites\/4\/2022\/06\/02182312\/GettyImages-1309760275-3.jpg\",\"datePublished\":\"2022-06-09T20:39:51+00:00\",\"dateModified\":\"2024-04-02T17:56:32+00:00\",\"author\":{\"@id\":\"https:\/\/www.hiringlab.org\/fr\/#\/schema\/person\/35a85469aa9821aef8af2a600eb69c82\"},\"breadcrumb\":{\"@id\":\"https:\/\/www.hiringlab.org\/fr\/blog\/2022\/06\/09\/donnees-sur-les-offres-demploi-marche-du-travail-francais\/#breadcrumb\"},\"inLanguage\":\"fr-FR\",\"potentialAction\":[{\"@type\":\"ReadAction\",\"target\":[\"https:\/\/www.hiringlab.org\/fr\/blog\/2022\/06\/09\/donnees-sur-les-offres-demploi-marche-du-travail-francais\/\"]}]},{\"@type\":\"ImageObject\",\"inLanguage\":\"fr-FR\",\"@id\":\"https:\/\/www.hiringlab.org\/fr\/blog\/2022\/06\/09\/donnees-sur-les-offres-demploi-marche-du-travail-francais\/#primaryimage\",\"url\":\"https:\/\/d341ezm4iqaae0.cloudfront.net\/hiringlaborg\/sites\/4\/2022\/06\/02182312\/GettyImages-1309760275-3.jpg\",\"contentUrl\":\"https:\/\/d341ezm4iqaae0.cloudfront.net\/hiringlaborg\/sites\/4\/2022\/06\/02182312\/GettyImages-1309760275-3.jpg\",\"width\":2121,\"height\":1414,\"caption\":\"Image d'une personne tapant sur un ordinateur portable la nuit.\"},{\"@type\":\"BreadcrumbList\",\"@id\":\"https:\/\/www.hiringlab.org\/fr\/blog\/2022\/06\/09\/donnees-sur-les-offres-demploi-marche-du-travail-francais\/#breadcrumb\",\"itemListElement\":[{\"@type\":\"ListItem\",\"position\":1,\"name\":\"Home\",\"item\":\"https:\/\/www.hiringlab.org\/fr\/\"},{\"@type\":\"ListItem\",\"position\":2,\"name\":\"Donn\u00e9es en temps r\u00e9el sur les offres d&#8217;emploi sur le march\u00e9 du travail fran\u00e7ais\"}]},{\"@type\":\"WebSite\",\"@id\":\"https:\/\/www.hiringlab.org\/fr\/#website\",\"url\":\"https:\/\/www.hiringlab.org\/fr\/\",\"name\":\"Indeed Hiring Lab France\",\"description\":\"Just another Wordpress Admins Site Sites site\",\"potentialAction\":[{\"@type\":\"SearchAction\",\"target\":{\"@type\":\"EntryPoint\",\"urlTemplate\":\"https:\/\/www.hiringlab.org\/fr\/?s={search_term_string}\"},\"query-input\":{\"@type\":\"PropertyValueSpecification\",\"valueRequired\":true,\"valueName\":\"search_term_string\"}}],\"inLanguage\":\"fr-FR\"},{\"@type\":\"Person\",\"@id\":\"https:\/\/www.hiringlab.org\/fr\/#\/schema\/person\/35a85469aa9821aef8af2a600eb69c82\",\"name\":\"Alexandre Judes\",\"image\":{\"@type\":\"ImageObject\",\"inLanguage\":\"fr-FR\",\"@id\":\"https:\/\/secure.gravatar.com\/avatar\/d4ea58a3c345a594b916e5eab9862bcc2ae6f5489e8b11392ff7df04ef9174c2?s=96&d=mm&r=g\",\"url\":\"https:\/\/secure.gravatar.com\/avatar\/d4ea58a3c345a594b916e5eab9862bcc2ae6f5489e8b11392ff7df04ef9174c2?s=96&d=mm&r=g\",\"contentUrl\":\"https:\/\/secure.gravatar.com\/avatar\/d4ea58a3c345a594b916e5eab9862bcc2ae6f5489e8b11392ff7df04ef9174c2?s=96&d=mm&r=g\",\"caption\":\"Alexandre Judes\"},\"url\":\"https:\/\/www.hiringlab.org\/fr\/blog\/author\/ajudes\/\"}]}<\/script>\n<!-- \/ Yoast SEO plugin. -->","yoast_head_json":{"title":"Donn\u00e9es en temps r\u00e9el sur les offres d'emploi sur le march\u00e9 du travail fran\u00e7ais - Indeed Hiring Lab France","robots":{"index":"index","follow":"follow","max-snippet":"max-snippet:-1","max-image-preview":"max-image-preview:large","max-video-preview":"max-video-preview:-1"},"canonical":"https:\/\/www.hiringlab.org\/fr\/blog\/2022\/06\/09\/donnees-sur-les-offres-demploi-marche-du-travail-francais\/","og_locale":"fr_FR","og_type":"article","og_title":"Donn\u00e9es en temps r\u00e9el sur les offres d'emploi sur le march\u00e9 du travail fran\u00e7ais - Indeed Hiring Lab France","og_description":"Les offres d'emploi publi\u00e9es sur Indeed constituent une mesure en temps r\u00e9el de la demande de travail sur le march\u00e9 fran\u00e7ais.","og_url":"https:\/\/www.hiringlab.org\/fr\/blog\/2022\/06\/09\/donnees-sur-les-offres-demploi-marche-du-travail-francais\/","og_site_name":"Indeed Hiring Lab France","article_published_time":"2022-06-09T20:39:51+00:00","article_modified_time":"2024-04-02T17:56:32+00:00","og_image":[{"width":2121,"height":1414,"url":"https:\/\/www.hiringlab.org\/fr\/wp-content\/uploads\/sites\/4\/2022\/06\/GettyImages-1309760275-3.jpg","type":"image\/jpeg"}],"author":"Alexandre Judes","twitter_card":"summary_large_image","schema":{"@context":"https:\/\/schema.org","@graph":[{"@type":"Article","@id":"https:\/\/www.hiringlab.org\/fr\/blog\/2022\/06\/09\/donnees-sur-les-offres-demploi-marche-du-travail-francais\/#article","isPartOf":{"@id":"https:\/\/www.hiringlab.org\/fr\/blog\/2022\/06\/09\/donnees-sur-les-offres-demploi-marche-du-travail-francais\/"},"author":{"name":"Alexandre Judes","@id":"https:\/\/www.hiringlab.org\/fr\/#\/schema\/person\/35a85469aa9821aef8af2a600eb69c82"},"headline":"Donn\u00e9es en temps r\u00e9el sur les offres d&#8217;emploi sur le march\u00e9 du travail fran\u00e7ais","datePublished":"2022-06-09T20:39:51+00:00","dateModified":"2024-04-02T17:56:32+00:00","mainEntityOfPage":{"@id":"https:\/\/www.hiringlab.org\/fr\/blog\/2022\/06\/09\/donnees-sur-les-offres-demploi-marche-du-travail-francais\/"},"wordCount":550,"image":{"@id":"https:\/\/www.hiringlab.org\/fr\/blog\/2022\/06\/09\/donnees-sur-les-offres-demploi-marche-du-travail-francais\/#primaryimage"},"thumbnailUrl":"https:\/\/d341ezm4iqaae0.cloudfront.net\/hiringlaborg\/sites\/4\/2022\/06\/02182312\/GettyImages-1309760275-3.jpg","articleSection":["Uncategorized"],"inLanguage":"fr-FR"},{"@type":"WebPage","@id":"https:\/\/www.hiringlab.org\/fr\/blog\/2022\/06\/09\/donnees-sur-les-offres-demploi-marche-du-travail-francais\/","url":"https:\/\/www.hiringlab.org\/fr\/blog\/2022\/06\/09\/donnees-sur-les-offres-demploi-marche-du-travail-francais\/","name":"Donn\u00e9es en temps r\u00e9el sur les offres d'emploi sur le march\u00e9 du travail fran\u00e7ais - Indeed Hiring Lab France","isPartOf":{"@id":"https:\/\/www.hiringlab.org\/fr\/#website"},"primaryImageOfPage":{"@id":"https:\/\/www.hiringlab.org\/fr\/blog\/2022\/06\/09\/donnees-sur-les-offres-demploi-marche-du-travail-francais\/#primaryimage"},"image":{"@id":"https:\/\/www.hiringlab.org\/fr\/blog\/2022\/06\/09\/donnees-sur-les-offres-demploi-marche-du-travail-francais\/#primaryimage"},"thumbnailUrl":"https:\/\/d341ezm4iqaae0.cloudfront.net\/hiringlaborg\/sites\/4\/2022\/06\/02182312\/GettyImages-1309760275-3.jpg","datePublished":"2022-06-09T20:39:51+00:00","dateModified":"2024-04-02T17:56:32+00:00","author":{"@id":"https:\/\/www.hiringlab.org\/fr\/#\/schema\/person\/35a85469aa9821aef8af2a600eb69c82"},"breadcrumb":{"@id":"https:\/\/www.hiringlab.org\/fr\/blog\/2022\/06\/09\/donnees-sur-les-offres-demploi-marche-du-travail-francais\/#breadcrumb"},"inLanguage":"fr-FR","potentialAction":[{"@type":"ReadAction","target":["https:\/\/www.hiringlab.org\/fr\/blog\/2022\/06\/09\/donnees-sur-les-offres-demploi-marche-du-travail-francais\/"]}]},{"@type":"ImageObject","inLanguage":"fr-FR","@id":"https:\/\/www.hiringlab.org\/fr\/blog\/2022\/06\/09\/donnees-sur-les-offres-demploi-marche-du-travail-francais\/#primaryimage","url":"https:\/\/d341ezm4iqaae0.cloudfront.net\/hiringlaborg\/sites\/4\/2022\/06\/02182312\/GettyImages-1309760275-3.jpg","contentUrl":"https:\/\/d341ezm4iqaae0.cloudfront.net\/hiringlaborg\/sites\/4\/2022\/06\/02182312\/GettyImages-1309760275-3.jpg","width":2121,"height":1414,"caption":"Image d'une personne tapant sur un ordinateur portable la nuit."},{"@type":"BreadcrumbList","@id":"https:\/\/www.hiringlab.org\/fr\/blog\/2022\/06\/09\/donnees-sur-les-offres-demploi-marche-du-travail-francais\/#breadcrumb","itemListElement":[{"@type":"ListItem","position":1,"name":"Home","item":"https:\/\/www.hiringlab.org\/fr\/"},{"@type":"ListItem","position":2,"name":"Donn\u00e9es en temps r\u00e9el sur les offres d&#8217;emploi sur le march\u00e9 du travail fran\u00e7ais"}]},{"@type":"WebSite","@id":"https:\/\/www.hiringlab.org\/fr\/#website","url":"https:\/\/www.hiringlab.org\/fr\/","name":"Indeed Hiring Lab France","description":"Just another Wordpress Admins Site Sites site","potentialAction":[{"@type":"SearchAction","target":{"@type":"EntryPoint","urlTemplate":"https:\/\/www.hiringlab.org\/fr\/?s={search_term_string}"},"query-input":{"@type":"PropertyValueSpecification","valueRequired":true,"valueName":"search_term_string"}}],"inLanguage":"fr-FR"},{"@type":"Person","@id":"https:\/\/www.hiringlab.org\/fr\/#\/schema\/person\/35a85469aa9821aef8af2a600eb69c82","name":"Alexandre Judes","image":{"@type":"ImageObject","inLanguage":"fr-FR","@id":"https:\/\/secure.gravatar.com\/avatar\/d4ea58a3c345a594b916e5eab9862bcc2ae6f5489e8b11392ff7df04ef9174c2?s=96&d=mm&r=g","url":"https:\/\/secure.gravatar.com\/avatar\/d4ea58a3c345a594b916e5eab9862bcc2ae6f5489e8b11392ff7df04ef9174c2?s=96&d=mm&r=g","contentUrl":"https:\/\/secure.gravatar.com\/avatar\/d4ea58a3c345a594b916e5eab9862bcc2ae6f5489e8b11392ff7df04ef9174c2?s=96&d=mm&r=g","caption":"Alexandre Judes"},"url":"https:\/\/www.hiringlab.org\/fr\/blog\/author\/ajudes\/"}]}},"_links":{"self":[{"href":"https:\/\/www.hiringlab.org\/fr\/wp-json\/wp\/v2\/posts\/12494","targetHints":{"allow":["GET"]}}],"collection":[{"href":"https:\/\/www.hiringlab.org\/fr\/wp-json\/wp\/v2\/posts"}],"about":[{"href":"https:\/\/www.hiringlab.org\/fr\/wp-json\/wp\/v2\/types\/post"}],"author":[{"embeddable":true,"href":"https:\/\/www.hiringlab.org\/fr\/wp-json\/wp\/v2\/users\/37"}],"replies":[{"embeddable":true,"href":"https:\/\/www.hiringlab.org\/fr\/wp-json\/wp\/v2\/comments?post=12494"}],"version-history":[{"count":0,"href":"https:\/\/www.hiringlab.org\/fr\/wp-json\/wp\/v2\/posts\/12494\/revisions"}],"wp:featuredmedia":[{"embeddable":true,"href":"https:\/\/www.hiringlab.org\/fr\/wp-json\/wp\/v2\/media\/12495"}],"wp:attachment":[{"href":"https:\/\/www.hiringlab.org\/fr\/wp-json\/wp\/v2\/media?parent=12494"}],"wp:term":[{"taxonomy":"category","embeddable":true,"href":"https:\/\/www.hiringlab.org\/fr\/wp-json\/wp\/v2\/categories?post=12494"},{"taxonomy":"post_tag","embeddable":true,"href":"https:\/\/www.hiringlab.org\/fr\/wp-json\/wp\/v2\/tags?post=12494"},{"taxonomy":"post_mwm_category","embeddable":true,"href":"https:\/\/www.hiringlab.org\/fr\/wp-json\/wp\/v2\/post_mwm_category?post=12494"},{"taxonomy":"post_topic","embeddable":true,"href":"https:\/\/www.hiringlab.org\/fr\/wp-json\/wp\/v2\/post_topic?post=12494"},{"taxonomy":"post_content_type","embeddable":true,"href":"https:\/\/www.hiringlab.org\/fr\/wp-json\/wp\/v2\/post_content_type?post=12494"},{"taxonomy":"post_duration","embeddable":true,"href":"https:\/\/www.hiringlab.org\/fr\/wp-json\/wp\/v2\/post_duration?post=12494"},{"taxonomy":"post_actions","embeddable":true,"href":"https:\/\/www.hiringlab.org\/fr\/wp-json\/wp\/v2\/post_actions?post=12494"},{"taxonomy":"post_franchise","embeddable":true,"href":"https:\/\/www.hiringlab.org\/fr\/wp-json\/wp\/v2\/post_franchise?post=12494"},{"taxonomy":"post_mwm_author","embeddable":true,"href":"https:\/\/www.hiringlab.org\/fr\/wp-json\/wp\/v2\/post_mwm_author?post=12494"}],"curies":[{"name":"wp","href":"https:\/\/api.w.org\/{rel}","templated":true}]}}