{"id":12236,"date":"2021-10-14T15:36:17","date_gmt":"2021-10-14T13:36:17","guid":{"rendered":"https:\/\/www.hiringlab.org\/fr\/?p=12236"},"modified":"2021-10-14T15:36:17","modified_gmt":"2021-10-14T13:36:17","slug":"vaccination-et-offres-demploi","status":"publish","type":"post","link":"https:\/\/www.hiringlab.org\/fr\/blog\/2021\/10\/14\/vaccination-et-offres-demploi\/","title":{"rendered":"Vaccination et offres d\u2019emploi: des mentions en progression, en particulier dans les m\u00e9tiers \u00ab pr\u00e9sentiels \u00bb"},"content":{"rendered":"\n<p><em>Si les mentions relatives \u00e0 l\u2019exigence de vaccination dans les offres d\u2019emploi ont connu une forte progression depuis juillet dernier, elles ne concernent qu\u2019un peu plus de 1 % des offres d\u2019emploi. Pour autant, deux faits saillants ressortent de l\u2019analyse :&nbsp;<\/em><\/p>\n\n\n\n<ul class=\"wp-block-list\"><li><em>Les annonces pour des emplois qui n\u00e9cessitent un contact avec le public sont les plus susceptibles de requ\u00e9rir explicitement la vaccination, y compris en dehors du secteur m\u00e9dical, soumis \u00e0 une obligation l\u00e9gale.<\/em><\/li><li><em>La Corse et la r\u00e9gion PACA ont le taux de mention de la vaccination dans les annonces le plus \u00e9lev\u00e9, alors qu\u2019elles ont le taux de vaccination le plus faible de m\u00e9tropole.<\/em><\/li><\/ul>\n\n\n\n<p>La vaccination contre la covid reste un sujet clivant dans la soci\u00e9t\u00e9, comme en t\u00e9moigne les <a href=\"https:\/\/www.marianne.net\/societe\/sante\/vaccination-des-soignants-le-15-septembre-obligation-punition-demission\">d\u00e9missions intervenues dans le secteur de sant\u00e9<\/a>, dans lequel les professionnels ont l\u2019obligation de pr\u00e9senter un sch\u00e9ma vaccinal complet. La pand\u00e9mie de coronavirus \u00e9tant malheureusement appel\u00e9e \u00e0 se poursuivre, ces r\u00e9ticences peuvent affecter le fonctionnement du march\u00e9 du travail en d\u00e9gradant encore un peu plus l\u2019appariement entre l\u2019offre et la demande \u00e0 l\u2019heure o\u00f9 de nombreux employeurs ont des difficult\u00e9s \u00e0 recruter, d\u2019o\u00f9 l\u2019int\u00e9r\u00eat d\u2019analyser quelles sont les annonces qui mentionnent l\u2019obligation de se faire vacciner.<\/p>\n\n\n\n<p>Le premier constat qui s\u2019impose est la proportion relativement marginale des mentions relatives \u00e0 la vaccination dans les offres d\u2019emploi. Fin septembre, elles s\u2019\u00e9tablissaient \u00e0 1,1 %, la tr\u00e8s grande majorit\u00e9 d\u2019entre elles concernant explicitement le coronavirus. Cette proportion a connu une croissance soutenue durant tout le mois d\u2019ao\u00fbt, alors que la campagne de vaccination battait son plein et que de nombreuses secondes doses ont \u00e9t\u00e9 administr\u00e9es. Depuis mi-septembre, elle se situe sur un plateau.<\/p>\n\n\n\n<figure class=\"wp-block-image\"><img decoding=\"async\" src=\"https:\/\/lh5.googleusercontent.com\/ByidKo-xYAWMXHhDAFNbEt9275uLAzXRI2Z1N5cLG9k3N3sSk6DW4SI_-Lg2VZsMAkGWrEzY45GtHwZ1axHb0YQ5WasNSO0OQcGlCqSbn-7nUuImicQiniiKOlX5MHWP2vitHblI=s0\" alt=\"\" \/><figcaption><em>Ce graphique en courbes illustre l\u2019\u00e9volution en pourcentage des offres d\u2019emploi en France requ\u00e9rant la vaccination, que ce soit explicitement pour le covid ou pas. L\u2019axe vertical indique une \u00e9chelle de 0 \u00e0&nbsp; 1,2 %. L\u2019axe horizontal indique les dates, du 1<sup>er<\/sup> juillet 2021 au 28 septembre 2021. Les donn\u00e9es proviennent d\u2019Indeed.<\/em><\/figcaption><\/figure>\n\n\n\n<p>La situation est tr\u00e8s variable selon les r\u00e9gions. Les employeurs des r\u00e9gions Provence-Alpes-C\u00f4te d\u2019Azur et Corse sont de loin les plus susceptibles d\u2019exiger la vaccination dans leurs offres (1,7 % contre 1,1 % pour la moyenne nationale). Le poids des secteurs des soins personnels, de l\u2019h\u00f4tellerie et du tourisme, de la restauration ou des activit\u00e9s sportives, plus susceptibles d\u2019exiger la vaccination (voir ci-dessous), repr\u00e9sente une partie de l\u2019explication. Sans pour autant y voir une relation causale, il est int\u00e9ressant de noter que ces r\u00e9gions sont \u00e9galement celles qui affichent les taux de vaccination compl\u00e8te les plus bas de France m\u00e9tropolitaine. Les Hauts-de-France et la Normandie se situent \u00e0 l\u2019autre extr\u00e9mit\u00e9 du spectre, avec 0,9 % et 0,8 % des offres portant mention d\u2019une exigence vaccinale. L\u2019Outre-mer se situe \u00e0 part, avec \u00e0 la fois un <a href=\"https:\/\/datavaccin-covid.ameli.fr\/pages\/type-vaccins\/\">taux de vaccination<\/a> beaucoup plus faible que celui de toutes les autres r\u00e9gions de m\u00e9tropole (34,1 % contre 60,1 % pour la Corse ou 66,0 % pour la PACA) et un taux d\u2019exigence de vaccination tr\u00e8s faible.<\/p>\n\n\n\n<figure class=\"wp-block-image\"><img decoding=\"async\" src=\"https:\/\/lh4.googleusercontent.com\/t6nXhXSpHA2RSse0a1AxfObT7lwiioRnR0veJ8M7tJXiKEBSwqfhpZ0cAKuti4QYWqcIxhGs2GDWVTbJnf4gwo-MYGeezvNWIIpqCfmLUEFjQEkIp59wKt80qk6u6OQOl6GF4wIP=s0\" alt=\"\" \/><figcaption><em>Cet histogramme pr\u00e9sente la part d\u2019annonces mentionnant la vaccination dans les offres (\u00e9chelle de gauche, de 0 \u00e0 1,2 % ; donn\u00e9es Indeed au 28 septembre 2021) et le taux de vaccination (\u00e9chelle de droite, de 0 \u00e0 80 % ; donn\u00e9es Assurance maladie au 26 septembre 2021), par r\u00e9gion. L\u2019axe horizontal indique les pourcentages entre 0 et 80 %.<\/em><\/figcaption><\/figure>\n\n\n\n<p>Des diff\u00e9rences encore plus importantes existent logiquement selon les secteurs, puisque les exigences l\u00e9gales d\u2019une part, et la r\u00e9alit\u00e9 du travail d\u2019autre part, peut varier tr\u00e8s fortement d\u2019un poste \u00e0 l\u2019autre. Les m\u00e9tiers qui s\u2019exercent en \u00ab pr\u00e9sentiel \u00bb affichent les taux de mentions vaccinales les plus \u00e9lev\u00e9s. Ainsi les activit\u00e9s sportives, les m\u00e9tiers de la sant\u00e9 (soumis pour la plupart \u00e0 l\u2019<a href=\"https:\/\/www.service-public.fr\/particuliers\/actualites\/A15106\">obligation vaccinale<\/a>), l\u2019h\u00f4tellerie-tourisme-restauration, la propret\u00e9 et la s\u00e9curit\u00e9 sont les secteurs o\u00f9 l\u2019on retrouve le plus de mentions de vaccination obligatoire. \u00c0 l\u2019inverse, les m\u00e9tiers d\u2019encadrement, de l\u2019industrie ou de la construction affichent des taux quasiment nuls.<\/p>\n\n\n\n<figure class=\"wp-block-image is-resized\"><img loading=\"lazy\" decoding=\"async\" src=\"https:\/\/lh4.googleusercontent.com\/EFkEtlJUwgWIsnrMTSEFZq0z1wYD4mJ6ML5w2bS2aFT8P1mlinvEtySFhCEpORGqs-xpUCIZTf8L_NFA5xegVVtyCgMYzpqIYqowSBpfUkicO2U_lXMt0GlT7hKffE4goXKAArO-=s0\" alt=\"\" width=\"840\" height=\"549\" \/><figcaption><em>Ce tableau illustre les disparit\u00e9s entre secteurs pour l\u2019exigence de vaccination dans les annonces sur Indeed. La partie gauche du tableau liste les familles de m\u00e9tiers pour lesquelles les exigences de vaccination sont les plus fr\u00e9quentes, la partie droite les moins fr\u00e9quentes. Pour chaque famille de m\u00e9tiers, la part des annonces requ\u00e9rant la vaccination dans le total du secteur est mentionn\u00e9e, en %. Les donn\u00e9es proviennent d\u2019Indeed.<\/em><\/figcaption><\/figure>\n\n\n\n<p>Au vu de la relative raret\u00e9 des mentions de vaccination obligatoire dans les offres du secteur de la sant\u00e9 (2,8 % dans les soins infirmiers par exemple), il est permis de penser que de nombreux employeurs n\u2019int\u00e8grent toujours pas l\u2019information n\u00e9cessaire sur ces aspects sanitaires dans les offres, et laissent donc les candidats potentiels dans le doute. Une approche peu efficace alors que le sujet reste important pour limiter le bilan humain de la pand\u00e9mie.<\/p>\n\n\n\n<p><strong><em>M\u00e9thodologie :&nbsp;<\/em><\/strong><\/p>\n\n\n\n<p><em>Les mots-cl\u00e9s utilis\u00e9s pour identifier les offres mentionnant la vaccination obligatoire sont les suivants :&nbsp;<\/em><\/p>\n\n\n\n<ul class=\"wp-block-list\"><li><em>pour la covid sp\u00e9cifiquement : obligation de vaccination contre la covid ; <\/em><em>vaccination contre la covid requise ; vaccination contre le covid requise ; vaccination covid obligatoire ; vaccination contre le covid ; vaccination contre la covid ; vaccination anti covid ; pass sanitaire ; pass sanitaire obligatoire ; pass sanitaire exig\u00e9 ; pass sanitaire requis ; passe sanitaire ; passe sanitaire obligatoire ; passe sanitaire exig\u00e9 ; passe sanitaire requis ;<\/em><\/li><li><em>en g\u00e9n\u00e9ral : vaccination compl\u00e8te obligatoire ; vaccination totale obligatoire ; vaccination obligatoire ; vaccination compl\u00e8te ; vaccination exig\u00e9e.<\/em><\/li><\/ul>\n","protected":false},"excerpt":{"rendered":"<p>Si les mentions relatives \u00e0 l\u2019exigence de vaccination dans les offres d\u2019emploi ont connu une forte progression depuis juillet dernier, elles ne concernent qu\u2019un peu plus de 1 % des offres d\u2019emploi.<\/p>\n","protected":false},"author":37,"featured_media":10895,"comment_status":"closed","ping_status":"closed","sticky":false,"template":"recruiter-hub-blocks.php","format":"standard","meta":{"_acf_changed":false,"footnotes":""},"categories":[1],"tags":[],"post_mwm_category":[223],"post_topic":[],"post_content_type":[],"post_duration":[],"post_actions":[],"post_franchise":[],"post_mwm_author":[189],"class_list":["post-12236","post","type-post","status-publish","format-standard","has-post-thumbnail","hentry","category-uncategorized","post_mwm_category-uncategorized","post_mwm_author-ajudes"],"acf":[],"yoast_head":"<!-- This site is optimized with the Yoast SEO plugin v27.2 - https:\/\/yoast.com\/product\/yoast-seo-wordpress\/ -->\n<title>Vaccination et offres d\u2019emploi: des mentions en progression, en particulier dans les m\u00e9tiers \u00ab pr\u00e9sentiels \u00bb - Indeed Hiring Lab France<\/title>\n<meta name=\"robots\" content=\"index, follow, max-snippet:-1, max-image-preview:large, max-video-preview:-1\" \/>\n<link rel=\"canonical\" href=\"https:\/\/www.hiringlab.org\/fr\/blog\/2021\/10\/14\/vaccination-et-offres-demploi\/\" \/>\n<meta property=\"og:locale\" content=\"fr_FR\" \/>\n<meta property=\"og:type\" content=\"article\" \/>\n<meta property=\"og:title\" content=\"Vaccination et offres d\u2019emploi: des mentions en progression, en particulier dans les m\u00e9tiers \u00ab pr\u00e9sentiels \u00bb - Indeed Hiring Lab France\" \/>\n<meta property=\"og:description\" content=\"Si les mentions relatives \u00e0 l\u2019exigence de vaccination dans les offres d\u2019emploi ont connu une forte progression depuis juillet dernier, elles ne concernent qu\u2019un peu plus de 1 % des offres d\u2019emploi.\" \/>\n<meta property=\"og:url\" content=\"https:\/\/www.hiringlab.org\/fr\/blog\/2021\/10\/14\/vaccination-et-offres-demploi\/\" \/>\n<meta property=\"og:site_name\" content=\"Indeed Hiring Lab France\" \/>\n<meta property=\"article:published_time\" content=\"2021-10-14T13:36:17+00:00\" \/>\n<meta property=\"og:image\" content=\"https:\/\/www.hiringlab.org\/fr\/wp-content\/uploads\/sites\/4\/2018\/07\/GettyImages-607477457_optimized.jpg\" \/>\n\t<meta property=\"og:image:width\" content=\"1700\" \/>\n\t<meta property=\"og:image:height\" content=\"1135\" \/>\n\t<meta property=\"og:image:type\" content=\"image\/jpeg\" \/>\n<meta name=\"author\" content=\"Alexandre Judes\" \/>\n<meta name=\"twitter:card\" content=\"summary_large_image\" \/>\n<script type=\"application\/ld+json\" class=\"yoast-schema-graph\">{\"@context\":\"https:\/\/schema.org\",\"@graph\":[{\"@type\":\"Article\",\"@id\":\"https:\/\/www.hiringlab.org\/fr\/blog\/2021\/10\/14\/vaccination-et-offres-demploi\/#article\",\"isPartOf\":{\"@id\":\"https:\/\/www.hiringlab.org\/fr\/blog\/2021\/10\/14\/vaccination-et-offres-demploi\/\"},\"author\":{\"name\":\"Alexandre Judes\",\"@id\":\"https:\/\/www.hiringlab.org\/fr\/#\/schema\/person\/35a85469aa9821aef8af2a600eb69c82\"},\"headline\":\"Vaccination et offres d\u2019emploi: des mentions en progression, en particulier dans les m\u00e9tiers \u00ab pr\u00e9sentiels \u00bb\",\"datePublished\":\"2021-10-14T13:36:17+00:00\",\"mainEntityOfPage\":{\"@id\":\"https:\/\/www.hiringlab.org\/fr\/blog\/2021\/10\/14\/vaccination-et-offres-demploi\/\"},\"wordCount\":967,\"image\":{\"@id\":\"https:\/\/www.hiringlab.org\/fr\/blog\/2021\/10\/14\/vaccination-et-offres-demploi\/#primaryimage\"},\"thumbnailUrl\":\"https:\/\/d341ezm4iqaae0.cloudfront.net\/hiringlaborg\/sites\/4\/2018\/07\/02182446\/GettyImages-607477457_optimized.jpg\",\"articleSection\":[\"Uncategorized\"],\"inLanguage\":\"fr-FR\"},{\"@type\":\"WebPage\",\"@id\":\"https:\/\/www.hiringlab.org\/fr\/blog\/2021\/10\/14\/vaccination-et-offres-demploi\/\",\"url\":\"https:\/\/www.hiringlab.org\/fr\/blog\/2021\/10\/14\/vaccination-et-offres-demploi\/\",\"name\":\"Vaccination et offres d\u2019emploi: des mentions en progression, en particulier dans les m\u00e9tiers \u00ab pr\u00e9sentiels \u00bb - Indeed Hiring Lab France\",\"isPartOf\":{\"@id\":\"https:\/\/www.hiringlab.org\/fr\/#website\"},\"primaryImageOfPage\":{\"@id\":\"https:\/\/www.hiringlab.org\/fr\/blog\/2021\/10\/14\/vaccination-et-offres-demploi\/#primaryimage\"},\"image\":{\"@id\":\"https:\/\/www.hiringlab.org\/fr\/blog\/2021\/10\/14\/vaccination-et-offres-demploi\/#primaryimage\"},\"thumbnailUrl\":\"https:\/\/d341ezm4iqaae0.cloudfront.net\/hiringlaborg\/sites\/4\/2018\/07\/02182446\/GettyImages-607477457_optimized.jpg\",\"datePublished\":\"2021-10-14T13:36:17+00:00\",\"author\":{\"@id\":\"https:\/\/www.hiringlab.org\/fr\/#\/schema\/person\/35a85469aa9821aef8af2a600eb69c82\"},\"breadcrumb\":{\"@id\":\"https:\/\/www.hiringlab.org\/fr\/blog\/2021\/10\/14\/vaccination-et-offres-demploi\/#breadcrumb\"},\"inLanguage\":\"fr-FR\",\"potentialAction\":[{\"@type\":\"ReadAction\",\"target\":[\"https:\/\/www.hiringlab.org\/fr\/blog\/2021\/10\/14\/vaccination-et-offres-demploi\/\"]}]},{\"@type\":\"ImageObject\",\"inLanguage\":\"fr-FR\",\"@id\":\"https:\/\/www.hiringlab.org\/fr\/blog\/2021\/10\/14\/vaccination-et-offres-demploi\/#primaryimage\",\"url\":\"https:\/\/d341ezm4iqaae0.cloudfront.net\/hiringlaborg\/sites\/4\/2018\/07\/02182446\/GettyImages-607477457_optimized.jpg\",\"contentUrl\":\"https:\/\/d341ezm4iqaae0.cloudfront.net\/hiringlaborg\/sites\/4\/2018\/07\/02182446\/GettyImages-607477457_optimized.jpg\",\"width\":1700,\"height\":1135},{\"@type\":\"BreadcrumbList\",\"@id\":\"https:\/\/www.hiringlab.org\/fr\/blog\/2021\/10\/14\/vaccination-et-offres-demploi\/#breadcrumb\",\"itemListElement\":[{\"@type\":\"ListItem\",\"position\":1,\"name\":\"Home\",\"item\":\"https:\/\/www.hiringlab.org\/fr\/\"},{\"@type\":\"ListItem\",\"position\":2,\"name\":\"Vaccination et offres d\u2019emploi: des mentions en progression, en particulier dans les m\u00e9tiers \u00ab pr\u00e9sentiels \u00bb\"}]},{\"@type\":\"WebSite\",\"@id\":\"https:\/\/www.hiringlab.org\/fr\/#website\",\"url\":\"https:\/\/www.hiringlab.org\/fr\/\",\"name\":\"Indeed Hiring Lab France\",\"description\":\"Just another Wordpress Admins Site Sites site\",\"potentialAction\":[{\"@type\":\"SearchAction\",\"target\":{\"@type\":\"EntryPoint\",\"urlTemplate\":\"https:\/\/www.hiringlab.org\/fr\/?s={search_term_string}\"},\"query-input\":{\"@type\":\"PropertyValueSpecification\",\"valueRequired\":true,\"valueName\":\"search_term_string\"}}],\"inLanguage\":\"fr-FR\"},{\"@type\":\"Person\",\"@id\":\"https:\/\/www.hiringlab.org\/fr\/#\/schema\/person\/35a85469aa9821aef8af2a600eb69c82\",\"name\":\"Alexandre Judes\",\"image\":{\"@type\":\"ImageObject\",\"inLanguage\":\"fr-FR\",\"@id\":\"https:\/\/secure.gravatar.com\/avatar\/d4ea58a3c345a594b916e5eab9862bcc2ae6f5489e8b11392ff7df04ef9174c2?s=96&d=mm&r=g\",\"url\":\"https:\/\/secure.gravatar.com\/avatar\/d4ea58a3c345a594b916e5eab9862bcc2ae6f5489e8b11392ff7df04ef9174c2?s=96&d=mm&r=g\",\"contentUrl\":\"https:\/\/secure.gravatar.com\/avatar\/d4ea58a3c345a594b916e5eab9862bcc2ae6f5489e8b11392ff7df04ef9174c2?s=96&d=mm&r=g\",\"caption\":\"Alexandre Judes\"},\"url\":\"https:\/\/www.hiringlab.org\/fr\/blog\/author\/ajudes\/\"}]}<\/script>\n<!-- \/ Yoast SEO plugin. -->","yoast_head_json":{"title":"Vaccination et offres d\u2019emploi: des mentions en progression, en particulier dans les m\u00e9tiers \u00ab pr\u00e9sentiels \u00bb - Indeed Hiring Lab France","robots":{"index":"index","follow":"follow","max-snippet":"max-snippet:-1","max-image-preview":"max-image-preview:large","max-video-preview":"max-video-preview:-1"},"canonical":"https:\/\/www.hiringlab.org\/fr\/blog\/2021\/10\/14\/vaccination-et-offres-demploi\/","og_locale":"fr_FR","og_type":"article","og_title":"Vaccination et offres d\u2019emploi: des mentions en progression, en particulier dans les m\u00e9tiers \u00ab pr\u00e9sentiels \u00bb - Indeed Hiring Lab France","og_description":"Si les mentions relatives \u00e0 l\u2019exigence de vaccination dans les offres d\u2019emploi ont connu une forte progression depuis juillet dernier, elles ne concernent qu\u2019un peu plus de 1 % des offres d\u2019emploi.","og_url":"https:\/\/www.hiringlab.org\/fr\/blog\/2021\/10\/14\/vaccination-et-offres-demploi\/","og_site_name":"Indeed Hiring Lab France","article_published_time":"2021-10-14T13:36:17+00:00","og_image":[{"width":1700,"height":1135,"url":"https:\/\/www.hiringlab.org\/fr\/wp-content\/uploads\/sites\/4\/2018\/07\/GettyImages-607477457_optimized.jpg","type":"image\/jpeg"}],"author":"Alexandre Judes","twitter_card":"summary_large_image","schema":{"@context":"https:\/\/schema.org","@graph":[{"@type":"Article","@id":"https:\/\/www.hiringlab.org\/fr\/blog\/2021\/10\/14\/vaccination-et-offres-demploi\/#article","isPartOf":{"@id":"https:\/\/www.hiringlab.org\/fr\/blog\/2021\/10\/14\/vaccination-et-offres-demploi\/"},"author":{"name":"Alexandre Judes","@id":"https:\/\/www.hiringlab.org\/fr\/#\/schema\/person\/35a85469aa9821aef8af2a600eb69c82"},"headline":"Vaccination et offres d\u2019emploi: des mentions en progression, en particulier dans les m\u00e9tiers \u00ab pr\u00e9sentiels \u00bb","datePublished":"2021-10-14T13:36:17+00:00","mainEntityOfPage":{"@id":"https:\/\/www.hiringlab.org\/fr\/blog\/2021\/10\/14\/vaccination-et-offres-demploi\/"},"wordCount":967,"image":{"@id":"https:\/\/www.hiringlab.org\/fr\/blog\/2021\/10\/14\/vaccination-et-offres-demploi\/#primaryimage"},"thumbnailUrl":"https:\/\/d341ezm4iqaae0.cloudfront.net\/hiringlaborg\/sites\/4\/2018\/07\/02182446\/GettyImages-607477457_optimized.jpg","articleSection":["Uncategorized"],"inLanguage":"fr-FR"},{"@type":"WebPage","@id":"https:\/\/www.hiringlab.org\/fr\/blog\/2021\/10\/14\/vaccination-et-offres-demploi\/","url":"https:\/\/www.hiringlab.org\/fr\/blog\/2021\/10\/14\/vaccination-et-offres-demploi\/","name":"Vaccination et offres d\u2019emploi: des mentions en progression, en particulier dans les m\u00e9tiers \u00ab pr\u00e9sentiels \u00bb - Indeed Hiring Lab France","isPartOf":{"@id":"https:\/\/www.hiringlab.org\/fr\/#website"},"primaryImageOfPage":{"@id":"https:\/\/www.hiringlab.org\/fr\/blog\/2021\/10\/14\/vaccination-et-offres-demploi\/#primaryimage"},"image":{"@id":"https:\/\/www.hiringlab.org\/fr\/blog\/2021\/10\/14\/vaccination-et-offres-demploi\/#primaryimage"},"thumbnailUrl":"https:\/\/d341ezm4iqaae0.cloudfront.net\/hiringlaborg\/sites\/4\/2018\/07\/02182446\/GettyImages-607477457_optimized.jpg","datePublished":"2021-10-14T13:36:17+00:00","author":{"@id":"https:\/\/www.hiringlab.org\/fr\/#\/schema\/person\/35a85469aa9821aef8af2a600eb69c82"},"breadcrumb":{"@id":"https:\/\/www.hiringlab.org\/fr\/blog\/2021\/10\/14\/vaccination-et-offres-demploi\/#breadcrumb"},"inLanguage":"fr-FR","potentialAction":[{"@type":"ReadAction","target":["https:\/\/www.hiringlab.org\/fr\/blog\/2021\/10\/14\/vaccination-et-offres-demploi\/"]}]},{"@type":"ImageObject","inLanguage":"fr-FR","@id":"https:\/\/www.hiringlab.org\/fr\/blog\/2021\/10\/14\/vaccination-et-offres-demploi\/#primaryimage","url":"https:\/\/d341ezm4iqaae0.cloudfront.net\/hiringlaborg\/sites\/4\/2018\/07\/02182446\/GettyImages-607477457_optimized.jpg","contentUrl":"https:\/\/d341ezm4iqaae0.cloudfront.net\/hiringlaborg\/sites\/4\/2018\/07\/02182446\/GettyImages-607477457_optimized.jpg","width":1700,"height":1135},{"@type":"BreadcrumbList","@id":"https:\/\/www.hiringlab.org\/fr\/blog\/2021\/10\/14\/vaccination-et-offres-demploi\/#breadcrumb","itemListElement":[{"@type":"ListItem","position":1,"name":"Home","item":"https:\/\/www.hiringlab.org\/fr\/"},{"@type":"ListItem","position":2,"name":"Vaccination et offres d\u2019emploi: des mentions en progression, en particulier dans les m\u00e9tiers \u00ab pr\u00e9sentiels \u00bb"}]},{"@type":"WebSite","@id":"https:\/\/www.hiringlab.org\/fr\/#website","url":"https:\/\/www.hiringlab.org\/fr\/","name":"Indeed Hiring Lab France","description":"Just another Wordpress Admins Site Sites site","potentialAction":[{"@type":"SearchAction","target":{"@type":"EntryPoint","urlTemplate":"https:\/\/www.hiringlab.org\/fr\/?s={search_term_string}"},"query-input":{"@type":"PropertyValueSpecification","valueRequired":true,"valueName":"search_term_string"}}],"inLanguage":"fr-FR"},{"@type":"Person","@id":"https:\/\/www.hiringlab.org\/fr\/#\/schema\/person\/35a85469aa9821aef8af2a600eb69c82","name":"Alexandre Judes","image":{"@type":"ImageObject","inLanguage":"fr-FR","@id":"https:\/\/secure.gravatar.com\/avatar\/d4ea58a3c345a594b916e5eab9862bcc2ae6f5489e8b11392ff7df04ef9174c2?s=96&d=mm&r=g","url":"https:\/\/secure.gravatar.com\/avatar\/d4ea58a3c345a594b916e5eab9862bcc2ae6f5489e8b11392ff7df04ef9174c2?s=96&d=mm&r=g","contentUrl":"https:\/\/secure.gravatar.com\/avatar\/d4ea58a3c345a594b916e5eab9862bcc2ae6f5489e8b11392ff7df04ef9174c2?s=96&d=mm&r=g","caption":"Alexandre Judes"},"url":"https:\/\/www.hiringlab.org\/fr\/blog\/author\/ajudes\/"}]}},"_links":{"self":[{"href":"https:\/\/www.hiringlab.org\/fr\/wp-json\/wp\/v2\/posts\/12236","targetHints":{"allow":["GET"]}}],"collection":[{"href":"https:\/\/www.hiringlab.org\/fr\/wp-json\/wp\/v2\/posts"}],"about":[{"href":"https:\/\/www.hiringlab.org\/fr\/wp-json\/wp\/v2\/types\/post"}],"author":[{"embeddable":true,"href":"https:\/\/www.hiringlab.org\/fr\/wp-json\/wp\/v2\/users\/37"}],"replies":[{"embeddable":true,"href":"https:\/\/www.hiringlab.org\/fr\/wp-json\/wp\/v2\/comments?post=12236"}],"version-history":[{"count":0,"href":"https:\/\/www.hiringlab.org\/fr\/wp-json\/wp\/v2\/posts\/12236\/revisions"}],"wp:featuredmedia":[{"embeddable":true,"href":"https:\/\/www.hiringlab.org\/fr\/wp-json\/wp\/v2\/media\/10895"}],"wp:attachment":[{"href":"https:\/\/www.hiringlab.org\/fr\/wp-json\/wp\/v2\/media?parent=12236"}],"wp:term":[{"taxonomy":"category","embeddable":true,"href":"https:\/\/www.hiringlab.org\/fr\/wp-json\/wp\/v2\/categories?post=12236"},{"taxonomy":"post_tag","embeddable":true,"href":"https:\/\/www.hiringlab.org\/fr\/wp-json\/wp\/v2\/tags?post=12236"},{"taxonomy":"post_mwm_category","embeddable":true,"href":"https:\/\/www.hiringlab.org\/fr\/wp-json\/wp\/v2\/post_mwm_category?post=12236"},{"taxonomy":"post_topic","embeddable":true,"href":"https:\/\/www.hiringlab.org\/fr\/wp-json\/wp\/v2\/post_topic?post=12236"},{"taxonomy":"post_content_type","embeddable":true,"href":"https:\/\/www.hiringlab.org\/fr\/wp-json\/wp\/v2\/post_content_type?post=12236"},{"taxonomy":"post_duration","embeddable":true,"href":"https:\/\/www.hiringlab.org\/fr\/wp-json\/wp\/v2\/post_duration?post=12236"},{"taxonomy":"post_actions","embeddable":true,"href":"https:\/\/www.hiringlab.org\/fr\/wp-json\/wp\/v2\/post_actions?post=12236"},{"taxonomy":"post_franchise","embeddable":true,"href":"https:\/\/www.hiringlab.org\/fr\/wp-json\/wp\/v2\/post_franchise?post=12236"},{"taxonomy":"post_mwm_author","embeddable":true,"href":"https:\/\/www.hiringlab.org\/fr\/wp-json\/wp\/v2\/post_mwm_author?post=12236"}],"curies":[{"name":"wp","href":"https:\/\/api.w.org\/{rel}","templated":true}]}}