{"id":12143,"date":"2021-06-09T18:48:12","date_gmt":"2021-06-09T16:48:12","guid":{"rendered":"https:\/\/www.hiringlab.org\/fr\/?p=12143"},"modified":"2021-06-09T18:48:12","modified_gmt":"2021-06-09T16:48:12","slug":"coronavirus-et-offres-demploi-au-4-juin-2021","status":"publish","type":"post","link":"https:\/\/www.hiringlab.org\/fr\/blog\/2021\/06\/09\/coronavirus-et-offres-demploi-au-4-juin-2021\/","title":{"rendered":"Coronavirus et offres d\u2019emploi en France : les donn\u00e9es Indeed au 4 juin 2021"},"content":{"rendered":"\n<p><em>Afin de suivre les cons\u00e9quences de la pand\u00e9mie sur le march\u00e9 du travail, cet article est r\u00e9guli\u00e8rement mis \u00e0 jour.&nbsp;<\/em><\/p>\n\n\n\n<p>Le volume d\u2019offres d&#8217;emploi &#8211; une mesure en temps r\u00e9el de l&rsquo;activit\u00e9 du march\u00e9 du travail &#8211; \u00e9tait de 2,3 % sup\u00e9rieur \u00e0 son niveau de r\u00e9f\u00e9rence pr\u00e9-pand\u00e9mie du 1<sup>er<\/sup> f\u00e9vrier 2020, corrig\u00e9 des variations saisonni\u00e8res, au 4 juin 2021. Il s\u2019agit d\u2019une petite progression par rapport aux 1,7 % d\u2019il y a deux semaines.&nbsp;<\/p>\n\n\n\n<p>Le redressement des offres d\u2019emploi est cependant notable sur le dernier mois. Rappelons qu\u2019au plus fort de la crise, le volume d\u2019offres avait atteint un point bas \u00e0 -41,9 % apr\u00e8s le premier d\u00e9confinement, avant d\u2019entamer sa reprise, pour bri\u00e8vement rechuter au moment du deuxi\u00e8me confinement en novembre dernier.&nbsp;&nbsp;<\/p>\n\n\n\n<figure class=\"wp-block-image\"><img decoding=\"async\" src=\"https:\/\/lh6.googleusercontent.com\/K_KbSC7fsfRGTX84onMiONthK6gRS88zmeRt2-fHrPOr_liAOcksyFWaA30_HIM_fMRBM-NrE2tz5et2QNfET6pGU0xnGCriegvaZLdGnCsWkk5XQ15_8HmeYbOpiQp8xp35_7XB\" alt=\"Offres d'emploi en France\"\/><figcaption><em>Le graphique en courbes illustre l\u2019\u00e9volution en pourcentage des offres d\u2019emploi en France au 4 juin 2021, par rapport au 1er f\u00e9vrier 2020, corrig\u00e9e des variations saisonni\u00e8res. L\u2019axe vertical indique une \u00e9chelle de -40 \u00e0 0. L\u2019axe horizontal indique les dates, du 01\/02\/20 au 01\/05\/21. La source des donn\u00e9es est Indeed.<\/em><\/figcaption><\/figure>\n\n\n\n<p>Une comparaison avec d\u2019autres grands pays d\u00e9velopp\u00e9s montre que la France se situe actuellement un peu en dessous des niveaux allemand (7,3 %) et britannique (4,8 %). Les \u00c9tats-Unis et l\u2019Australie affichent des progressions impressionnantes de 29,8 % et 42,9 % respectivement par rapport au 1<sup>er<\/sup> f\u00e9vrier 2020.<\/p>\n\n\n\n<figure class=\"wp-block-image\"><img decoding=\"async\" src=\"https:\/\/lh6.googleusercontent.com\/kTI3v9XwPXyeliP3AourBwG38YOwznSp9g_6on6JzQ-9YbSoPCbaitfYogxRH5SRJFZ0URtE-jK1hfSPzHVxyndljhsQqzmoaW-qxTokwKU1lxbFne7B4fI2skdOT-B3bzt_PiCm\" alt=\"Les recrutements poursuivent leur remontee en France\"\/><figcaption><em>Le graphique en courbes illustre la reprise des recrutements en France et l\u2019\u00e9volution, en pourcentage, du volume d\u2019offres au 4 juin 2021. L\u2019axe vertical indique les pourcentages, entre -70 et 50. L\u2019axe horizontal indique les dates, de f\u00e9vrier 2020 \u00e0 juin 2021. Les courbes individuelles repr\u00e9sentent les pays : la France, l\u2019Allemagne, le Royaume-Uni, les \u00c9tats-Unis et l\u2019Australie. La source des donn\u00e9es corrig\u00e9es des variations saisonni\u00e8res est Indeed.<\/em><\/figcaption><\/figure>\n\n\n\n<p>Par ailleurs, des disparit\u00e9s de plus en plus grandes persistent selon les secteurs. Les m\u00e9tiers de la sant\u00e9, les services de proximit\u00e9 ou \u00e0 la personne, affichent toujours une forte croissance par rapport \u00e0 leur niveau d\u2019avant-crise. \u00c0 l\u2019inverse, les recrutements dans les sciences sociales, le secteur a\u00e9rien, les math\u00e9matiques ou l\u2019ing\u00e9nierie souffrent toujours de la crise, avec des baisses d\u2019annonces en volume de plus de 30 % par rapport au 1<sup>er<\/sup> f\u00e9vrier 2020.&nbsp;<\/p>\n\n\n\n<figure class=\"wp-block-image\"><img decoding=\"async\" src=\"https:\/\/lh4.googleusercontent.com\/7MsiOGI0bKHq4NexUvJmsNm6ywzGcOslLLlel37Yfcov-FdFzjOYW-y8JDrwkN7xMD2vgfGPhjSyhPOvuuHd8wyiAsZnAOvYI1Dz4y-XLA1jL_t9p7mQHsjmbQTDtFF034v3I6wI\" alt=\"tableau de grandes disparites selon les secteurs\"\/><figcaption><em>Le tableau illustre les disparit\u00e9s selon les secteurs pour les annonces sur Indeed.fr au 4 juin 2021. La premi\u00e8re colonne liste les m\u00e9tiers choisis, la deuxi\u00e8me colonne indique l\u2019\u00e9volution par rapport au 1er f\u00e9vrier 2020 et la troisi\u00e8me colonne pr\u00e9cise la variation par rapport au 31 d\u00e9cembre 2020 en points de pourcentage. La premi\u00e8re partie du tableau indique les m\u00e9tiers pour lesquels les recrutements reprennent, leur \u00e9volution et leur variation.&nbsp;<\/em><\/figcaption><\/figure>\n\n\n\n<p>Les m\u00e9tiers du tourisme et de la restauration relancent leurs recrutements \u00e0 une cadence impressionnante depuis plus d\u2019un mois. Ces m\u00e9tiers affichent \u00e0 pr\u00e9sent un volume d\u2019offre sup\u00e9rieur de 12,2 % par rapport au 1<sup>er <\/sup>f\u00e9vrier 2020, mieux que les professions \u00ab non essentielles \u00bb (hors m\u00e9tiers du b\u00e2timent et de l\u2019habitat), qui forment l\u2019essentiel des emplois marchands, \u00e0 -8,9 %. Les m\u00e9tiers du b\u00e2timent et de l\u2019habitat (essentiellement compos\u00e9s de l\u2019architecture, de la construction, de l\u2019installation et de la maintenance et de l\u2019immobilier) ont quant \u00e0 eux d\u00e9j\u00e0 retrouv\u00e9 leur volume d\u2019offre d\u2019avant crise, mais enregistrent une baisse de leurs offres (\u00e0 +1,9 % contre +4,9 % il y a deux semaines). Enfin, ce sont toujours les professions dites \u00ab essentielles \u00bb (sant\u00e9, soins \u00e0 domicile, transport, logistique, s\u00e9curit\u00e9) qui s\u2019en sortent le mieux avec un volume d\u2019offres en augmentation de 31,5 % en moyenne par rapport au 1<sup>er <\/sup>f\u00e9vrier 2020.&nbsp;&nbsp;<\/p>\n\n\n\n<figure class=\"wp-block-image\"><img decoding=\"async\" src=\"https:\/\/lh3.googleusercontent.com\/lvoPnQWPIZ-dBowdffEoOIrResswXf8gDKNbxVeuWqLPyYS7cHjVy-P-CmVWtWYQi781tdNkwXmIfId67bPxhd6j_ZWNkaWL2qI45ZUMR3IxBBdFYHTini6ZeiSpc8Lq5fzhyD5G\" alt=\"Remontee en fleche du tourisme et de la restauration\"\/><figcaption><em>Le graphique en courbes illustre la reprise des recrutements en France dans diff\u00e9rents secteurs et l\u2019\u00e9volution, en pourcentage, du volume d\u2019offres au 4 juin 2021. L\u2019axe vertical indique les pourcentages, entre -80 et 40. L\u2019axe horizontal indique les dates, de f\u00e9vrier 2020 \u00e0 juin 2021. Les courbes individuelles repr\u00e9sentent les secteurs : les professions essentielles, les m\u00e9tiers du b\u00e2timent et de l\u2019habitat, les m\u00e9tiers du tourisme et de la restauration, ainsi que les autres professions dites \u00ab non essentielles \u00bb. La source des donn\u00e9es corrig\u00e9es des variations saisonni\u00e8res est Indeed.<\/em><\/figcaption><\/figure>\n\n\n\n<p>Sur le territoire, les \u00e9volutions restent tout aussi contrast\u00e9es, et ce contrairement au d\u00e9but de la crise. C\u2019est l\u2019\u00cele-de-France qui est toujours la r\u00e9gion la plus touch\u00e9e, avec 15,7 % d\u2019offres en moins, ce qui repr\u00e9sente une am\u00e9lioration de plus de 1 point par rapport \u00e0 il y a deux semaines. Outre l\u2019\u00cele-de-France et la Normandie, toutes les r\u00e9gions fran\u00e7aises affichent \u00e0 pr\u00e9sent un volume d\u2019offres sup\u00e9rieur \u00e0 l\u2019avant-crise.&nbsp;<\/p>\n\n\n\n<figure class=\"wp-block-image\"><img decoding=\"async\" src=\"https:\/\/lh4.googleusercontent.com\/emHz29qn8jaoIVm-PAByDumURC-PvZ5PANWhH3ol9VEjMymZZflvTLqKAY_rt0in6UY0pMxfSlRqNVokXqiGLUrr6az5qN4PxpLOOQ87TWR96V8-GSHjiPjU7gea66Umlol2Q6FE\" alt=\"L'Ile-de-France reste tres affectee par la crise\"\/><figcaption><em>Le graphique \u00e0 barres illustre la variation en pourcentage depuis le 1er f\u00e9vrier 2020 des offres d\u2019emplois sur Indeed.fr, au 4 juin 2021. L\u2019axe horizontal indique les pourcentages entre -20 et 40. L\u2019axe vertical pr\u00e9cise les r\u00e9gions et leur pourcentage de variation.<\/em><\/figcaption><\/figure>\n\n\n\n<p><strong>M\u00e9thodologie<\/strong><\/p>\n\n\n\n<p>Tous les chiffres de ce blog correspondent \u00e0 l&rsquo;\u00e9volution en pourcentage des offres d&#8217;emploi corrig\u00e9es des variations saisonni\u00e8res depuis le 1<sup>er<\/sup> f\u00e9vrier 2020, en utilisant une moyenne mobile sur sept jours. Le 1<sup>er<\/sup> f\u00e9vrier 2020 est notre r\u00e9f\u00e9rence pr\u00e9-pand\u00e9mie. Les variations saisonni\u00e8res de chaque s\u00e9rie sont corrig\u00e9es en fonction des tendances historiques en 2017, 2018 et 2019. Chaque s\u00e9rie, y compris la tendance nationale, les secteurs professionnels et les zones g\u00e9ographiques infranationales, est d\u00e9saisonnalis\u00e9e s\u00e9par\u00e9ment. Cette nouvelle m\u00e9thodologie a \u00e9t\u00e9 adopt\u00e9e en janvier 2021 et est maintenant utilis\u00e9e pour d\u00e9clarer toutes les donn\u00e9es historiques. Celles-ci ont donc \u00e9t\u00e9 r\u00e9vis\u00e9es et peuvent diff\u00e9rer de mani\u00e8re significative des valeurs d\u00e9clar\u00e9es avant janvier 2021. Les s\u00e9ries de donn\u00e9es sont t\u00e9l\u00e9chargeables sur <a href=\"https:\/\/github.com\/hiring-lab\/data\" target=\"_blank\" rel=\"noreferrer noopener\">GitHub<\/a>.<\/p>\n\n\n\n<p>Le nombre d&rsquo;offres d&#8217;emploi publi\u00e9es sur\u00a0<a href=\"http:\/\/indeed.com\/\">Indeed.com<\/a>, pour des emplois r\u00e9mun\u00e9r\u00e9s ou non, n&rsquo;est pas indicatif des revenus ou des b\u00e9n\u00e9fices potentiels d&rsquo;Indeed, qui constituent une proportion importante du segment \u00ab\u00a0HR Technology\u00a0\u00bb de sa soci\u00e9t\u00e9 m\u00e8re Recruit Holdings Co., Ltd. Le nombre d&rsquo;offres d&#8217;emploi est fourni \u00e0 titre d&rsquo;information uniquement et ne doit pas \u00eatre consid\u00e9r\u00e9 comme un indicateur de performance d&rsquo;Indeed ou de Recruit. Veuillez vous reporter au site web des relations avec les investisseurs de Recruit Holdings et aux documents r\u00e9glementaires d\u00e9pos\u00e9s au Japon pour obtenir des informations plus d\u00e9taill\u00e9es sur la g\u00e9n\u00e9ration de revenus du segment \u00ab\u00a0HR\u00a0Technology\u00a0\u00bb de Recruit.<\/p>\n","protected":false},"excerpt":{"rendered":"<p>Le volume d&rsquo;offres d&#8217;emploi sur Indeed France se situait le 4 juin 2021 \u00e0 2,3 % au-dessus de leur niveau de r\u00e9f\u00e9rence pr\u00e9-pand\u00e9mie du 1er f\u00e9vrier 2020. La reprise des recrutements progresse peu par rapport \u00e0 il y a deux semaines, malgr\u00e9 la remont\u00e9e vigoureuse des m\u00e9tiers du tourisme et de la restauration.<\/p>\n","protected":false},"author":37,"featured_media":12151,"comment_status":"closed","ping_status":"closed","sticky":false,"template":"recruiter-hub-blocks.php","format":"standard","meta":{"_acf_changed":false,"footnotes":""},"categories":[1],"tags":[],"post_mwm_category":[222],"post_topic":[],"post_content_type":[],"post_duration":[],"post_actions":[],"post_franchise":[],"post_mwm_author":[189],"class_list":["post-12143","post","type-post","status-publish","format-standard","has-post-thumbnail","hentry","category-uncategorized","post_mwm_category-coronavirus","post_mwm_author-ajudes"],"acf":[],"yoast_head":"<!-- This site is optimized with the Yoast SEO plugin v27.2 - https:\/\/yoast.com\/product\/yoast-seo-wordpress\/ -->\n<title>Coronavirus et offres d\u2019emploi en France : les donn\u00e9es Indeed au 4 juin 2021 - Indeed Hiring Lab France<\/title>\n<meta name=\"robots\" content=\"index, follow, max-snippet:-1, max-image-preview:large, max-video-preview:-1\" \/>\n<link rel=\"canonical\" href=\"https:\/\/www.hiringlab.org\/fr\/blog\/2021\/06\/09\/coronavirus-et-offres-demploi-au-4-juin-2021\/\" \/>\n<meta property=\"og:locale\" content=\"fr_FR\" \/>\n<meta property=\"og:type\" content=\"article\" \/>\n<meta property=\"og:title\" content=\"Coronavirus et offres d\u2019emploi en France : les donn\u00e9es Indeed au 4 juin 2021 - Indeed Hiring Lab France\" \/>\n<meta property=\"og:description\" content=\"Le volume d&#039;offres d&#039;emploi sur Indeed France se situait le 4 juin 2021 \u00e0 2,3 % au-dessus de leur niveau de r\u00e9f\u00e9rence pr\u00e9-pand\u00e9mie du 1er f\u00e9vrier 2020. La reprise des recrutements progresse peu par rapport \u00e0 il y a deux semaines, malgr\u00e9 la remont\u00e9e vigoureuse des m\u00e9tiers du tourisme et de la restauration.\" \/>\n<meta property=\"og:url\" content=\"https:\/\/www.hiringlab.org\/fr\/blog\/2021\/06\/09\/coronavirus-et-offres-demploi-au-4-juin-2021\/\" \/>\n<meta property=\"og:site_name\" content=\"Indeed Hiring Lab France\" \/>\n<meta property=\"article:published_time\" content=\"2021-06-09T16:48:12+00:00\" \/>\n<meta property=\"og:image\" content=\"https:\/\/www.hiringlab.org\/fr\/wp-content\/uploads\/sites\/4\/2021\/06\/GettyImages-687776101_optimized.jpg\" \/>\n\t<meta property=\"og:image:width\" content=\"1700\" \/>\n\t<meta property=\"og:image:height\" content=\"1133\" \/>\n\t<meta property=\"og:image:type\" content=\"image\/jpeg\" \/>\n<meta name=\"author\" content=\"Alexandre Judes\" \/>\n<meta name=\"twitter:card\" content=\"summary_large_image\" \/>\n<script type=\"application\/ld+json\" class=\"yoast-schema-graph\">{\"@context\":\"https:\/\/schema.org\",\"@graph\":[{\"@type\":\"Article\",\"@id\":\"https:\/\/www.hiringlab.org\/fr\/blog\/2021\/06\/09\/coronavirus-et-offres-demploi-au-4-juin-2021\/#article\",\"isPartOf\":{\"@id\":\"https:\/\/www.hiringlab.org\/fr\/blog\/2021\/06\/09\/coronavirus-et-offres-demploi-au-4-juin-2021\/\"},\"author\":{\"name\":\"Alexandre Judes\",\"@id\":\"https:\/\/www.hiringlab.org\/fr\/#\/schema\/person\/35a85469aa9821aef8af2a600eb69c82\"},\"headline\":\"Coronavirus et offres d\u2019emploi en France : les donn\u00e9es Indeed au 4 juin 2021\",\"datePublished\":\"2021-06-09T16:48:12+00:00\",\"mainEntityOfPage\":{\"@id\":\"https:\/\/www.hiringlab.org\/fr\/blog\/2021\/06\/09\/coronavirus-et-offres-demploi-au-4-juin-2021\/\"},\"wordCount\":1132,\"image\":{\"@id\":\"https:\/\/www.hiringlab.org\/fr\/blog\/2021\/06\/09\/coronavirus-et-offres-demploi-au-4-juin-2021\/#primaryimage\"},\"thumbnailUrl\":\"https:\/\/d341ezm4iqaae0.cloudfront.net\/hiringlaborg\/sites\/4\/2021\/06\/02182324\/GettyImages-687776101_optimized.jpg\",\"articleSection\":[\"Uncategorized\"],\"inLanguage\":\"fr-FR\"},{\"@type\":\"WebPage\",\"@id\":\"https:\/\/www.hiringlab.org\/fr\/blog\/2021\/06\/09\/coronavirus-et-offres-demploi-au-4-juin-2021\/\",\"url\":\"https:\/\/www.hiringlab.org\/fr\/blog\/2021\/06\/09\/coronavirus-et-offres-demploi-au-4-juin-2021\/\",\"name\":\"Coronavirus et offres d\u2019emploi en France : les donn\u00e9es Indeed au 4 juin 2021 - Indeed Hiring Lab France\",\"isPartOf\":{\"@id\":\"https:\/\/www.hiringlab.org\/fr\/#website\"},\"primaryImageOfPage\":{\"@id\":\"https:\/\/www.hiringlab.org\/fr\/blog\/2021\/06\/09\/coronavirus-et-offres-demploi-au-4-juin-2021\/#primaryimage\"},\"image\":{\"@id\":\"https:\/\/www.hiringlab.org\/fr\/blog\/2021\/06\/09\/coronavirus-et-offres-demploi-au-4-juin-2021\/#primaryimage\"},\"thumbnailUrl\":\"https:\/\/d341ezm4iqaae0.cloudfront.net\/hiringlaborg\/sites\/4\/2021\/06\/02182324\/GettyImages-687776101_optimized.jpg\",\"datePublished\":\"2021-06-09T16:48:12+00:00\",\"author\":{\"@id\":\"https:\/\/www.hiringlab.org\/fr\/#\/schema\/person\/35a85469aa9821aef8af2a600eb69c82\"},\"breadcrumb\":{\"@id\":\"https:\/\/www.hiringlab.org\/fr\/blog\/2021\/06\/09\/coronavirus-et-offres-demploi-au-4-juin-2021\/#breadcrumb\"},\"inLanguage\":\"fr-FR\",\"potentialAction\":[{\"@type\":\"ReadAction\",\"target\":[\"https:\/\/www.hiringlab.org\/fr\/blog\/2021\/06\/09\/coronavirus-et-offres-demploi-au-4-juin-2021\/\"]}]},{\"@type\":\"ImageObject\",\"inLanguage\":\"fr-FR\",\"@id\":\"https:\/\/www.hiringlab.org\/fr\/blog\/2021\/06\/09\/coronavirus-et-offres-demploi-au-4-juin-2021\/#primaryimage\",\"url\":\"https:\/\/d341ezm4iqaae0.cloudfront.net\/hiringlaborg\/sites\/4\/2021\/06\/02182324\/GettyImages-687776101_optimized.jpg\",\"contentUrl\":\"https:\/\/d341ezm4iqaae0.cloudfront.net\/hiringlaborg\/sites\/4\/2021\/06\/02182324\/GettyImages-687776101_optimized.jpg\",\"width\":1700,\"height\":1133,\"caption\":\"Professionnels \u00e9quip\u00e9s de dispositifs mains libres parlant au t\u00e9l\u00e9phone et travaillant sur des ordinateurs dans un bureau.\"},{\"@type\":\"BreadcrumbList\",\"@id\":\"https:\/\/www.hiringlab.org\/fr\/blog\/2021\/06\/09\/coronavirus-et-offres-demploi-au-4-juin-2021\/#breadcrumb\",\"itemListElement\":[{\"@type\":\"ListItem\",\"position\":1,\"name\":\"Home\",\"item\":\"https:\/\/www.hiringlab.org\/fr\/\"},{\"@type\":\"ListItem\",\"position\":2,\"name\":\"Coronavirus et offres d\u2019emploi en France : les donn\u00e9es Indeed au 4 juin 2021\"}]},{\"@type\":\"WebSite\",\"@id\":\"https:\/\/www.hiringlab.org\/fr\/#website\",\"url\":\"https:\/\/www.hiringlab.org\/fr\/\",\"name\":\"Indeed Hiring Lab France\",\"description\":\"Just another Wordpress Admins Site Sites site\",\"potentialAction\":[{\"@type\":\"SearchAction\",\"target\":{\"@type\":\"EntryPoint\",\"urlTemplate\":\"https:\/\/www.hiringlab.org\/fr\/?s={search_term_string}\"},\"query-input\":{\"@type\":\"PropertyValueSpecification\",\"valueRequired\":true,\"valueName\":\"search_term_string\"}}],\"inLanguage\":\"fr-FR\"},{\"@type\":\"Person\",\"@id\":\"https:\/\/www.hiringlab.org\/fr\/#\/schema\/person\/35a85469aa9821aef8af2a600eb69c82\",\"name\":\"Alexandre Judes\",\"image\":{\"@type\":\"ImageObject\",\"inLanguage\":\"fr-FR\",\"@id\":\"https:\/\/secure.gravatar.com\/avatar\/d4ea58a3c345a594b916e5eab9862bcc2ae6f5489e8b11392ff7df04ef9174c2?s=96&d=mm&r=g\",\"url\":\"https:\/\/secure.gravatar.com\/avatar\/d4ea58a3c345a594b916e5eab9862bcc2ae6f5489e8b11392ff7df04ef9174c2?s=96&d=mm&r=g\",\"contentUrl\":\"https:\/\/secure.gravatar.com\/avatar\/d4ea58a3c345a594b916e5eab9862bcc2ae6f5489e8b11392ff7df04ef9174c2?s=96&d=mm&r=g\",\"caption\":\"Alexandre Judes\"},\"url\":\"https:\/\/www.hiringlab.org\/fr\/blog\/author\/ajudes\/\"}]}<\/script>\n<!-- \/ Yoast SEO plugin. -->","yoast_head_json":{"title":"Coronavirus et offres d\u2019emploi en France : les donn\u00e9es Indeed au 4 juin 2021 - Indeed Hiring Lab France","robots":{"index":"index","follow":"follow","max-snippet":"max-snippet:-1","max-image-preview":"max-image-preview:large","max-video-preview":"max-video-preview:-1"},"canonical":"https:\/\/www.hiringlab.org\/fr\/blog\/2021\/06\/09\/coronavirus-et-offres-demploi-au-4-juin-2021\/","og_locale":"fr_FR","og_type":"article","og_title":"Coronavirus et offres d\u2019emploi en France : les donn\u00e9es Indeed au 4 juin 2021 - Indeed Hiring Lab France","og_description":"Le volume d'offres d'emploi sur Indeed France se situait le 4 juin 2021 \u00e0 2,3 % au-dessus de leur niveau de r\u00e9f\u00e9rence pr\u00e9-pand\u00e9mie du 1er f\u00e9vrier 2020. La reprise des recrutements progresse peu par rapport \u00e0 il y a deux semaines, malgr\u00e9 la remont\u00e9e vigoureuse des m\u00e9tiers du tourisme et de la restauration.","og_url":"https:\/\/www.hiringlab.org\/fr\/blog\/2021\/06\/09\/coronavirus-et-offres-demploi-au-4-juin-2021\/","og_site_name":"Indeed Hiring Lab France","article_published_time":"2021-06-09T16:48:12+00:00","og_image":[{"width":1700,"height":1133,"url":"https:\/\/www.hiringlab.org\/fr\/wp-content\/uploads\/sites\/4\/2021\/06\/GettyImages-687776101_optimized.jpg","type":"image\/jpeg"}],"author":"Alexandre Judes","twitter_card":"summary_large_image","schema":{"@context":"https:\/\/schema.org","@graph":[{"@type":"Article","@id":"https:\/\/www.hiringlab.org\/fr\/blog\/2021\/06\/09\/coronavirus-et-offres-demploi-au-4-juin-2021\/#article","isPartOf":{"@id":"https:\/\/www.hiringlab.org\/fr\/blog\/2021\/06\/09\/coronavirus-et-offres-demploi-au-4-juin-2021\/"},"author":{"name":"Alexandre Judes","@id":"https:\/\/www.hiringlab.org\/fr\/#\/schema\/person\/35a85469aa9821aef8af2a600eb69c82"},"headline":"Coronavirus et offres d\u2019emploi en France : les donn\u00e9es Indeed au 4 juin 2021","datePublished":"2021-06-09T16:48:12+00:00","mainEntityOfPage":{"@id":"https:\/\/www.hiringlab.org\/fr\/blog\/2021\/06\/09\/coronavirus-et-offres-demploi-au-4-juin-2021\/"},"wordCount":1132,"image":{"@id":"https:\/\/www.hiringlab.org\/fr\/blog\/2021\/06\/09\/coronavirus-et-offres-demploi-au-4-juin-2021\/#primaryimage"},"thumbnailUrl":"https:\/\/d341ezm4iqaae0.cloudfront.net\/hiringlaborg\/sites\/4\/2021\/06\/02182324\/GettyImages-687776101_optimized.jpg","articleSection":["Uncategorized"],"inLanguage":"fr-FR"},{"@type":"WebPage","@id":"https:\/\/www.hiringlab.org\/fr\/blog\/2021\/06\/09\/coronavirus-et-offres-demploi-au-4-juin-2021\/","url":"https:\/\/www.hiringlab.org\/fr\/blog\/2021\/06\/09\/coronavirus-et-offres-demploi-au-4-juin-2021\/","name":"Coronavirus et offres d\u2019emploi en France : les donn\u00e9es Indeed au 4 juin 2021 - Indeed Hiring Lab France","isPartOf":{"@id":"https:\/\/www.hiringlab.org\/fr\/#website"},"primaryImageOfPage":{"@id":"https:\/\/www.hiringlab.org\/fr\/blog\/2021\/06\/09\/coronavirus-et-offres-demploi-au-4-juin-2021\/#primaryimage"},"image":{"@id":"https:\/\/www.hiringlab.org\/fr\/blog\/2021\/06\/09\/coronavirus-et-offres-demploi-au-4-juin-2021\/#primaryimage"},"thumbnailUrl":"https:\/\/d341ezm4iqaae0.cloudfront.net\/hiringlaborg\/sites\/4\/2021\/06\/02182324\/GettyImages-687776101_optimized.jpg","datePublished":"2021-06-09T16:48:12+00:00","author":{"@id":"https:\/\/www.hiringlab.org\/fr\/#\/schema\/person\/35a85469aa9821aef8af2a600eb69c82"},"breadcrumb":{"@id":"https:\/\/www.hiringlab.org\/fr\/blog\/2021\/06\/09\/coronavirus-et-offres-demploi-au-4-juin-2021\/#breadcrumb"},"inLanguage":"fr-FR","potentialAction":[{"@type":"ReadAction","target":["https:\/\/www.hiringlab.org\/fr\/blog\/2021\/06\/09\/coronavirus-et-offres-demploi-au-4-juin-2021\/"]}]},{"@type":"ImageObject","inLanguage":"fr-FR","@id":"https:\/\/www.hiringlab.org\/fr\/blog\/2021\/06\/09\/coronavirus-et-offres-demploi-au-4-juin-2021\/#primaryimage","url":"https:\/\/d341ezm4iqaae0.cloudfront.net\/hiringlaborg\/sites\/4\/2021\/06\/02182324\/GettyImages-687776101_optimized.jpg","contentUrl":"https:\/\/d341ezm4iqaae0.cloudfront.net\/hiringlaborg\/sites\/4\/2021\/06\/02182324\/GettyImages-687776101_optimized.jpg","width":1700,"height":1133,"caption":"Professionnels \u00e9quip\u00e9s de dispositifs mains libres parlant au t\u00e9l\u00e9phone et travaillant sur des ordinateurs dans un bureau."},{"@type":"BreadcrumbList","@id":"https:\/\/www.hiringlab.org\/fr\/blog\/2021\/06\/09\/coronavirus-et-offres-demploi-au-4-juin-2021\/#breadcrumb","itemListElement":[{"@type":"ListItem","position":1,"name":"Home","item":"https:\/\/www.hiringlab.org\/fr\/"},{"@type":"ListItem","position":2,"name":"Coronavirus et offres d\u2019emploi en France : les donn\u00e9es Indeed au 4 juin 2021"}]},{"@type":"WebSite","@id":"https:\/\/www.hiringlab.org\/fr\/#website","url":"https:\/\/www.hiringlab.org\/fr\/","name":"Indeed Hiring Lab France","description":"Just another Wordpress Admins Site Sites site","potentialAction":[{"@type":"SearchAction","target":{"@type":"EntryPoint","urlTemplate":"https:\/\/www.hiringlab.org\/fr\/?s={search_term_string}"},"query-input":{"@type":"PropertyValueSpecification","valueRequired":true,"valueName":"search_term_string"}}],"inLanguage":"fr-FR"},{"@type":"Person","@id":"https:\/\/www.hiringlab.org\/fr\/#\/schema\/person\/35a85469aa9821aef8af2a600eb69c82","name":"Alexandre Judes","image":{"@type":"ImageObject","inLanguage":"fr-FR","@id":"https:\/\/secure.gravatar.com\/avatar\/d4ea58a3c345a594b916e5eab9862bcc2ae6f5489e8b11392ff7df04ef9174c2?s=96&d=mm&r=g","url":"https:\/\/secure.gravatar.com\/avatar\/d4ea58a3c345a594b916e5eab9862bcc2ae6f5489e8b11392ff7df04ef9174c2?s=96&d=mm&r=g","contentUrl":"https:\/\/secure.gravatar.com\/avatar\/d4ea58a3c345a594b916e5eab9862bcc2ae6f5489e8b11392ff7df04ef9174c2?s=96&d=mm&r=g","caption":"Alexandre Judes"},"url":"https:\/\/www.hiringlab.org\/fr\/blog\/author\/ajudes\/"}]}},"_links":{"self":[{"href":"https:\/\/www.hiringlab.org\/fr\/wp-json\/wp\/v2\/posts\/12143","targetHints":{"allow":["GET"]}}],"collection":[{"href":"https:\/\/www.hiringlab.org\/fr\/wp-json\/wp\/v2\/posts"}],"about":[{"href":"https:\/\/www.hiringlab.org\/fr\/wp-json\/wp\/v2\/types\/post"}],"author":[{"embeddable":true,"href":"https:\/\/www.hiringlab.org\/fr\/wp-json\/wp\/v2\/users\/37"}],"replies":[{"embeddable":true,"href":"https:\/\/www.hiringlab.org\/fr\/wp-json\/wp\/v2\/comments?post=12143"}],"version-history":[{"count":0,"href":"https:\/\/www.hiringlab.org\/fr\/wp-json\/wp\/v2\/posts\/12143\/revisions"}],"wp:featuredmedia":[{"embeddable":true,"href":"https:\/\/www.hiringlab.org\/fr\/wp-json\/wp\/v2\/media\/12151"}],"wp:attachment":[{"href":"https:\/\/www.hiringlab.org\/fr\/wp-json\/wp\/v2\/media?parent=12143"}],"wp:term":[{"taxonomy":"category","embeddable":true,"href":"https:\/\/www.hiringlab.org\/fr\/wp-json\/wp\/v2\/categories?post=12143"},{"taxonomy":"post_tag","embeddable":true,"href":"https:\/\/www.hiringlab.org\/fr\/wp-json\/wp\/v2\/tags?post=12143"},{"taxonomy":"post_mwm_category","embeddable":true,"href":"https:\/\/www.hiringlab.org\/fr\/wp-json\/wp\/v2\/post_mwm_category?post=12143"},{"taxonomy":"post_topic","embeddable":true,"href":"https:\/\/www.hiringlab.org\/fr\/wp-json\/wp\/v2\/post_topic?post=12143"},{"taxonomy":"post_content_type","embeddable":true,"href":"https:\/\/www.hiringlab.org\/fr\/wp-json\/wp\/v2\/post_content_type?post=12143"},{"taxonomy":"post_duration","embeddable":true,"href":"https:\/\/www.hiringlab.org\/fr\/wp-json\/wp\/v2\/post_duration?post=12143"},{"taxonomy":"post_actions","embeddable":true,"href":"https:\/\/www.hiringlab.org\/fr\/wp-json\/wp\/v2\/post_actions?post=12143"},{"taxonomy":"post_franchise","embeddable":true,"href":"https:\/\/www.hiringlab.org\/fr\/wp-json\/wp\/v2\/post_franchise?post=12143"},{"taxonomy":"post_mwm_author","embeddable":true,"href":"https:\/\/www.hiringlab.org\/fr\/wp-json\/wp\/v2\/post_mwm_author?post=12143"}],"curies":[{"name":"wp","href":"https:\/\/api.w.org\/{rel}","templated":true}]}}