{"id":11667,"date":"2021-04-19T16:51:32","date_gmt":"2021-04-19T14:51:32","guid":{"rendered":"https:\/\/www.hiringlab.org\/fr\/?p=11667"},"modified":"2021-04-19T16:51:32","modified_gmt":"2021-04-19T14:51:32","slug":"la-transformation-du-marche-du-travail","status":"publish","type":"post","link":"https:\/\/www.hiringlab.org\/fr\/blog\/2021\/04\/19\/la-transformation-du-marche-du-travail\/","title":{"rendered":"La transformation du march\u00e9 du travail : Offres d\u2019emploi et recherches des candidats dans la pand\u00e9mie"},"content":{"rendered":"\n<p>Un an apr\u00e8s l\u2019arriv\u00e9e de la pand\u00e9mie en Europe, le march\u00e9 du travail fran\u00e7ais s\u2019est transform\u00e9. Les donn\u00e9es Indeed sur les offres d&#8217;emploi en ligne, les clics des candidats et les CV offrent un aper\u00e7u privil\u00e9gi\u00e9, en quasi temps r\u00e9el, du comportement des employeurs et des chercheurs d&#8217;emploi.&nbsp;<\/p>\n\n\n\n<p>Ce rapport fait le point et d\u00e9crit comment la pand\u00e9mie de coronavirus a modifi\u00e9 les d\u00e9bouch\u00e9s sur le march\u00e9 du travail.<\/p>\n\n\n\n<ul class=\"wp-block-list\"><li>Le profil des candidats et la r\u00e9partition des emplois disponibles ont consid\u00e9rablement chang\u00e9 depuis le d\u00e9but de la crise. Dans la plupart des secteurs, les offres d&#8217;emploi restent en outre plus rares qu&rsquo;avant la pand\u00e9mie, et davantage de personnes sont en concurrence pour les emplois disponibles. Certaines professions sont ainsi devenues beaucoup moins accessibles, tandis que d&rsquo;autres peinent \u00e0 attirer malgr\u00e9 le contexte \u00e9conomique difficile.<\/li><\/ul>\n\n\n\n<ul class=\"wp-block-list\"><li>Les candidats ont \u00e9largi leur champ d&rsquo;action et r\u00e9agissent rapidement aux \u00e9volutions du march\u00e9. Ils recherchent en g\u00e9n\u00e9ral d\u2019autant plus en dehors de leur domaine que leur secteur a \u00e9t\u00e9 s\u00e9v\u00e8rement affect\u00e9 par la pand\u00e9mie. Les secteurs \u00e9chappant \u00e0 cette logique appartiennent aux \u00ab professions essentielles \u00bb ou sont ceux qui se pr\u00eatent facilement au t\u00e9l\u00e9travail.<\/li><\/ul>\n\n\n\n<ul class=\"wp-block-list\"><li>La dissonance entre offre et demande sur le march\u00e9 du travail risque de s\u2019amplifier. Il faudra en outre continuer \u00e0 cr\u00e9er des emplois durables et de qualit\u00e9. Entreprises, chercheurs d\u2019emploi et pouvoirs publics devront donc se retrouver autour de principes simples et parfois adapter leur comportement pour sortir par le haut de la pand\u00e9mie.&nbsp;<\/li><\/ul>\n\n\n\n<p>Pour plus de d\u00e9tails, <a href=\"https:\/\/d341ezm4iqaae0.cloudfront.net\/hiringlaborg\/sites\/4\/2021\/04\/02182329\/Lockdown-Report-April-2021.pdf\" target=\"_blank\" rel=\"noreferrer noopener\">consulter le rapport<\/a>.<\/p>\n","protected":false},"excerpt":{"rendered":"<p>Un an apr\u00e8s l\u2019arriv\u00e9e de la pand\u00e9mie en Europe, le march\u00e9 du travail fran\u00e7ais s\u2019est transform\u00e9.<\/p>\n","protected":false},"author":37,"featured_media":11295,"comment_status":"closed","ping_status":"closed","sticky":false,"template":"recruiter-hub-blocks.php","format":"standard","meta":{"_acf_changed":false,"footnotes":""},"categories":[1],"tags":[],"post_mwm_category":[222],"post_topic":[],"post_content_type":[],"post_duration":[],"post_actions":[],"post_franchise":[],"post_mwm_author":[189],"class_list":["post-11667","post","type-post","status-publish","format-standard","has-post-thumbnail","hentry","category-uncategorized","post_mwm_category-coronavirus","post_mwm_author-ajudes"],"acf":[],"yoast_head":"<!-- This site is optimized with the Yoast SEO plugin v27.2 - https:\/\/yoast.com\/product\/yoast-seo-wordpress\/ -->\n<title>La transformation du march\u00e9 du travail : Offres d\u2019emploi et recherches des candidats dans la pand\u00e9mie - Indeed Hiring Lab France<\/title>\n<meta name=\"robots\" content=\"index, follow, max-snippet:-1, max-image-preview:large, max-video-preview:-1\" \/>\n<link rel=\"canonical\" href=\"https:\/\/www.hiringlab.org\/fr\/blog\/2021\/04\/19\/la-transformation-du-marche-du-travail\/\" \/>\n<meta property=\"og:locale\" content=\"fr_FR\" \/>\n<meta property=\"og:type\" content=\"article\" \/>\n<meta property=\"og:title\" content=\"La transformation du march\u00e9 du travail : Offres d\u2019emploi et recherches des candidats dans la pand\u00e9mie - Indeed Hiring Lab France\" \/>\n<meta property=\"og:description\" content=\"Un an apr\u00e8s l\u2019arriv\u00e9e de la pand\u00e9mie en Europe, le march\u00e9 du travail fran\u00e7ais s\u2019est transform\u00e9.\" \/>\n<meta property=\"og:url\" content=\"https:\/\/www.hiringlab.org\/fr\/blog\/2021\/04\/19\/la-transformation-du-marche-du-travail\/\" \/>\n<meta property=\"og:site_name\" content=\"Indeed Hiring Lab France\" \/>\n<meta property=\"article:published_time\" content=\"2021-04-19T14:51:32+00:00\" \/>\n<meta property=\"og:image\" content=\"https:\/\/www.hiringlab.org\/fr\/wp-content\/uploads\/sites\/4\/2020\/03\/annie-spratt-294450-unsplash-SIZED-1.jpg\" \/>\n\t<meta property=\"og:image:width\" content=\"2000\" \/>\n\t<meta property=\"og:image:height\" content=\"1317\" \/>\n\t<meta property=\"og:image:type\" content=\"image\/jpeg\" \/>\n<meta name=\"author\" content=\"Alexandre Judes\" \/>\n<meta name=\"twitter:card\" content=\"summary_large_image\" \/>\n<script type=\"application\/ld+json\" class=\"yoast-schema-graph\">{\"@context\":\"https:\/\/schema.org\",\"@graph\":[{\"@type\":\"Article\",\"@id\":\"https:\/\/www.hiringlab.org\/fr\/blog\/2021\/04\/19\/la-transformation-du-marche-du-travail\/#article\",\"isPartOf\":{\"@id\":\"https:\/\/www.hiringlab.org\/fr\/blog\/2021\/04\/19\/la-transformation-du-marche-du-travail\/\"},\"author\":{\"name\":\"Alexandre Judes\",\"@id\":\"https:\/\/www.hiringlab.org\/fr\/#\/schema\/person\/35a85469aa9821aef8af2a600eb69c82\"},\"headline\":\"La transformation du march\u00e9 du travail : Offres d\u2019emploi et recherches des candidats dans la pand\u00e9mie\",\"datePublished\":\"2021-04-19T14:51:32+00:00\",\"mainEntityOfPage\":{\"@id\":\"https:\/\/www.hiringlab.org\/fr\/blog\/2021\/04\/19\/la-transformation-du-marche-du-travail\/\"},\"wordCount\":304,\"image\":{\"@id\":\"https:\/\/www.hiringlab.org\/fr\/blog\/2021\/04\/19\/la-transformation-du-marche-du-travail\/#primaryimage\"},\"thumbnailUrl\":\"https:\/\/d341ezm4iqaae0.cloudfront.net\/hiringlaborg\/sites\/4\/2020\/03\/02182412\/annie-spratt-294450-unsplash-SIZED-1.jpg\",\"articleSection\":[\"Uncategorized\"],\"inLanguage\":\"fr-FR\"},{\"@type\":\"WebPage\",\"@id\":\"https:\/\/www.hiringlab.org\/fr\/blog\/2021\/04\/19\/la-transformation-du-marche-du-travail\/\",\"url\":\"https:\/\/www.hiringlab.org\/fr\/blog\/2021\/04\/19\/la-transformation-du-marche-du-travail\/\",\"name\":\"La transformation du march\u00e9 du travail : Offres d\u2019emploi et recherches des candidats dans la pand\u00e9mie - Indeed Hiring Lab France\",\"isPartOf\":{\"@id\":\"https:\/\/www.hiringlab.org\/fr\/#website\"},\"primaryImageOfPage\":{\"@id\":\"https:\/\/www.hiringlab.org\/fr\/blog\/2021\/04\/19\/la-transformation-du-marche-du-travail\/#primaryimage\"},\"image\":{\"@id\":\"https:\/\/www.hiringlab.org\/fr\/blog\/2021\/04\/19\/la-transformation-du-marche-du-travail\/#primaryimage\"},\"thumbnailUrl\":\"https:\/\/d341ezm4iqaae0.cloudfront.net\/hiringlaborg\/sites\/4\/2020\/03\/02182412\/annie-spratt-294450-unsplash-SIZED-1.jpg\",\"datePublished\":\"2021-04-19T14:51:32+00:00\",\"author\":{\"@id\":\"https:\/\/www.hiringlab.org\/fr\/#\/schema\/person\/35a85469aa9821aef8af2a600eb69c82\"},\"breadcrumb\":{\"@id\":\"https:\/\/www.hiringlab.org\/fr\/blog\/2021\/04\/19\/la-transformation-du-marche-du-travail\/#breadcrumb\"},\"inLanguage\":\"fr-FR\",\"potentialAction\":[{\"@type\":\"ReadAction\",\"target\":[\"https:\/\/www.hiringlab.org\/fr\/blog\/2021\/04\/19\/la-transformation-du-marche-du-travail\/\"]}]},{\"@type\":\"ImageObject\",\"inLanguage\":\"fr-FR\",\"@id\":\"https:\/\/www.hiringlab.org\/fr\/blog\/2021\/04\/19\/la-transformation-du-marche-du-travail\/#primaryimage\",\"url\":\"https:\/\/d341ezm4iqaae0.cloudfront.net\/hiringlaborg\/sites\/4\/2020\/03\/02182412\/annie-spratt-294450-unsplash-SIZED-1.jpg\",\"contentUrl\":\"https:\/\/d341ezm4iqaae0.cloudfront.net\/hiringlaborg\/sites\/4\/2020\/03\/02182412\/annie-spratt-294450-unsplash-SIZED-1.jpg\",\"width\":2000,\"height\":1317},{\"@type\":\"BreadcrumbList\",\"@id\":\"https:\/\/www.hiringlab.org\/fr\/blog\/2021\/04\/19\/la-transformation-du-marche-du-travail\/#breadcrumb\",\"itemListElement\":[{\"@type\":\"ListItem\",\"position\":1,\"name\":\"Home\",\"item\":\"https:\/\/www.hiringlab.org\/fr\/\"},{\"@type\":\"ListItem\",\"position\":2,\"name\":\"La transformation du march\u00e9 du travail : Offres d\u2019emploi et recherches des candidats dans la pand\u00e9mie\"}]},{\"@type\":\"WebSite\",\"@id\":\"https:\/\/www.hiringlab.org\/fr\/#website\",\"url\":\"https:\/\/www.hiringlab.org\/fr\/\",\"name\":\"Indeed Hiring Lab France\",\"description\":\"Just another Wordpress Admins Site Sites site\",\"potentialAction\":[{\"@type\":\"SearchAction\",\"target\":{\"@type\":\"EntryPoint\",\"urlTemplate\":\"https:\/\/www.hiringlab.org\/fr\/?s={search_term_string}\"},\"query-input\":{\"@type\":\"PropertyValueSpecification\",\"valueRequired\":true,\"valueName\":\"search_term_string\"}}],\"inLanguage\":\"fr-FR\"},{\"@type\":\"Person\",\"@id\":\"https:\/\/www.hiringlab.org\/fr\/#\/schema\/person\/35a85469aa9821aef8af2a600eb69c82\",\"name\":\"Alexandre Judes\",\"image\":{\"@type\":\"ImageObject\",\"inLanguage\":\"fr-FR\",\"@id\":\"https:\/\/secure.gravatar.com\/avatar\/d4ea58a3c345a594b916e5eab9862bcc2ae6f5489e8b11392ff7df04ef9174c2?s=96&d=mm&r=g\",\"url\":\"https:\/\/secure.gravatar.com\/avatar\/d4ea58a3c345a594b916e5eab9862bcc2ae6f5489e8b11392ff7df04ef9174c2?s=96&d=mm&r=g\",\"contentUrl\":\"https:\/\/secure.gravatar.com\/avatar\/d4ea58a3c345a594b916e5eab9862bcc2ae6f5489e8b11392ff7df04ef9174c2?s=96&d=mm&r=g\",\"caption\":\"Alexandre Judes\"},\"url\":\"https:\/\/www.hiringlab.org\/fr\/blog\/author\/ajudes\/\"}]}<\/script>\n<!-- \/ Yoast SEO plugin. -->","yoast_head_json":{"title":"La transformation du march\u00e9 du travail : Offres d\u2019emploi et recherches des candidats dans la pand\u00e9mie - Indeed Hiring Lab France","robots":{"index":"index","follow":"follow","max-snippet":"max-snippet:-1","max-image-preview":"max-image-preview:large","max-video-preview":"max-video-preview:-1"},"canonical":"https:\/\/www.hiringlab.org\/fr\/blog\/2021\/04\/19\/la-transformation-du-marche-du-travail\/","og_locale":"fr_FR","og_type":"article","og_title":"La transformation du march\u00e9 du travail : Offres d\u2019emploi et recherches des candidats dans la pand\u00e9mie - Indeed Hiring Lab France","og_description":"Un an apr\u00e8s l\u2019arriv\u00e9e de la pand\u00e9mie en Europe, le march\u00e9 du travail fran\u00e7ais s\u2019est transform\u00e9.","og_url":"https:\/\/www.hiringlab.org\/fr\/blog\/2021\/04\/19\/la-transformation-du-marche-du-travail\/","og_site_name":"Indeed Hiring Lab France","article_published_time":"2021-04-19T14:51:32+00:00","og_image":[{"width":2000,"height":1317,"url":"https:\/\/www.hiringlab.org\/fr\/wp-content\/uploads\/sites\/4\/2020\/03\/annie-spratt-294450-unsplash-SIZED-1.jpg","type":"image\/jpeg"}],"author":"Alexandre Judes","twitter_card":"summary_large_image","schema":{"@context":"https:\/\/schema.org","@graph":[{"@type":"Article","@id":"https:\/\/www.hiringlab.org\/fr\/blog\/2021\/04\/19\/la-transformation-du-marche-du-travail\/#article","isPartOf":{"@id":"https:\/\/www.hiringlab.org\/fr\/blog\/2021\/04\/19\/la-transformation-du-marche-du-travail\/"},"author":{"name":"Alexandre Judes","@id":"https:\/\/www.hiringlab.org\/fr\/#\/schema\/person\/35a85469aa9821aef8af2a600eb69c82"},"headline":"La transformation du march\u00e9 du travail : Offres d\u2019emploi et recherches des candidats dans la pand\u00e9mie","datePublished":"2021-04-19T14:51:32+00:00","mainEntityOfPage":{"@id":"https:\/\/www.hiringlab.org\/fr\/blog\/2021\/04\/19\/la-transformation-du-marche-du-travail\/"},"wordCount":304,"image":{"@id":"https:\/\/www.hiringlab.org\/fr\/blog\/2021\/04\/19\/la-transformation-du-marche-du-travail\/#primaryimage"},"thumbnailUrl":"https:\/\/d341ezm4iqaae0.cloudfront.net\/hiringlaborg\/sites\/4\/2020\/03\/02182412\/annie-spratt-294450-unsplash-SIZED-1.jpg","articleSection":["Uncategorized"],"inLanguage":"fr-FR"},{"@type":"WebPage","@id":"https:\/\/www.hiringlab.org\/fr\/blog\/2021\/04\/19\/la-transformation-du-marche-du-travail\/","url":"https:\/\/www.hiringlab.org\/fr\/blog\/2021\/04\/19\/la-transformation-du-marche-du-travail\/","name":"La transformation du march\u00e9 du travail : Offres d\u2019emploi et recherches des candidats dans la pand\u00e9mie - Indeed Hiring Lab France","isPartOf":{"@id":"https:\/\/www.hiringlab.org\/fr\/#website"},"primaryImageOfPage":{"@id":"https:\/\/www.hiringlab.org\/fr\/blog\/2021\/04\/19\/la-transformation-du-marche-du-travail\/#primaryimage"},"image":{"@id":"https:\/\/www.hiringlab.org\/fr\/blog\/2021\/04\/19\/la-transformation-du-marche-du-travail\/#primaryimage"},"thumbnailUrl":"https:\/\/d341ezm4iqaae0.cloudfront.net\/hiringlaborg\/sites\/4\/2020\/03\/02182412\/annie-spratt-294450-unsplash-SIZED-1.jpg","datePublished":"2021-04-19T14:51:32+00:00","author":{"@id":"https:\/\/www.hiringlab.org\/fr\/#\/schema\/person\/35a85469aa9821aef8af2a600eb69c82"},"breadcrumb":{"@id":"https:\/\/www.hiringlab.org\/fr\/blog\/2021\/04\/19\/la-transformation-du-marche-du-travail\/#breadcrumb"},"inLanguage":"fr-FR","potentialAction":[{"@type":"ReadAction","target":["https:\/\/www.hiringlab.org\/fr\/blog\/2021\/04\/19\/la-transformation-du-marche-du-travail\/"]}]},{"@type":"ImageObject","inLanguage":"fr-FR","@id":"https:\/\/www.hiringlab.org\/fr\/blog\/2021\/04\/19\/la-transformation-du-marche-du-travail\/#primaryimage","url":"https:\/\/d341ezm4iqaae0.cloudfront.net\/hiringlaborg\/sites\/4\/2020\/03\/02182412\/annie-spratt-294450-unsplash-SIZED-1.jpg","contentUrl":"https:\/\/d341ezm4iqaae0.cloudfront.net\/hiringlaborg\/sites\/4\/2020\/03\/02182412\/annie-spratt-294450-unsplash-SIZED-1.jpg","width":2000,"height":1317},{"@type":"BreadcrumbList","@id":"https:\/\/www.hiringlab.org\/fr\/blog\/2021\/04\/19\/la-transformation-du-marche-du-travail\/#breadcrumb","itemListElement":[{"@type":"ListItem","position":1,"name":"Home","item":"https:\/\/www.hiringlab.org\/fr\/"},{"@type":"ListItem","position":2,"name":"La transformation du march\u00e9 du travail : Offres d\u2019emploi et recherches des candidats dans la pand\u00e9mie"}]},{"@type":"WebSite","@id":"https:\/\/www.hiringlab.org\/fr\/#website","url":"https:\/\/www.hiringlab.org\/fr\/","name":"Indeed Hiring Lab France","description":"Just another Wordpress Admins Site Sites site","potentialAction":[{"@type":"SearchAction","target":{"@type":"EntryPoint","urlTemplate":"https:\/\/www.hiringlab.org\/fr\/?s={search_term_string}"},"query-input":{"@type":"PropertyValueSpecification","valueRequired":true,"valueName":"search_term_string"}}],"inLanguage":"fr-FR"},{"@type":"Person","@id":"https:\/\/www.hiringlab.org\/fr\/#\/schema\/person\/35a85469aa9821aef8af2a600eb69c82","name":"Alexandre Judes","image":{"@type":"ImageObject","inLanguage":"fr-FR","@id":"https:\/\/secure.gravatar.com\/avatar\/d4ea58a3c345a594b916e5eab9862bcc2ae6f5489e8b11392ff7df04ef9174c2?s=96&d=mm&r=g","url":"https:\/\/secure.gravatar.com\/avatar\/d4ea58a3c345a594b916e5eab9862bcc2ae6f5489e8b11392ff7df04ef9174c2?s=96&d=mm&r=g","contentUrl":"https:\/\/secure.gravatar.com\/avatar\/d4ea58a3c345a594b916e5eab9862bcc2ae6f5489e8b11392ff7df04ef9174c2?s=96&d=mm&r=g","caption":"Alexandre Judes"},"url":"https:\/\/www.hiringlab.org\/fr\/blog\/author\/ajudes\/"}]}},"_links":{"self":[{"href":"https:\/\/www.hiringlab.org\/fr\/wp-json\/wp\/v2\/posts\/11667","targetHints":{"allow":["GET"]}}],"collection":[{"href":"https:\/\/www.hiringlab.org\/fr\/wp-json\/wp\/v2\/posts"}],"about":[{"href":"https:\/\/www.hiringlab.org\/fr\/wp-json\/wp\/v2\/types\/post"}],"author":[{"embeddable":true,"href":"https:\/\/www.hiringlab.org\/fr\/wp-json\/wp\/v2\/users\/37"}],"replies":[{"embeddable":true,"href":"https:\/\/www.hiringlab.org\/fr\/wp-json\/wp\/v2\/comments?post=11667"}],"version-history":[{"count":0,"href":"https:\/\/www.hiringlab.org\/fr\/wp-json\/wp\/v2\/posts\/11667\/revisions"}],"wp:featuredmedia":[{"embeddable":true,"href":"https:\/\/www.hiringlab.org\/fr\/wp-json\/wp\/v2\/media\/11295"}],"wp:attachment":[{"href":"https:\/\/www.hiringlab.org\/fr\/wp-json\/wp\/v2\/media?parent=11667"}],"wp:term":[{"taxonomy":"category","embeddable":true,"href":"https:\/\/www.hiringlab.org\/fr\/wp-json\/wp\/v2\/categories?post=11667"},{"taxonomy":"post_tag","embeddable":true,"href":"https:\/\/www.hiringlab.org\/fr\/wp-json\/wp\/v2\/tags?post=11667"},{"taxonomy":"post_mwm_category","embeddable":true,"href":"https:\/\/www.hiringlab.org\/fr\/wp-json\/wp\/v2\/post_mwm_category?post=11667"},{"taxonomy":"post_topic","embeddable":true,"href":"https:\/\/www.hiringlab.org\/fr\/wp-json\/wp\/v2\/post_topic?post=11667"},{"taxonomy":"post_content_type","embeddable":true,"href":"https:\/\/www.hiringlab.org\/fr\/wp-json\/wp\/v2\/post_content_type?post=11667"},{"taxonomy":"post_duration","embeddable":true,"href":"https:\/\/www.hiringlab.org\/fr\/wp-json\/wp\/v2\/post_duration?post=11667"},{"taxonomy":"post_actions","embeddable":true,"href":"https:\/\/www.hiringlab.org\/fr\/wp-json\/wp\/v2\/post_actions?post=11667"},{"taxonomy":"post_franchise","embeddable":true,"href":"https:\/\/www.hiringlab.org\/fr\/wp-json\/wp\/v2\/post_franchise?post=11667"},{"taxonomy":"post_mwm_author","embeddable":true,"href":"https:\/\/www.hiringlab.org\/fr\/wp-json\/wp\/v2\/post_mwm_author?post=11667"}],"curies":[{"name":"wp","href":"https:\/\/api.w.org\/{rel}","templated":true}]}}