{"id":11657,"date":"2021-04-08T16:41:51","date_gmt":"2021-04-08T14:41:51","guid":{"rendered":"https:\/\/www.hiringlab.org\/fr\/?p=11657"},"modified":"2021-04-08T16:41:51","modified_gmt":"2021-04-08T14:41:51","slug":"la-france-distancee-sur-le-teletravail","status":"publish","type":"post","link":"https:\/\/www.hiringlab.org\/fr\/blog\/2021\/04\/08\/la-france-distancee-sur-le-teletravail\/","title":{"rendered":"La France distanc\u00e9e sur le t\u00e9l\u00e9travail, qui marque le pas au premier trimestre 2021"},"content":{"rendered":"\n<p><em>Le deuxi\u00e8me confinement avait marqu\u00e9 le retour des recherches pour des postes en t\u00e9l\u00e9travail de la part des candidats, mais le volume de postes disponibles en t\u00e9l\u00e9travail a stagn\u00e9 au premier trimestre. Alors qu\u2019elle aborde un troisi\u00e8me confinement aux modalit\u00e9s plus souples que les deux premiers, la France affiche un retard pr\u00e9occupant par rapport aux autres pays d\u00e9velopp\u00e9s, alors m\u00eame que le t\u00e9l\u00e9travail est un acc\u00e9l\u00e9rateur de mutations sur le march\u00e9 de l\u2019emploi.<\/em><\/p>\n\n\n\n<p><strong>Principaux enseignements :<\/strong><\/p>\n\n\n\n<ul class=\"wp-block-list\"><li>Seulement 5,3 % des offres sur Indeed.fr sont propos\u00e9es en t\u00e9l\u00e9travail, contre 9,4 % en Italie, 8,5 % en Allemagne et 12,3 % au Royaume-Uni au 1er avril 2021;<\/li><li>Les secteurs en pointe sur le t\u00e9l\u00e9travail sont toujours les m\u00e9dias, la communication, le d\u00e9veloppement de logiciels, le marketing et l\u2019information m\u00e9dicale ;<\/li><li>En cons\u00e9quence, les candidats fran\u00e7ais utilisent beaucoup moins le mot-cl\u00e9 \u00ab t\u00e9l\u00e9travail \u00bb pour leurs recherches d\u2019emploi par rapport \u00e0 d\u2019autres pays (pr\u00e8s de 10 fois moins qu\u2019aux \u00c9tats-Unis).<\/li><\/ul>\n\n\n\n<p>Le t\u00e9l\u00e9travail ne progresse plus dans les offres d\u2019emploi propos\u00e9es aux candidats en France : la part des offres mentionnant la possibilit\u00e9 de t\u00e9l\u00e9travailler se trouve sur un plateau depuis janvier. Les postes ouverts au t\u00e9l\u00e9travail repr\u00e9sentent ainsi au 1er avril 2021 5,3 % du total des offres. Ceux-ci avaient connu une deuxi\u00e8me phase de croissance (apr\u00e8s l\u2019essor lors premier confinement au mois d\u2019avril) d\u00e8s la mi-septembre, favoris\u00e9e par l\u2019ajout d\u2019une fonctionnalit\u00e9 sur Indeed.fr permettant de signaler aux employeurs la disponibilit\u00e9 d\u2019un poste en t\u00e9l\u00e9travail et entretenue par le deuxi\u00e8me confinement. Malgr\u00e9 une situation sanitaire pr\u00e9caire pendant le premier trimestre 2021, qui a forc\u00e9 les autorit\u00e9s publiques \u00e0 durcir les mesures de restrictions \u00e0 la mobilit\u00e9, les employeurs n\u2019ont pas amplifi\u00e9 leur recours au t\u00e9l\u00e9travail sur les postes \u00e0 pourvoir. Parmi les emplois disponibles en t\u00e9l\u00e9travail, seuls 3 sur 10 le seraient de fa\u00e7on permanente, alors que les autres auraient vocation \u00e0 passer en pr\u00e9sentiel une fois la pand\u00e9mie termin\u00e9e.&nbsp;<\/p>\n\n\n\n<figure class=\"wp-block-image\"><img decoding=\"async\" src=\"https:\/\/lh6.googleusercontent.com\/BxUcojUtTCksdB1JVbhs07H2KVKrOhmAosRJ3Kl9oYnuSbPnjuBjebaLTVRArlEvBZ3zwkpXc0g86JGYUqYyg2-uen_VLD_Zo7tE5MrjzyM4Vnwb5T204kaltQwJZdYu36pp9oDe\" alt=\"\"\/><\/figure>\n\n\n\n<p>Cet attentisme est d\u2019autant plus pr\u00e9occupant que la France figure \u00e0 pr\u00e9sent en derni\u00e8re position sur l\u2019\u00e9chantillon, assez large, de pays suivis sur l\u2019adoption du t\u00e9l\u00e9travail. L\u2019Italie, qui a approximativement suivi en 2020 la m\u00eame trajectoire que la France, a vu depuis janvier consid\u00e9rablement augmenter son volume de postes accessibles en t\u00e9l\u00e9travail. Une explication possible est le niveau \u00e9lev\u00e9 de restrictions \u00e0 la mobilit\u00e9, qui peut inciter les employeurs \u00e0 recourir davantage au t\u00e9l\u00e9travail. Le Royaume-Uni et le Canada affichent toujours des taux particuli\u00e8rement \u00e9lev\u00e9s, sup\u00e9rieurs \u00e0 10 %. Quant \u00e0 l\u2019Australie, elle maintient son taux d\u2019annonces disponibles en t\u00e9l\u00e9travail alors m\u00eame qu\u2019elle a quasiment vaincu la pand\u00e9mie, signe que le t\u00e9l\u00e9travail a des chances de s\u2019imposer apr\u00e8s la crise. Enfin, l\u2019Allemagne, avec 8,5 % des postes accessibles en t\u00e9l\u00e9travail, poursuit sa progression, remarquablement constante depuis le d\u00e9but de la crise.<\/p>\n\n\n\n<figure class=\"wp-block-image\"><img decoding=\"async\" src=\"https:\/\/lh6.googleusercontent.com\/sLb3S5fYyYO8JmpYxP2YaEpEpmyzhC7jroiUBQtI4YmlwPhv36JURB8MqTFz380cwdekPXHhaHD_F_ElYtUWDPdV3jEfpLViUW3N2LOwyoZtPhU6ZVOEQycYROGhmHXHdDJPdBdr\" alt=\"\"\/><\/figure>\n\n\n\n<p>L\u2019adoption du t\u00e9l\u00e9travail varie fortement selon les secteurs, et le constat est <a href=\"https:\/\/www.hiringlab.org\/fr\/blog\/2020\/11\/20\/le-teletravail-poursuit-sa-progression\/\" target=\"_blank\" rel=\"noreferrer noopener\">similaire \u00e0 celui que nous faisions en novembre<\/a>. Les postes \u00e0 pourvoir dans les m\u00e9dias et la communication ainsi que dans le marketing affichent un taux \u00e9lev\u00e9 de t\u00e9l\u00e9travail (respectivement 16 % et 14 %). Le d\u00e9veloppement de logiciels, l\u2019information m\u00e9dicale, l\u2019immobilier et la banque et la finance figurent parmi les secteurs dans lesquels il est relativement ais\u00e9 de trouver des opportunit\u00e9s en travail \u00e0 distance : la part du t\u00e9l\u00e9travail dans les annonces sur Indeed.fr y est sup\u00e9rieure \u00e0 10 %. Quelques secteurs affichent un taux quasi nul en raison de l\u2019impossibilit\u00e9 de travailler \u00e0 distance : le transport routier, la logistique, les m\u00e9tiers de la production et de la fabrication, la construction, la m\u00e9decine dentaire, la maintenance et la r\u00e9paration, les soins infirmiers, etc.\u00a0\u00a0<\/p>\n\n\n\n<figure class=\"wp-block-image\"><img decoding=\"async\" src=\"https:\/\/lh3.googleusercontent.com\/DPA-G7ysuj57Ocqx0JGTm3AaABLZ07F-Ur9phHHWTWgNJMmQpe35-PXg4eguDbTvZMiMZ8f8DZLO80mP2Q8VyhgOdXAASDlxYDQoi5rlgudcz48LJJtVS5FV7KlzBUEFHm0_nfI7\" alt=\"\"\/><\/figure>\n\n\n\n<p>Les m\u00e9dias et la communication, le marketing, l\u2019information m\u00e9dicale, le d\u00e9veloppement de logiciels et l\u2019immobilier sont les secteurs qui ont vu leur part d\u2019offres en t\u00e9l\u00e9travail progresser le plus fortement. Cette \u00e9volution pourrait d\u00e9boucher sur une nouvelle organisation du travail dans les secteurs concern\u00e9s. \u00c0 l\u2019inverse, le cas de la culture et du divertissement interpelle : le secteur affichait un taux de t\u00e9l\u00e9travail de 11 % avant la crise, contre 7 % l\u2019ann\u00e9e qui a suivi.<\/p>\n\n\n\n<figure class=\"wp-block-image\"><img decoding=\"async\" src=\"https:\/\/lh6.googleusercontent.com\/ybIqx8hAOU6o_mJSMV1a3jfCAIoQim2eIwKZt-97en3BuWgSwlaa0ggkllLuXmAJpeuQknVni4M5EJBx6skNq9k1sHTIbxzDZKk3s7sJnVIN8RADbAA0zevsvwnRnzRXUlPIT-b0\" alt=\"\"\/><\/figure>\n\n\n\n<p>Les recherches de la part des candidats sont quant \u00e0 elles rest\u00e9es \u00e0 un niveau tr\u00e8s inf\u00e9rieur \u00e0 celui des autres pays d\u00e9but avril, avec 0,3 % des recherches totales s\u2019effectuant avec des mots cl\u00e9s en lien avec le t\u00e9l\u00e9travail. Les candidats fran\u00e7ais savent sans doute qu\u2019il reste difficile d\u2019obtenir un poste en t\u00e9l\u00e9travail en France dans beaucoup de secteurs, et utilisent donc moins cet axe de recherche que les candidats d\u2019autres pays. Le fait que le ch\u00f4mage touche de fa\u00e7on pr\u00e9pond\u00e9rante des personnes moins qualifi\u00e9es et susceptibles de s\u2019int\u00e9resser \u00e0 des secteurs peu concern\u00e9s par le t\u00e9l\u00e9travail peut \u00e9galement jouer un r\u00f4le.&nbsp; Sur cet indicateur, les chercheurs d\u2019emploi italiens utilisent dans plus de 1 % de leurs recherches des mots cl\u00e9s li\u00e9s au t\u00e9l\u00e9travail, contre 1,2 % et 1,3 % pour le Royaume-Uni et l\u2019Allemagne respectivement. En comparaison, plus de 3 % des recherches am\u00e9ricaines mentionnent les mots-cl\u00e9s li\u00e9s au t\u00e9l\u00e9travail, soit pr\u00e8s de 10 fois plus qu\u2019en France.&nbsp;<\/p>\n\n\n\n<figure class=\"wp-block-image\"><img decoding=\"async\" src=\"https:\/\/lh3.googleusercontent.com\/mVVHfQ_K-FXSTpCcb1OgVCYqRrKkluZ1d9BedjhzRARo6a9QDUC93QNMmv7skkCv0uxkHNw0tdeeDMdUsw1hXFysfa_AVTm_6xmkIwld14bCNT06WzGaL3ao9SThXSzcGfVc8-dY\" alt=\"\"\/><\/figure>\n\n\n\n<p>Apr\u00e8s un essor sur 2020, le t\u00e9l\u00e9travail marque le pas sur le march\u00e9 du travail fran\u00e7ais, m\u00eame s\u2019il semble bien install\u00e9 dans certains secteurs. Au-del\u00e0 de l\u2019int\u00e9r\u00eat sanitaire, tout porte \u00e0 croire qu\u2019un usage raisonn\u00e9 et pertinent du t\u00e9l\u00e9travail a des <a href=\"http:\/\/www.oecd.org\/coronavirus\/policy-responses\/effets-positifs-potentiels-du-teletravail-sur-la-productivite-a-l-ere-post-covid-19-quelles-politiques-publiques-peuvent-aider-a-leur-concretisation-a43c958f\/\" target=\"_blank\" rel=\"noreferrer noopener\">retomb\u00e9es positives en termes de productivit\u00e9 et de bien-\u00eatre au travail<\/a>, en plus de contribuer \u00e0 diminuer les probl\u00e8mes de mobilit\u00e9 g\u00e9ographique dans le pays.<\/p>\n\n\n\n<p><strong>M\u00e9thodologie<\/strong><\/p>\n\n\n\n<p><em>Les graphes et tableaux pr\u00e9sent\u00e9s dans cet article pr\u00e9sentent la part des offres mentionnant des mots-cl\u00e9s en rapport avec le t\u00e9l\u00e9travail dans l\u2019ensemble des offres (\u00e9ventuellement dans l\u2019ensemble des offres d\u2019un secteur donn\u00e9). Les mots-cl\u00e9s utilis\u00e9s sont les suivants : \u00ab t\u00e9l\u00e9travail \u00bb, \u00ab travail \u00e0 distance \u00bb, \u00ab travail de la maison \u00bb, ainsi que des variants.<\/em><\/p>\n","protected":false},"excerpt":{"rendered":"<p>Le deuxi\u00e8me confinement avait marqu\u00e9 le retour des recherches pour des postes en t\u00e9l\u00e9travail de la part des candidats, mais le volume de postes disponibles en t\u00e9l\u00e9travail a stagn\u00e9 au premier trimestre.<\/p>\n","protected":false},"author":37,"featured_media":11662,"comment_status":"closed","ping_status":"closed","sticky":false,"template":"recruiter-hub-blocks.php","format":"standard","meta":{"_acf_changed":false,"footnotes":""},"categories":[1],"tags":[],"post_mwm_category":[222],"post_topic":[],"post_content_type":[],"post_duration":[],"post_actions":[],"post_franchise":[],"post_mwm_author":[189],"class_list":["post-11657","post","type-post","status-publish","format-standard","has-post-thumbnail","hentry","category-uncategorized","post_mwm_category-coronavirus","post_mwm_author-ajudes"],"acf":[],"yoast_head":"<!-- This site is optimized with the Yoast SEO plugin v27.2 - https:\/\/yoast.com\/product\/yoast-seo-wordpress\/ -->\n<title>La France distanc\u00e9e sur le t\u00e9l\u00e9travail, qui marque le pas au premier trimestre 2021 - Indeed Hiring Lab France<\/title>\n<meta name=\"robots\" content=\"index, follow, max-snippet:-1, max-image-preview:large, max-video-preview:-1\" \/>\n<link rel=\"canonical\" href=\"https:\/\/www.hiringlab.org\/fr\/blog\/2021\/04\/08\/la-france-distancee-sur-le-teletravail\/\" \/>\n<meta property=\"og:locale\" content=\"fr_FR\" \/>\n<meta property=\"og:type\" content=\"article\" \/>\n<meta property=\"og:title\" content=\"La France distanc\u00e9e sur le t\u00e9l\u00e9travail, qui marque le pas au premier trimestre 2021 - Indeed Hiring Lab France\" \/>\n<meta property=\"og:description\" content=\"Le deuxi\u00e8me confinement avait marqu\u00e9 le retour des recherches pour des postes en t\u00e9l\u00e9travail de la part des candidats, mais le volume de postes disponibles en t\u00e9l\u00e9travail a stagn\u00e9 au premier trimestre.\" \/>\n<meta property=\"og:url\" content=\"https:\/\/www.hiringlab.org\/fr\/blog\/2021\/04\/08\/la-france-distancee-sur-le-teletravail\/\" \/>\n<meta property=\"og:site_name\" content=\"Indeed Hiring Lab France\" \/>\n<meta property=\"article:published_time\" content=\"2021-04-08T14:41:51+00:00\" \/>\n<meta property=\"og:image\" content=\"https:\/\/www.hiringlab.org\/fr\/wp-content\/uploads\/sites\/4\/2021\/04\/AmanaImages-10272000120-WEBOPTIMIZED-2.jpg\" \/>\n\t<meta property=\"og:image:width\" content=\"2000\" \/>\n\t<meta property=\"og:image:height\" content=\"1334\" \/>\n\t<meta property=\"og:image:type\" content=\"image\/jpeg\" \/>\n<meta name=\"author\" content=\"Alexandre Judes\" \/>\n<meta name=\"twitter:card\" content=\"summary_large_image\" \/>\n<script type=\"application\/ld+json\" class=\"yoast-schema-graph\">{\"@context\":\"https:\/\/schema.org\",\"@graph\":[{\"@type\":\"Article\",\"@id\":\"https:\/\/www.hiringlab.org\/fr\/blog\/2021\/04\/08\/la-france-distancee-sur-le-teletravail\/#article\",\"isPartOf\":{\"@id\":\"https:\/\/www.hiringlab.org\/fr\/blog\/2021\/04\/08\/la-france-distancee-sur-le-teletravail\/\"},\"author\":{\"name\":\"Alexandre Judes\",\"@id\":\"https:\/\/www.hiringlab.org\/fr\/#\/schema\/person\/35a85469aa9821aef8af2a600eb69c82\"},\"headline\":\"La France distanc\u00e9e sur le t\u00e9l\u00e9travail, qui marque le pas au premier trimestre 2021\",\"datePublished\":\"2021-04-08T14:41:51+00:00\",\"mainEntityOfPage\":{\"@id\":\"https:\/\/www.hiringlab.org\/fr\/blog\/2021\/04\/08\/la-france-distancee-sur-le-teletravail\/\"},\"wordCount\":1098,\"image\":{\"@id\":\"https:\/\/www.hiringlab.org\/fr\/blog\/2021\/04\/08\/la-france-distancee-sur-le-teletravail\/#primaryimage\"},\"thumbnailUrl\":\"https:\/\/d341ezm4iqaae0.cloudfront.net\/hiringlaborg\/sites\/4\/2021\/04\/02182330\/AmanaImages-10272000120-WEBOPTIMIZED-2.jpg\",\"articleSection\":[\"Uncategorized\"],\"inLanguage\":\"fr-FR\"},{\"@type\":\"WebPage\",\"@id\":\"https:\/\/www.hiringlab.org\/fr\/blog\/2021\/04\/08\/la-france-distancee-sur-le-teletravail\/\",\"url\":\"https:\/\/www.hiringlab.org\/fr\/blog\/2021\/04\/08\/la-france-distancee-sur-le-teletravail\/\",\"name\":\"La France distanc\u00e9e sur le t\u00e9l\u00e9travail, qui marque le pas au premier trimestre 2021 - Indeed Hiring Lab France\",\"isPartOf\":{\"@id\":\"https:\/\/www.hiringlab.org\/fr\/#website\"},\"primaryImageOfPage\":{\"@id\":\"https:\/\/www.hiringlab.org\/fr\/blog\/2021\/04\/08\/la-france-distancee-sur-le-teletravail\/#primaryimage\"},\"image\":{\"@id\":\"https:\/\/www.hiringlab.org\/fr\/blog\/2021\/04\/08\/la-france-distancee-sur-le-teletravail\/#primaryimage\"},\"thumbnailUrl\":\"https:\/\/d341ezm4iqaae0.cloudfront.net\/hiringlaborg\/sites\/4\/2021\/04\/02182330\/AmanaImages-10272000120-WEBOPTIMIZED-2.jpg\",\"datePublished\":\"2021-04-08T14:41:51+00:00\",\"author\":{\"@id\":\"https:\/\/www.hiringlab.org\/fr\/#\/schema\/person\/35a85469aa9821aef8af2a600eb69c82\"},\"breadcrumb\":{\"@id\":\"https:\/\/www.hiringlab.org\/fr\/blog\/2021\/04\/08\/la-france-distancee-sur-le-teletravail\/#breadcrumb\"},\"inLanguage\":\"fr-FR\",\"potentialAction\":[{\"@type\":\"ReadAction\",\"target\":[\"https:\/\/www.hiringlab.org\/fr\/blog\/2021\/04\/08\/la-france-distancee-sur-le-teletravail\/\"]}]},{\"@type\":\"ImageObject\",\"inLanguage\":\"fr-FR\",\"@id\":\"https:\/\/www.hiringlab.org\/fr\/blog\/2021\/04\/08\/la-france-distancee-sur-le-teletravail\/#primaryimage\",\"url\":\"https:\/\/d341ezm4iqaae0.cloudfront.net\/hiringlaborg\/sites\/4\/2021\/04\/02182330\/AmanaImages-10272000120-WEBOPTIMIZED-2.jpg\",\"contentUrl\":\"https:\/\/d341ezm4iqaae0.cloudfront.net\/hiringlaborg\/sites\/4\/2021\/04\/02182330\/AmanaImages-10272000120-WEBOPTIMIZED-2.jpg\",\"width\":2000,\"height\":1334},{\"@type\":\"BreadcrumbList\",\"@id\":\"https:\/\/www.hiringlab.org\/fr\/blog\/2021\/04\/08\/la-france-distancee-sur-le-teletravail\/#breadcrumb\",\"itemListElement\":[{\"@type\":\"ListItem\",\"position\":1,\"name\":\"Home\",\"item\":\"https:\/\/www.hiringlab.org\/fr\/\"},{\"@type\":\"ListItem\",\"position\":2,\"name\":\"La France distanc\u00e9e sur le t\u00e9l\u00e9travail, qui marque le pas au premier trimestre 2021\"}]},{\"@type\":\"WebSite\",\"@id\":\"https:\/\/www.hiringlab.org\/fr\/#website\",\"url\":\"https:\/\/www.hiringlab.org\/fr\/\",\"name\":\"Indeed Hiring Lab France\",\"description\":\"Just another Wordpress Admins Site Sites site\",\"potentialAction\":[{\"@type\":\"SearchAction\",\"target\":{\"@type\":\"EntryPoint\",\"urlTemplate\":\"https:\/\/www.hiringlab.org\/fr\/?s={search_term_string}\"},\"query-input\":{\"@type\":\"PropertyValueSpecification\",\"valueRequired\":true,\"valueName\":\"search_term_string\"}}],\"inLanguage\":\"fr-FR\"},{\"@type\":\"Person\",\"@id\":\"https:\/\/www.hiringlab.org\/fr\/#\/schema\/person\/35a85469aa9821aef8af2a600eb69c82\",\"name\":\"Alexandre Judes\",\"image\":{\"@type\":\"ImageObject\",\"inLanguage\":\"fr-FR\",\"@id\":\"https:\/\/secure.gravatar.com\/avatar\/d4ea58a3c345a594b916e5eab9862bcc2ae6f5489e8b11392ff7df04ef9174c2?s=96&d=mm&r=g\",\"url\":\"https:\/\/secure.gravatar.com\/avatar\/d4ea58a3c345a594b916e5eab9862bcc2ae6f5489e8b11392ff7df04ef9174c2?s=96&d=mm&r=g\",\"contentUrl\":\"https:\/\/secure.gravatar.com\/avatar\/d4ea58a3c345a594b916e5eab9862bcc2ae6f5489e8b11392ff7df04ef9174c2?s=96&d=mm&r=g\",\"caption\":\"Alexandre Judes\"},\"url\":\"https:\/\/www.hiringlab.org\/fr\/blog\/author\/ajudes\/\"}]}<\/script>\n<!-- \/ Yoast SEO plugin. -->","yoast_head_json":{"title":"La France distanc\u00e9e sur le t\u00e9l\u00e9travail, qui marque le pas au premier trimestre 2021 - Indeed Hiring Lab France","robots":{"index":"index","follow":"follow","max-snippet":"max-snippet:-1","max-image-preview":"max-image-preview:large","max-video-preview":"max-video-preview:-1"},"canonical":"https:\/\/www.hiringlab.org\/fr\/blog\/2021\/04\/08\/la-france-distancee-sur-le-teletravail\/","og_locale":"fr_FR","og_type":"article","og_title":"La France distanc\u00e9e sur le t\u00e9l\u00e9travail, qui marque le pas au premier trimestre 2021 - Indeed Hiring Lab France","og_description":"Le deuxi\u00e8me confinement avait marqu\u00e9 le retour des recherches pour des postes en t\u00e9l\u00e9travail de la part des candidats, mais le volume de postes disponibles en t\u00e9l\u00e9travail a stagn\u00e9 au premier trimestre.","og_url":"https:\/\/www.hiringlab.org\/fr\/blog\/2021\/04\/08\/la-france-distancee-sur-le-teletravail\/","og_site_name":"Indeed Hiring Lab France","article_published_time":"2021-04-08T14:41:51+00:00","og_image":[{"width":2000,"height":1334,"url":"https:\/\/www.hiringlab.org\/fr\/wp-content\/uploads\/sites\/4\/2021\/04\/AmanaImages-10272000120-WEBOPTIMIZED-2.jpg","type":"image\/jpeg"}],"author":"Alexandre Judes","twitter_card":"summary_large_image","schema":{"@context":"https:\/\/schema.org","@graph":[{"@type":"Article","@id":"https:\/\/www.hiringlab.org\/fr\/blog\/2021\/04\/08\/la-france-distancee-sur-le-teletravail\/#article","isPartOf":{"@id":"https:\/\/www.hiringlab.org\/fr\/blog\/2021\/04\/08\/la-france-distancee-sur-le-teletravail\/"},"author":{"name":"Alexandre Judes","@id":"https:\/\/www.hiringlab.org\/fr\/#\/schema\/person\/35a85469aa9821aef8af2a600eb69c82"},"headline":"La France distanc\u00e9e sur le t\u00e9l\u00e9travail, qui marque le pas au premier trimestre 2021","datePublished":"2021-04-08T14:41:51+00:00","mainEntityOfPage":{"@id":"https:\/\/www.hiringlab.org\/fr\/blog\/2021\/04\/08\/la-france-distancee-sur-le-teletravail\/"},"wordCount":1098,"image":{"@id":"https:\/\/www.hiringlab.org\/fr\/blog\/2021\/04\/08\/la-france-distancee-sur-le-teletravail\/#primaryimage"},"thumbnailUrl":"https:\/\/d341ezm4iqaae0.cloudfront.net\/hiringlaborg\/sites\/4\/2021\/04\/02182330\/AmanaImages-10272000120-WEBOPTIMIZED-2.jpg","articleSection":["Uncategorized"],"inLanguage":"fr-FR"},{"@type":"WebPage","@id":"https:\/\/www.hiringlab.org\/fr\/blog\/2021\/04\/08\/la-france-distancee-sur-le-teletravail\/","url":"https:\/\/www.hiringlab.org\/fr\/blog\/2021\/04\/08\/la-france-distancee-sur-le-teletravail\/","name":"La France distanc\u00e9e sur le t\u00e9l\u00e9travail, qui marque le pas au premier trimestre 2021 - Indeed Hiring Lab France","isPartOf":{"@id":"https:\/\/www.hiringlab.org\/fr\/#website"},"primaryImageOfPage":{"@id":"https:\/\/www.hiringlab.org\/fr\/blog\/2021\/04\/08\/la-france-distancee-sur-le-teletravail\/#primaryimage"},"image":{"@id":"https:\/\/www.hiringlab.org\/fr\/blog\/2021\/04\/08\/la-france-distancee-sur-le-teletravail\/#primaryimage"},"thumbnailUrl":"https:\/\/d341ezm4iqaae0.cloudfront.net\/hiringlaborg\/sites\/4\/2021\/04\/02182330\/AmanaImages-10272000120-WEBOPTIMIZED-2.jpg","datePublished":"2021-04-08T14:41:51+00:00","author":{"@id":"https:\/\/www.hiringlab.org\/fr\/#\/schema\/person\/35a85469aa9821aef8af2a600eb69c82"},"breadcrumb":{"@id":"https:\/\/www.hiringlab.org\/fr\/blog\/2021\/04\/08\/la-france-distancee-sur-le-teletravail\/#breadcrumb"},"inLanguage":"fr-FR","potentialAction":[{"@type":"ReadAction","target":["https:\/\/www.hiringlab.org\/fr\/blog\/2021\/04\/08\/la-france-distancee-sur-le-teletravail\/"]}]},{"@type":"ImageObject","inLanguage":"fr-FR","@id":"https:\/\/www.hiringlab.org\/fr\/blog\/2021\/04\/08\/la-france-distancee-sur-le-teletravail\/#primaryimage","url":"https:\/\/d341ezm4iqaae0.cloudfront.net\/hiringlaborg\/sites\/4\/2021\/04\/02182330\/AmanaImages-10272000120-WEBOPTIMIZED-2.jpg","contentUrl":"https:\/\/d341ezm4iqaae0.cloudfront.net\/hiringlaborg\/sites\/4\/2021\/04\/02182330\/AmanaImages-10272000120-WEBOPTIMIZED-2.jpg","width":2000,"height":1334},{"@type":"BreadcrumbList","@id":"https:\/\/www.hiringlab.org\/fr\/blog\/2021\/04\/08\/la-france-distancee-sur-le-teletravail\/#breadcrumb","itemListElement":[{"@type":"ListItem","position":1,"name":"Home","item":"https:\/\/www.hiringlab.org\/fr\/"},{"@type":"ListItem","position":2,"name":"La France distanc\u00e9e sur le t\u00e9l\u00e9travail, qui marque le pas au premier trimestre 2021"}]},{"@type":"WebSite","@id":"https:\/\/www.hiringlab.org\/fr\/#website","url":"https:\/\/www.hiringlab.org\/fr\/","name":"Indeed Hiring Lab France","description":"Just another Wordpress Admins Site Sites site","potentialAction":[{"@type":"SearchAction","target":{"@type":"EntryPoint","urlTemplate":"https:\/\/www.hiringlab.org\/fr\/?s={search_term_string}"},"query-input":{"@type":"PropertyValueSpecification","valueRequired":true,"valueName":"search_term_string"}}],"inLanguage":"fr-FR"},{"@type":"Person","@id":"https:\/\/www.hiringlab.org\/fr\/#\/schema\/person\/35a85469aa9821aef8af2a600eb69c82","name":"Alexandre Judes","image":{"@type":"ImageObject","inLanguage":"fr-FR","@id":"https:\/\/secure.gravatar.com\/avatar\/d4ea58a3c345a594b916e5eab9862bcc2ae6f5489e8b11392ff7df04ef9174c2?s=96&d=mm&r=g","url":"https:\/\/secure.gravatar.com\/avatar\/d4ea58a3c345a594b916e5eab9862bcc2ae6f5489e8b11392ff7df04ef9174c2?s=96&d=mm&r=g","contentUrl":"https:\/\/secure.gravatar.com\/avatar\/d4ea58a3c345a594b916e5eab9862bcc2ae6f5489e8b11392ff7df04ef9174c2?s=96&d=mm&r=g","caption":"Alexandre Judes"},"url":"https:\/\/www.hiringlab.org\/fr\/blog\/author\/ajudes\/"}]}},"_links":{"self":[{"href":"https:\/\/www.hiringlab.org\/fr\/wp-json\/wp\/v2\/posts\/11657","targetHints":{"allow":["GET"]}}],"collection":[{"href":"https:\/\/www.hiringlab.org\/fr\/wp-json\/wp\/v2\/posts"}],"about":[{"href":"https:\/\/www.hiringlab.org\/fr\/wp-json\/wp\/v2\/types\/post"}],"author":[{"embeddable":true,"href":"https:\/\/www.hiringlab.org\/fr\/wp-json\/wp\/v2\/users\/37"}],"replies":[{"embeddable":true,"href":"https:\/\/www.hiringlab.org\/fr\/wp-json\/wp\/v2\/comments?post=11657"}],"version-history":[{"count":0,"href":"https:\/\/www.hiringlab.org\/fr\/wp-json\/wp\/v2\/posts\/11657\/revisions"}],"wp:featuredmedia":[{"embeddable":true,"href":"https:\/\/www.hiringlab.org\/fr\/wp-json\/wp\/v2\/media\/11662"}],"wp:attachment":[{"href":"https:\/\/www.hiringlab.org\/fr\/wp-json\/wp\/v2\/media?parent=11657"}],"wp:term":[{"taxonomy":"category","embeddable":true,"href":"https:\/\/www.hiringlab.org\/fr\/wp-json\/wp\/v2\/categories?post=11657"},{"taxonomy":"post_tag","embeddable":true,"href":"https:\/\/www.hiringlab.org\/fr\/wp-json\/wp\/v2\/tags?post=11657"},{"taxonomy":"post_mwm_category","embeddable":true,"href":"https:\/\/www.hiringlab.org\/fr\/wp-json\/wp\/v2\/post_mwm_category?post=11657"},{"taxonomy":"post_topic","embeddable":true,"href":"https:\/\/www.hiringlab.org\/fr\/wp-json\/wp\/v2\/post_topic?post=11657"},{"taxonomy":"post_content_type","embeddable":true,"href":"https:\/\/www.hiringlab.org\/fr\/wp-json\/wp\/v2\/post_content_type?post=11657"},{"taxonomy":"post_duration","embeddable":true,"href":"https:\/\/www.hiringlab.org\/fr\/wp-json\/wp\/v2\/post_duration?post=11657"},{"taxonomy":"post_actions","embeddable":true,"href":"https:\/\/www.hiringlab.org\/fr\/wp-json\/wp\/v2\/post_actions?post=11657"},{"taxonomy":"post_franchise","embeddable":true,"href":"https:\/\/www.hiringlab.org\/fr\/wp-json\/wp\/v2\/post_franchise?post=11657"},{"taxonomy":"post_mwm_author","embeddable":true,"href":"https:\/\/www.hiringlab.org\/fr\/wp-json\/wp\/v2\/post_mwm_author?post=11657"}],"curies":[{"name":"wp","href":"https:\/\/api.w.org\/{rel}","templated":true}]}}