{"id":11518,"date":"2020-11-04T19:33:35","date_gmt":"2020-11-04T18:33:35","guid":{"rendered":"https:\/\/www.hiringlab.org\/fr\/?p=11518"},"modified":"2020-11-04T19:33:35","modified_gmt":"2020-11-04T18:33:35","slug":"marche-du-travail-et-covid-19","status":"publish","type":"post","link":"https:\/\/www.hiringlab.org\/fr\/blog\/2020\/11\/04\/marche-du-travail-et-covid-19\/","title":{"rendered":"March\u00e9 du travail et Covid-19 :  les zones urbaines fragilis\u00e9es \u00e0 la veille du deuxi\u00e8me confinement"},"content":{"rendered":"\n<p><strong>Points cl\u00e9s :&nbsp;<\/strong><\/p>\n\n\n\n<ul class=\"wp-block-list\"><li>La comparaison de l\u2019\u00e9volution des offres d\u2019emploi depuis le d\u00e9but de la pand\u00e9mie r\u00e9v\u00e8le une tr\u00e8s forte disparit\u00e9 entre les d\u00e9partements&nbsp;<\/li><li>Aucun d\u00e9partement fortement urbanis\u00e9 n\u2019affiche une progression des annonces sur Indeed.fr<\/li><li>Une partie de l\u2019explication r\u00e9side dans la r\u00e9partition sectorielles des emplois : les villes sont le si\u00e8ge de nombreux emplois dans des secteurs tr\u00e8s touch\u00e9s par la pand\u00e9mie (restauration, culture et divertissement, ressources humaines, etc.)<\/li><\/ul>\n\n\n\n<p>La crise du coronavirus affecte diff\u00e9remment les d\u00e9partements fran\u00e7ais. Les zones urbaines apparaissent globalement plus touch\u00e9es, en raison de la pr\u00e9sence de nombreux emplois d\u2019encadrement ou de fonctions sp\u00e9cialis\u00e9es (RH, marketing, vente, comptabilit\u00e9, etc.). Certains d\u00e9partements voient en revanche leur march\u00e9 du travail revigor\u00e9 par l\u2019augmentation des postes dans les soins infirmiers, la garde d\u2019enfants, l\u2019hygi\u00e8ne et la propret\u00e9 ou encore la logistique et le transport.<\/p>\n\n\n\n<figure class=\"wp-block-image\"><img decoding=\"async\" src=\"https:\/\/lh6.googleusercontent.com\/r5eyeDoXaNAPnKa5di3rBjUiQw-JngGI1CzMu5QdP-gVvgKEJynzyCQvnhaQlH2quAKqGMYvOsZMR7oOYFBk54QHAQg8Ly0wpqHLLF310h-EMIDy_WCkPtFBjaAbQhx_aY5ART2-\" alt=\"Les d\u00e9partements les plus urbanis\u00e9s globalement plus touch\u00e9s\" \/><figcaption>Le graphique en barres illustre la variation des offres sur Indeed.fr entre janvier et septembre 2020. L&rsquo;axe vertical indique la variation en pourcentage, de -20% \u00e0 0%, en incr\u00e9ments de 5. L&rsquo;axe horizontal indique de gauche \u00e0 droite : les d\u00e9partements urbains avec une variation de -19%, les d\u00e9partements dont le taux d&rsquo;urbanisation est compris entre 70 et 85% avec une variation de -8%, les d\u00e9partements dont le taux d&rsquo;urbanisation est compris entre 40 et 70% avec une variation de -5%, puis les d\u00e9partements ruraux avec une variation de -2%. La source des donn\u00e9es est Indeed.<\/figcaption><\/figure>\n\n\n\n<p>Plusieurs mois apr\u00e8s la lev\u00e9e du confinement, il est d\u00e9sormais possible d\u2019analyser l\u2019\u00e9volution des march\u00e9s du travail locaux sous l\u2019effet de la crise. Le premier enseignement est sans doute la tr\u00e8s forte disparit\u00e9 de l\u2019\u00e9volution des annonces d\u2019emploi sur Indeed.fr. Compar\u00e9 \u00e0 une moyenne nationale de -14 % entre janvier et septembre 2020, le d\u00e9partement des Pyr\u00e9n\u00e9es Atlantiques affiche une croissance des offres de 27 %, alors que Paris enregistre une chute de 29 %.&nbsp;<\/p>\n\n\n\n<p>Aucun des d\u00e9partements o\u00f9 le nombre d\u2019offres a le plus augment\u00e9 n\u2019est le si\u00e8ge d\u2019une grande m\u00e9tropole, et beaucoup de ceux qui sont en fin de classement sont en \u00cele-de-France. Le Cantal affiche ainsi une progression de 8 % des offres d\u2019emploi, alors qu\u2019aucun d\u00e9partement fortement urbanis\u00e9 n\u2019affiche de croissance positive du nombre d\u2019offres entre janvier et septembre. En moyenne, les d\u00e9partements urbanis\u00e9s \u00e0 plus de 85 % connaissent en effet une baisse du nombre d\u2019annonces de 19 %, alors que ceux qui affichent un taux d\u2019urbanisation inf\u00e9rieur \u00e0 85 % enregistrent une chute de seulement 6 %. Au sein des deux groupes, les disparit\u00e9s restent cependant assez fortes. Les annonces dans les Pyr\u00e9n\u00e9es Atlantiques augmentent de 27 % sur la p\u00e9riode, mais elles baissent de 18 % en Seine Maritime, alors que les deux d\u00e9partements ont un taux d\u2019urbanisation comparable. Idem pour la Charente Maritime (+ 25 %) et l\u2019Eure (-22 %). Cette tendance s\u2019observe pour les r\u00e9gions-capitales d\u2019autres pays europ\u00e9ens, o\u00f9 le march\u00e9 du travail se redresse plus difficilement que le reste du pays.<\/p>\n\n\n\n<p>L\u2019une des causes de ces divergences est la sp\u00e9cialisation productive des d\u00e9partements : ceux dans lesquels les annonces dans les secteurs les plus touch\u00e9s par la crise \u00e9taient les plus nombreuses ont accus\u00e9 un repli plus prononc\u00e9 que les autres. <a href=\"https:\/\/www.hiringlab.org\/fr\/blog\/2020\/09\/04\/marche-du-travail-se-transforme-coronavirus\/\" target=\"_blank\" rel=\"noreferrer noopener\">Comme nous le notions<\/a> au d\u00e9but du mois de septembre, la transformation du march\u00e9 du travail se traduit par la mont\u00e9e en puissance des services \u00e0 la personne ou du secteur de l\u2019hygi\u00e8ne et de la propret\u00e9, et le d\u00e9clin de nombreuses fonctions d\u2019encadrement, en plus de l\u2019\u00e9ducation et la formation.<\/p>\n\n\n\n<p>Cet aspect sectoriel se retrouve dans la liste des d\u00e9partements qui ont des \u00e9volutions plus importantes que la moyenne. Les dix d\u00e9partements ayant connu les plus fortes augmentations des annonces d\u2019emploi b\u00e9n\u00e9ficient de l\u2019essor des soins infirmiers, de la garde d\u2019enfants ou de la logistique et du transport. Inversement, les d\u00e9partements qui voient leur nombre d\u2019offres baisser dans les proportions les plus importantes enregistrent l\u2019essentiel des pertes dans l\u2019\u00e9ducation et la formation, la vente et la prospection commerciale, l\u2019industrie ou les fonctions d\u2019encadrement.<\/p>\n\n\n\n<figure class=\"wp-block-image\"><img decoding=\"async\" src=\"https:\/\/lh3.googleusercontent.com\/bCf9Etn6TbAP67YaR034mQd9jP0R1aqKKJ7CZauqN0LrgInn93fkFX0FmqJ2XcmoTrS61i3xsCxlZThaBW0Inam45op_ODpL7wK7Prr5tMXzxyULMflZLeSmXF9XGojoOarovVlf\" alt=\"La crise affecte les d\u00e9partements de fa\u00e7on in\u00e9gale\" \/><figcaption>Le tableau en deux parties illustre la variation du nombre d&rsquo;offres sur Indeed.fr entre janvier et septembre 2020. La premi\u00e8re colonne liste les d\u00e9partements, la deuxi\u00e8me colonne indique la variation en pourcentage et la troisi\u00e8me colonne pr\u00e9cise les m\u00e9tiers. La premi\u00e8re partie du tableau indique les 10 d\u00e9partements o\u00f9 les offres ont augment\u00e9, le taux de variation et les m\u00e9tiers qui enregistrent une hausse des offres. De haut en bas : Pyr\u00e9n\u00e9es Atlantiques, 27%, Hygi\u00e8ne et propret\u00e9, garde d&rsquo;enfants, soins infirmiers. Charente Maritime, 25%, Soins infirmiers, construction, vente et prospection commerciale. Hautes-Pyr\u00e9n\u00e9es, 14%, Soins infirmiers, construction, m\u00e9decine. Landes, 12%, Logistique et transport, stockage et entreposage, soins infirmiers. Cantal, 8%, Soins infirmiers, m\u00e9decine, logistique et transport. Puy-de-D\u00f4me, 8%, Garde d\u2019enfants, hygi\u00e8ne et propret\u00e9, soins infirmiers. Pyr\u00e9n\u00e9es-Orientales, 6%, Soins infirmiers, logistique et transport, hygi\u00e8ne et propret\u00e9. Tarn-et-Garonne, 6%, Soins infirmiers, garde d\u2019enfants, soins \u00e0 la personne. C\u00f4te d\u2019Or, 5%, Garde d\u2019enfants, hygi\u00e8ne et propret\u00e9, soins infirmiers. C\u00f4tes d\u2019Armor, 5%, Logistique et transport, soins infirmiers, restauration. La deuxi\u00e8me partie du tableau indique les 11 d\u00e9partements o\u00f9 les offres ont baiss\u00e9, le taux de variation et les m\u00e9tiers qui enregistrent une baisse des offres. De haut en bas : Paris, -29%, Vente et prospection commerciale, management, services administratifs. Hauts-de-Seine, -28%, Comptabilit\u00e9, services administratifs, agriculture et foresterie. Yvelines, -26%, \u00c9ducation et formation, installation et maintenance, vente et prospection commerciale. Val-d\u2019Oise, -26%, \u00c9ducation et formation, vente et prospection commerciale, installation et maintenance. Essone, -25%, Installation et maintenance, vente et prospection commerciale, \u00e9ducation et formation. Val-de-Marne, -23%, \u00c9ducation et formation, vente et prospection commerciale, installation et maintenance. Haute-Garonne, -22%, G\u00e9nie industriel, vente et prospection commerciale, management. Eure, -22%, Installation et maintenance, construction, vente et prospection commerciale. Territoire-de-Belfort, -21%, Installation et maintenance, production et fabrication, stockage et entreposage. Loire, -21%, Installation et maintenance, production et fabrication, construction. Seine-St-Denis, -21%, Comptabilit\u00e9, services administratifs, installation et maintenance. Une note pr\u00e9cise que les m\u00e9tiers list\u00e9s sont ceux pour lesquels la baisse du nombre d&rsquo;annonces est la plus importante sur le d\u00e9partement concern\u00e9. La source des donn\u00e9es est Indeed.<\/figcaption><\/figure>\n\n\n\n<p>Cet aspect g\u00e9ographique de la transformation du march\u00e9 du travail \u00e0 la suite de la pand\u00e9mie doit \u00e9galement \u00eatre rapproch\u00e9 de l\u2019essor du t\u00e9l\u00e9travail, qui aura des effets sur les march\u00e9s du travail des grandes m\u00e9tropoles. Beaucoup des m\u00e9tiers qui contribuent \u00e0 faire chuter le nombre d\u2019annonces dans les zones urbanis\u00e9es se pr\u00eatent en effet au t\u00e9l\u00e9travail, ce qui n\u2019est pas le cas des soins \u00e0 la personne ou de ceux qui contribuent \u00e0 la croissance des offres dans les d\u00e9partements les plus dynamiques.&nbsp;<\/p>\n\n\n\n<figure class=\"wp-block-image\"><img decoding=\"async\" src=\"https:\/\/lh6.googleusercontent.com\/JYZncEDE1hLvHh5It4Q2osvByaMwm_mDlIrkK0n-qVJgrtMyG951IYutK8C01ETWV2eKlP5WJzsXdyzNu8nH6BIoP9Z6B4Z99vUkuvdM9RueNAJofc_CC40EJ1d8cPjaKiXgnRW9\" alt=\"Les offres en t\u00e9l\u00e9travail sont plus fr\u00e9quentes en ville\" \/><figcaption>Le graphique en barres illustre la part des offres en t\u00e9l\u00e9travail dans le total. L&rsquo;axe vertical indique la part en pourcentage, de 0 \u00e0 6% en incr\u00e9ments de 2. L&rsquo;axe horizontal indique les d\u00e9partements et le pourcentage des offres en t\u00e9l\u00e9travail. De gauche \u00e0 droite : 5% pour les D\u00e9partements urbains, 3% pour les D\u00e9partements dont le taux d&rsquo;urbanisation est compris entre 70 et 85%, 2% pour les D\u00e9partements dont le taux d&rsquo;urbanisation est compris entre 40 et 70%, 3% pour les D\u00e9partements ruraux. La source des donn\u00e9es est Indeed.<\/figcaption><\/figure>\n\n\n\n<p>Avec le reconfinement, le march\u00e9 du travail dans les villes sera probablement de nouveau frapp\u00e9, alors qu\u2019en parall\u00e8le le recours au t\u00e9l\u00e9travail est plus que jamais encourag\u00e9 par les autorit\u00e9s publiques pour limiter la progression du virus. Une recomposition est donc en cours qui pourrait bouleverser le march\u00e9 du travail et l\u2019\u00e9quilibre \u00e9conomique et financier de nombreux d\u00e9partements.<\/p>\n\n\n\n<p><strong>M\u00e9thodologie<\/strong><\/p>\n\n\n\n<p><em>L\u2019\u00e9volution des offres emplois est observ\u00e9e de janvier \u00e0 septembre 2020. Les taux de croissance pr\u00e9sent\u00e9s dans l\u2019article sont ceux des offres sur Indeed.fr dans un d\u00e9partement donn\u00e9 entre les mois de janvier 2020 et septembre 2020.<\/em><\/p>\n\n\n\n<p><em>Les secteurs mentionn\u00e9s sont ceux qui contribuent le plus, en valeur absolue, \u00e0 la hausse ou \u00e0 la baisse du nombre d\u2019offres d\u2019emploi dans un d\u00e9partement donn\u00e9.<\/em><\/p>\n\n\n\n<p><em>Les d\u00e9partements qualifi\u00e9s d\u2019urbains (taux d\u2019urbanisation sup\u00e9rieur \u00e0 85 %) dans l\u2019article sont les suivants : Paris, Hauts de Seine, Val de Marne, Seine-Saint-Denis, Bouches du Rh\u00f4ne, Val d\u2019Oise, Alpes Maritimes, Essonne, Yvelines, Rh\u00f4ne, Var, Nord.<\/em><\/p>\n\n\n\n<p><em>Les d\u00e9partements dit ruraux (taux d\u2019urbanisation inf\u00e9rieur \u00e0 40 %) sont les suivants : Creuse, Loz\u00e8re, Lot, Gers, Cantal.<\/em><\/p>\n","protected":false},"excerpt":{"rendered":"<p>En ce d\u00e9but de reconfinement, le march\u00e9 du travail dans les villes r\u00e9siste plus difficilement \u00e0 la pand\u00e9mie qu\u2019ailleurs dans le pays, donnant ainsi un autre \u00e9clairage sur les \u00e9quilibres territoriaux.<\/p>\n","protected":false},"author":37,"featured_media":11085,"comment_status":"closed","ping_status":"closed","sticky":false,"template":"recruiter-hub-blocks.php","format":"standard","meta":{"_acf_changed":false,"footnotes":""},"categories":[1],"tags":[],"post_mwm_category":[222],"post_topic":[],"post_content_type":[],"post_duration":[],"post_actions":[],"post_franchise":[],"post_mwm_author":[189],"class_list":["post-11518","post","type-post","status-publish","format-standard","has-post-thumbnail","hentry","category-uncategorized","post_mwm_category-coronavirus","post_mwm_author-ajudes"],"acf":[],"yoast_head":"<!-- This site is optimized with the Yoast SEO plugin v27.2 - https:\/\/yoast.com\/product\/yoast-seo-wordpress\/ -->\n<title>March\u00e9 du travail et Covid-19 : les zones urbaines fragilis\u00e9es \u00e0 la veille du deuxi\u00e8me confinement - Indeed Hiring Lab France<\/title>\n<meta name=\"robots\" content=\"index, follow, max-snippet:-1, max-image-preview:large, max-video-preview:-1\" \/>\n<link rel=\"canonical\" href=\"https:\/\/www.hiringlab.org\/fr\/blog\/2020\/11\/04\/marche-du-travail-et-covid-19\/\" \/>\n<meta property=\"og:locale\" content=\"fr_FR\" \/>\n<meta property=\"og:type\" content=\"article\" \/>\n<meta property=\"og:title\" content=\"March\u00e9 du travail et Covid-19 : les zones urbaines fragilis\u00e9es \u00e0 la veille du deuxi\u00e8me confinement - Indeed Hiring Lab France\" \/>\n<meta property=\"og:description\" content=\"En ce d\u00e9but de reconfinement, le march\u00e9 du travail dans les villes r\u00e9siste plus difficilement \u00e0 la pand\u00e9mie qu\u2019ailleurs dans le pays, donnant ainsi un autre \u00e9clairage sur les \u00e9quilibres territoriaux.\" \/>\n<meta property=\"og:url\" content=\"https:\/\/www.hiringlab.org\/fr\/blog\/2020\/11\/04\/marche-du-travail-et-covid-19\/\" \/>\n<meta property=\"og:site_name\" content=\"Indeed Hiring Lab France\" \/>\n<meta property=\"article:published_time\" content=\"2020-11-04T18:33:35+00:00\" \/>\n<meta property=\"og:image\" content=\"https:\/\/www.hiringlab.org\/fr\/wp-content\/uploads\/sites\/4\/2019\/09\/paris-1-scaled.jpg\" \/>\n\t<meta property=\"og:image:width\" content=\"2560\" \/>\n\t<meta property=\"og:image:height\" content=\"1920\" \/>\n\t<meta property=\"og:image:type\" content=\"image\/jpeg\" \/>\n<meta name=\"author\" content=\"Alexandre Judes\" \/>\n<meta name=\"twitter:card\" content=\"summary_large_image\" \/>\n<script type=\"application\/ld+json\" class=\"yoast-schema-graph\">{\"@context\":\"https:\/\/schema.org\",\"@graph\":[{\"@type\":\"Article\",\"@id\":\"https:\/\/www.hiringlab.org\/fr\/blog\/2020\/11\/04\/marche-du-travail-et-covid-19\/#article\",\"isPartOf\":{\"@id\":\"https:\/\/www.hiringlab.org\/fr\/blog\/2020\/11\/04\/marche-du-travail-et-covid-19\/\"},\"author\":{\"name\":\"Alexandre Judes\",\"@id\":\"https:\/\/www.hiringlab.org\/fr\/#\/schema\/person\/35a85469aa9821aef8af2a600eb69c82\"},\"headline\":\"March\u00e9 du travail et Covid-19 : les zones urbaines fragilis\u00e9es \u00e0 la veille du deuxi\u00e8me confinement\",\"datePublished\":\"2020-11-04T18:33:35+00:00\",\"mainEntityOfPage\":{\"@id\":\"https:\/\/www.hiringlab.org\/fr\/blog\/2020\/11\/04\/marche-du-travail-et-covid-19\/\"},\"wordCount\":1490,\"image\":{\"@id\":\"https:\/\/www.hiringlab.org\/fr\/blog\/2020\/11\/04\/marche-du-travail-et-covid-19\/#primaryimage\"},\"thumbnailUrl\":\"https:\/\/d341ezm4iqaae0.cloudfront.net\/hiringlaborg\/sites\/4\/2019\/09\/02182431\/paris-1-scaled.jpg\",\"articleSection\":[\"Uncategorized\"],\"inLanguage\":\"fr-FR\"},{\"@type\":\"WebPage\",\"@id\":\"https:\/\/www.hiringlab.org\/fr\/blog\/2020\/11\/04\/marche-du-travail-et-covid-19\/\",\"url\":\"https:\/\/www.hiringlab.org\/fr\/blog\/2020\/11\/04\/marche-du-travail-et-covid-19\/\",\"name\":\"March\u00e9 du travail et Covid-19 : les zones urbaines fragilis\u00e9es \u00e0 la veille du deuxi\u00e8me confinement - Indeed Hiring Lab France\",\"isPartOf\":{\"@id\":\"https:\/\/www.hiringlab.org\/fr\/#website\"},\"primaryImageOfPage\":{\"@id\":\"https:\/\/www.hiringlab.org\/fr\/blog\/2020\/11\/04\/marche-du-travail-et-covid-19\/#primaryimage\"},\"image\":{\"@id\":\"https:\/\/www.hiringlab.org\/fr\/blog\/2020\/11\/04\/marche-du-travail-et-covid-19\/#primaryimage\"},\"thumbnailUrl\":\"https:\/\/d341ezm4iqaae0.cloudfront.net\/hiringlaborg\/sites\/4\/2019\/09\/02182431\/paris-1-scaled.jpg\",\"datePublished\":\"2020-11-04T18:33:35+00:00\",\"author\":{\"@id\":\"https:\/\/www.hiringlab.org\/fr\/#\/schema\/person\/35a85469aa9821aef8af2a600eb69c82\"},\"breadcrumb\":{\"@id\":\"https:\/\/www.hiringlab.org\/fr\/blog\/2020\/11\/04\/marche-du-travail-et-covid-19\/#breadcrumb\"},\"inLanguage\":\"fr-FR\",\"potentialAction\":[{\"@type\":\"ReadAction\",\"target\":[\"https:\/\/www.hiringlab.org\/fr\/blog\/2020\/11\/04\/marche-du-travail-et-covid-19\/\"]}]},{\"@type\":\"ImageObject\",\"inLanguage\":\"fr-FR\",\"@id\":\"https:\/\/www.hiringlab.org\/fr\/blog\/2020\/11\/04\/marche-du-travail-et-covid-19\/#primaryimage\",\"url\":\"https:\/\/d341ezm4iqaae0.cloudfront.net\/hiringlaborg\/sites\/4\/2019\/09\/02182431\/paris-1-scaled.jpg\",\"contentUrl\":\"https:\/\/d341ezm4iqaae0.cloudfront.net\/hiringlaborg\/sites\/4\/2019\/09\/02182431\/paris-1-scaled.jpg\",\"width\":2560,\"height\":1920},{\"@type\":\"BreadcrumbList\",\"@id\":\"https:\/\/www.hiringlab.org\/fr\/blog\/2020\/11\/04\/marche-du-travail-et-covid-19\/#breadcrumb\",\"itemListElement\":[{\"@type\":\"ListItem\",\"position\":1,\"name\":\"Home\",\"item\":\"https:\/\/www.hiringlab.org\/fr\/\"},{\"@type\":\"ListItem\",\"position\":2,\"name\":\"March\u00e9 du travail et Covid-19 : les zones urbaines fragilis\u00e9es \u00e0 la veille du deuxi\u00e8me confinement\"}]},{\"@type\":\"WebSite\",\"@id\":\"https:\/\/www.hiringlab.org\/fr\/#website\",\"url\":\"https:\/\/www.hiringlab.org\/fr\/\",\"name\":\"Indeed Hiring Lab France\",\"description\":\"Just another Wordpress Admins Site Sites site\",\"potentialAction\":[{\"@type\":\"SearchAction\",\"target\":{\"@type\":\"EntryPoint\",\"urlTemplate\":\"https:\/\/www.hiringlab.org\/fr\/?s={search_term_string}\"},\"query-input\":{\"@type\":\"PropertyValueSpecification\",\"valueRequired\":true,\"valueName\":\"search_term_string\"}}],\"inLanguage\":\"fr-FR\"},{\"@type\":\"Person\",\"@id\":\"https:\/\/www.hiringlab.org\/fr\/#\/schema\/person\/35a85469aa9821aef8af2a600eb69c82\",\"name\":\"Alexandre Judes\",\"image\":{\"@type\":\"ImageObject\",\"inLanguage\":\"fr-FR\",\"@id\":\"https:\/\/secure.gravatar.com\/avatar\/d4ea58a3c345a594b916e5eab9862bcc2ae6f5489e8b11392ff7df04ef9174c2?s=96&d=mm&r=g\",\"url\":\"https:\/\/secure.gravatar.com\/avatar\/d4ea58a3c345a594b916e5eab9862bcc2ae6f5489e8b11392ff7df04ef9174c2?s=96&d=mm&r=g\",\"contentUrl\":\"https:\/\/secure.gravatar.com\/avatar\/d4ea58a3c345a594b916e5eab9862bcc2ae6f5489e8b11392ff7df04ef9174c2?s=96&d=mm&r=g\",\"caption\":\"Alexandre Judes\"},\"url\":\"https:\/\/www.hiringlab.org\/fr\/blog\/author\/ajudes\/\"}]}<\/script>\n<!-- \/ Yoast SEO plugin. -->","yoast_head_json":{"title":"March\u00e9 du travail et Covid-19 : les zones urbaines fragilis\u00e9es \u00e0 la veille du deuxi\u00e8me confinement - Indeed Hiring Lab France","robots":{"index":"index","follow":"follow","max-snippet":"max-snippet:-1","max-image-preview":"max-image-preview:large","max-video-preview":"max-video-preview:-1"},"canonical":"https:\/\/www.hiringlab.org\/fr\/blog\/2020\/11\/04\/marche-du-travail-et-covid-19\/","og_locale":"fr_FR","og_type":"article","og_title":"March\u00e9 du travail et Covid-19 : les zones urbaines fragilis\u00e9es \u00e0 la veille du deuxi\u00e8me confinement - Indeed Hiring Lab France","og_description":"En ce d\u00e9but de reconfinement, le march\u00e9 du travail dans les villes r\u00e9siste plus difficilement \u00e0 la pand\u00e9mie qu\u2019ailleurs dans le pays, donnant ainsi un autre \u00e9clairage sur les \u00e9quilibres territoriaux.","og_url":"https:\/\/www.hiringlab.org\/fr\/blog\/2020\/11\/04\/marche-du-travail-et-covid-19\/","og_site_name":"Indeed Hiring Lab France","article_published_time":"2020-11-04T18:33:35+00:00","og_image":[{"width":2560,"height":1920,"url":"https:\/\/www.hiringlab.org\/fr\/wp-content\/uploads\/sites\/4\/2019\/09\/paris-1-scaled.jpg","type":"image\/jpeg"}],"author":"Alexandre Judes","twitter_card":"summary_large_image","schema":{"@context":"https:\/\/schema.org","@graph":[{"@type":"Article","@id":"https:\/\/www.hiringlab.org\/fr\/blog\/2020\/11\/04\/marche-du-travail-et-covid-19\/#article","isPartOf":{"@id":"https:\/\/www.hiringlab.org\/fr\/blog\/2020\/11\/04\/marche-du-travail-et-covid-19\/"},"author":{"name":"Alexandre Judes","@id":"https:\/\/www.hiringlab.org\/fr\/#\/schema\/person\/35a85469aa9821aef8af2a600eb69c82"},"headline":"March\u00e9 du travail et Covid-19 : les zones urbaines fragilis\u00e9es \u00e0 la veille du deuxi\u00e8me confinement","datePublished":"2020-11-04T18:33:35+00:00","mainEntityOfPage":{"@id":"https:\/\/www.hiringlab.org\/fr\/blog\/2020\/11\/04\/marche-du-travail-et-covid-19\/"},"wordCount":1490,"image":{"@id":"https:\/\/www.hiringlab.org\/fr\/blog\/2020\/11\/04\/marche-du-travail-et-covid-19\/#primaryimage"},"thumbnailUrl":"https:\/\/d341ezm4iqaae0.cloudfront.net\/hiringlaborg\/sites\/4\/2019\/09\/02182431\/paris-1-scaled.jpg","articleSection":["Uncategorized"],"inLanguage":"fr-FR"},{"@type":"WebPage","@id":"https:\/\/www.hiringlab.org\/fr\/blog\/2020\/11\/04\/marche-du-travail-et-covid-19\/","url":"https:\/\/www.hiringlab.org\/fr\/blog\/2020\/11\/04\/marche-du-travail-et-covid-19\/","name":"March\u00e9 du travail et Covid-19 : les zones urbaines fragilis\u00e9es \u00e0 la veille du deuxi\u00e8me confinement - Indeed Hiring Lab France","isPartOf":{"@id":"https:\/\/www.hiringlab.org\/fr\/#website"},"primaryImageOfPage":{"@id":"https:\/\/www.hiringlab.org\/fr\/blog\/2020\/11\/04\/marche-du-travail-et-covid-19\/#primaryimage"},"image":{"@id":"https:\/\/www.hiringlab.org\/fr\/blog\/2020\/11\/04\/marche-du-travail-et-covid-19\/#primaryimage"},"thumbnailUrl":"https:\/\/d341ezm4iqaae0.cloudfront.net\/hiringlaborg\/sites\/4\/2019\/09\/02182431\/paris-1-scaled.jpg","datePublished":"2020-11-04T18:33:35+00:00","author":{"@id":"https:\/\/www.hiringlab.org\/fr\/#\/schema\/person\/35a85469aa9821aef8af2a600eb69c82"},"breadcrumb":{"@id":"https:\/\/www.hiringlab.org\/fr\/blog\/2020\/11\/04\/marche-du-travail-et-covid-19\/#breadcrumb"},"inLanguage":"fr-FR","potentialAction":[{"@type":"ReadAction","target":["https:\/\/www.hiringlab.org\/fr\/blog\/2020\/11\/04\/marche-du-travail-et-covid-19\/"]}]},{"@type":"ImageObject","inLanguage":"fr-FR","@id":"https:\/\/www.hiringlab.org\/fr\/blog\/2020\/11\/04\/marche-du-travail-et-covid-19\/#primaryimage","url":"https:\/\/d341ezm4iqaae0.cloudfront.net\/hiringlaborg\/sites\/4\/2019\/09\/02182431\/paris-1-scaled.jpg","contentUrl":"https:\/\/d341ezm4iqaae0.cloudfront.net\/hiringlaborg\/sites\/4\/2019\/09\/02182431\/paris-1-scaled.jpg","width":2560,"height":1920},{"@type":"BreadcrumbList","@id":"https:\/\/www.hiringlab.org\/fr\/blog\/2020\/11\/04\/marche-du-travail-et-covid-19\/#breadcrumb","itemListElement":[{"@type":"ListItem","position":1,"name":"Home","item":"https:\/\/www.hiringlab.org\/fr\/"},{"@type":"ListItem","position":2,"name":"March\u00e9 du travail et Covid-19 : les zones urbaines fragilis\u00e9es \u00e0 la veille du deuxi\u00e8me confinement"}]},{"@type":"WebSite","@id":"https:\/\/www.hiringlab.org\/fr\/#website","url":"https:\/\/www.hiringlab.org\/fr\/","name":"Indeed Hiring Lab France","description":"Just another Wordpress Admins Site Sites site","potentialAction":[{"@type":"SearchAction","target":{"@type":"EntryPoint","urlTemplate":"https:\/\/www.hiringlab.org\/fr\/?s={search_term_string}"},"query-input":{"@type":"PropertyValueSpecification","valueRequired":true,"valueName":"search_term_string"}}],"inLanguage":"fr-FR"},{"@type":"Person","@id":"https:\/\/www.hiringlab.org\/fr\/#\/schema\/person\/35a85469aa9821aef8af2a600eb69c82","name":"Alexandre Judes","image":{"@type":"ImageObject","inLanguage":"fr-FR","@id":"https:\/\/secure.gravatar.com\/avatar\/d4ea58a3c345a594b916e5eab9862bcc2ae6f5489e8b11392ff7df04ef9174c2?s=96&d=mm&r=g","url":"https:\/\/secure.gravatar.com\/avatar\/d4ea58a3c345a594b916e5eab9862bcc2ae6f5489e8b11392ff7df04ef9174c2?s=96&d=mm&r=g","contentUrl":"https:\/\/secure.gravatar.com\/avatar\/d4ea58a3c345a594b916e5eab9862bcc2ae6f5489e8b11392ff7df04ef9174c2?s=96&d=mm&r=g","caption":"Alexandre Judes"},"url":"https:\/\/www.hiringlab.org\/fr\/blog\/author\/ajudes\/"}]}},"_links":{"self":[{"href":"https:\/\/www.hiringlab.org\/fr\/wp-json\/wp\/v2\/posts\/11518","targetHints":{"allow":["GET"]}}],"collection":[{"href":"https:\/\/www.hiringlab.org\/fr\/wp-json\/wp\/v2\/posts"}],"about":[{"href":"https:\/\/www.hiringlab.org\/fr\/wp-json\/wp\/v2\/types\/post"}],"author":[{"embeddable":true,"href":"https:\/\/www.hiringlab.org\/fr\/wp-json\/wp\/v2\/users\/37"}],"replies":[{"embeddable":true,"href":"https:\/\/www.hiringlab.org\/fr\/wp-json\/wp\/v2\/comments?post=11518"}],"version-history":[{"count":0,"href":"https:\/\/www.hiringlab.org\/fr\/wp-json\/wp\/v2\/posts\/11518\/revisions"}],"wp:featuredmedia":[{"embeddable":true,"href":"https:\/\/www.hiringlab.org\/fr\/wp-json\/wp\/v2\/media\/11085"}],"wp:attachment":[{"href":"https:\/\/www.hiringlab.org\/fr\/wp-json\/wp\/v2\/media?parent=11518"}],"wp:term":[{"taxonomy":"category","embeddable":true,"href":"https:\/\/www.hiringlab.org\/fr\/wp-json\/wp\/v2\/categories?post=11518"},{"taxonomy":"post_tag","embeddable":true,"href":"https:\/\/www.hiringlab.org\/fr\/wp-json\/wp\/v2\/tags?post=11518"},{"taxonomy":"post_mwm_category","embeddable":true,"href":"https:\/\/www.hiringlab.org\/fr\/wp-json\/wp\/v2\/post_mwm_category?post=11518"},{"taxonomy":"post_topic","embeddable":true,"href":"https:\/\/www.hiringlab.org\/fr\/wp-json\/wp\/v2\/post_topic?post=11518"},{"taxonomy":"post_content_type","embeddable":true,"href":"https:\/\/www.hiringlab.org\/fr\/wp-json\/wp\/v2\/post_content_type?post=11518"},{"taxonomy":"post_duration","embeddable":true,"href":"https:\/\/www.hiringlab.org\/fr\/wp-json\/wp\/v2\/post_duration?post=11518"},{"taxonomy":"post_actions","embeddable":true,"href":"https:\/\/www.hiringlab.org\/fr\/wp-json\/wp\/v2\/post_actions?post=11518"},{"taxonomy":"post_franchise","embeddable":true,"href":"https:\/\/www.hiringlab.org\/fr\/wp-json\/wp\/v2\/post_franchise?post=11518"},{"taxonomy":"post_mwm_author","embeddable":true,"href":"https:\/\/www.hiringlab.org\/fr\/wp-json\/wp\/v2\/post_mwm_author?post=11518"}],"curies":[{"name":"wp","href":"https:\/\/api.w.org\/{rel}","templated":true}]}}