{"id":11396,"date":"2020-06-10T16:48:02","date_gmt":"2020-06-10T14:48:02","guid":{"rendered":"https:\/\/www.hiringlab.org\/fr\/?p=11396"},"modified":"2020-06-10T16:48:02","modified_gmt":"2020-06-10T14:48:02","slug":"les-recherches-sur-indeed-fr-au-6-juin","status":"publish","type":"post","link":"https:\/\/www.hiringlab.org\/fr\/blog\/2020\/06\/10\/les-recherches-sur-indeed-fr-au-6-juin\/","title":{"rendered":"Les recherches sur Indeed.fr au 6 juin :  l\u2019int\u00e9rim de plus en plus recherch\u00e9"},"content":{"rendered":"\n<p>Points cl\u00e9s :<\/p>\n\n\n\n<ul class=\"wp-block-list\"><li>Les recherches concernant les emplois de la restauration sont \u00e0 l\u2019honneur cette semaine, dans le sillage de la r\u00e9ouverture des restaurants.<\/li><li>Les mots cl\u00e9s les plus utilis\u00e9s lors de la pand\u00e9mie (et notamment le t\u00e9l\u00e9travail) refluent.&nbsp;<\/li><li>Beaucoup de secteurs ayant suscit\u00e9 l\u2019engouement \u00e0 l\u2019annonce du confinement,&nbsp; comme l\u2019agriculture ou la grande distribution, poursuivent \u00e9galement leur reflux.<\/li><\/ul>\n\n\n\n<p>Le choc du coronavirus sur le march\u00e9 du travail fran\u00e7ais a entra\u00een\u00e9 <a href=\"http:\/\/www.leparisien.fr\/economie\/emploi\/coronavirus-7-1-de-chomeurs-au-mois-de-mars-en-france-du-jamais-vu-27-04-2020-8306418.php\">des pertes d&#8217;emploi<\/a>, mais aussi un ralentissement marqu\u00e9 des nouvelles offres d&#8217;emploi, comme nous le soulignons lors de nos <a href=\"https:\/\/www.hiringlab.org\/fr\/blog\/2020\/06\/05\/offres-demploi-en-france-au-29-mai\/\">publications r\u00e9guli\u00e8res<\/a>. Dans cet environnement difficile, les habitudes de recherche ont chang\u00e9, mais certains ont tout de m\u00eame cherch\u00e9 \u00e0 r\u00e9pondre \u00e0 la demande sur le march\u00e9 du travail. L&rsquo;examen des termes de recherche dont la popularit\u00e9 a augment\u00e9 le plus rapidement donne un aper\u00e7u des types de postes sur lesquels les chercheurs d&#8217;emploi ont concentr\u00e9 leurs efforts et nous renseigne sur l&rsquo;\u00e9tat du march\u00e9 du travail.<\/p>\n\n\n\n<p><strong>Une reprise des recherches de court terme<\/strong><\/p>\n\n\n\n<figure class=\"wp-block-image\"><img decoding=\"async\" src=\"https:\/\/lh6.googleusercontent.com\/JbZZukNBnV4JMHy8QQyzVMMo0dxmLSclI7DkpYdsC7utJYfhr3CoxVfsBthR7RpvpCLEJw_mttm6XyLM5nwU-CA0gNlwDbEbfkOL-12eA4kDv_uFTVzfXRbCY0Flh5DjqldcpSQH\" alt=\"Mots-cl\u00e9s connaissant la plus forte croissance sur Indeed\" \/><figcaption>Le tableau en trois colonnes illustre le top 10 pour la variation des parts dans le total des recherches entre le 30 mai et le 6 juin. La premi\u00e8re colonne contient le rang des mots-cl\u00e9s, de 1 \u00e0 10. La deuxi\u00e8me colonne liste les mots-cl\u00e9s. La troisi\u00e8me colonne pr\u00e9cise la variation par rapport aux deux semaines pr\u00e9c\u00e9dentes, en pourcentage. De haut en bas, en commen\u00e7ant par le mot-cl\u00e9 connaissant la plus forte croissance : serveur 94,2 % ; serveuse 82,4 % ; camping 70,9 % ; plongeur 64 % ; job d&rsquo;\u00e9t\u00e9 53,2 % ; emploi saisonnier 51,2 % ; job d&rsquo;\u00e9t\u00e9 \u00e9tudiant 45,5 % ; restauration 35,3 % ; saisonnier 34,7 % ; cuisinier 34,2 %. La source des donn\u00e9es est Indeed.<\/figcaption><\/figure>\n\n\n\n<p>La recherche d&#8217;emploi qui a connu l\u2019augmentation la plus rapide sur Indeed au cours des deux semaines qui se sont \u00e9coul\u00e9es jusqu&rsquo;au samedi 30 mai a \u00e9t\u00e9 celle concernant les serveurs et serveuses. De nombreux autres mots cl\u00e9s li\u00e9s \u00e0 la restauration progressent fortement alors que les restaurants ont partiellement r\u00e9ouvert sur la semaine consid\u00e9r\u00e9e. Les emplois de court terme continuent d\u2019\u00eatre tr\u00e8s convoit\u00e9s, signe que les chercheurs d\u2019emploi reviennent petit \u00e0 petit sur le march\u00e9 du travail.<\/p>\n\n\n\n<p><strong>Les s\u00e9quelles de la crise<\/strong><\/p>\n\n\n\n<p>Certaines recherches embl\u00e9matiques du confinement refluent, m\u00eame si elles restent \u00e0 un niveau \u00e9lev\u00e9. Ainsi le mot-cl\u00e9 \u00ab agricole \u00bb, tr\u00e8s populaire imm\u00e9diatement apr\u00e8s l\u2019appel du minist\u00e8re de l\u2019agriculture visant \u00e0 inciter les Fran\u00e7ais \u00e0 remplacer les saisonniers absents pour cause de fermeture des fronti\u00e8res, est-il rapidement retomb\u00e9 apr\u00e8s le pic de fin mars. Il reste toutefois pr\u00e8s de deux fois plus fr\u00e9quemment tap\u00e9 qu\u2019avant la crise.&nbsp;<\/p>\n\n\n\n<p>Le t\u00e9l\u00e9travail continue lui de susciter l\u2019int\u00e9r\u00eat des candidats potentiels : il est pr\u00e8s de trois fois plus fr\u00e9quent qu\u2019au 1er f\u00e9vrier mais poursuit son reflux. Le mot-cl\u00e9 \u00ab urgent \u00bb se maintient lui \u00e0 un niveau \u00e9lev\u00e9 et ne conna\u00eet qu\u2019une lente \u00e9rosion, signe que beaucoup de personnes estiment se trouver dans une situation d\u00e9licate.&nbsp; Enfin, l\u2019int\u00e9rim poursuit sa mont\u00e9e en puissance chez les candidats, amorc\u00e9e d\u00e9but mai.&nbsp;<\/p>\n\n\n\n<figure class=\"wp-block-image\"><img decoding=\"async\" src=\"https:\/\/lh6.googleusercontent.com\/MjGi06VKDeq3tBhdY4EeaRwEPZtzyFFNKvAvXLQoLd8xsiRo5BpYAM-uJUxaW_mtKfEN1PvSeYsG5q60R8afJrD4I4v9qXZXv-ehW65f6nrT2SKa165ILcbBjeQ8n5S1cxAai1bs\" alt=\"Recherches pendant la pand\u00e9mie\" \/><figcaption>Le graphique en courbes illustre la part dans les recherches totales et la moyenne mobile sur 7 jours. L&rsquo;axe vertical indique la part, commen\u00e7ant \u00e0 100 au 1er f\u00e9vrier. L&rsquo;axe horizontal indique les mois, de f\u00e9vrier 2020 \u00e0 juin 2020. Quatre courbes individuelles repr\u00e9sentent les mots-cl\u00e9s : agricole, int\u00e9rim t\u00e9l\u00e9travail, urgent.<\/figcaption><\/figure>\n\n\n\n<p><strong>Un retour progressif \u00e0 la normale<\/strong><\/p>\n\n\n\n<figure class=\"wp-block-image\"><img decoding=\"async\" src=\"https:\/\/lh4.googleusercontent.com\/jtkeZHLmqFwDS-yWK9AlB5XXeIiY0NrFguO0pNnjnOKczdZma8HH09Qkvvu597sYryOxMrJeoQIxeFxUiKU5EvEeLBDvH2tn-nKwEF5KvSPn-C8LknXzarFm1dEeN6eMYLuglchX\" alt=\"Mots-cl\u00e9s connaissant le plus fort reflux sur Indeed\" \/><figcaption>Le tableau en trois colonnes illustre le top 10 pour la variation des parts dans le total des recherches entre le 30 mai et le 6 juin. La premi\u00e8re colonne contient le rang des mots-cl\u00e9s, de 1 \u00e0 10. La deuxi\u00e8me colonne liste les mots-cl\u00e9s. La troisi\u00e8me colonne pr\u00e9cise la variation par rapport aux deux semaines pr\u00e9c\u00e9dentes, en pourcentage. De haut en bas, en commen\u00e7ant par le mot-cl\u00e9 connaissant le plus fort reflux : assistant administratif -18,1 % ; auchan -18 % ; agricole -17,4 % ; employ\u00e9 libre service -16,5 % ; p\u00f4le emploi -16,5 % ; stage -16,4 % ; cariste -15,9 % ; chauffeur -15,9 % ; chauffeur livreur -15,5 % ; leclerc -14,8 %. La source des donn\u00e9es est Indeed.<\/figcaption><\/figure>\n\n\n\n<p>Logiquement, beaucoup de recherches qui enregistrent le plus fort reflux sur la p\u00e9riode du 30 mai au 6 juin sont celles qui avaient connu une tr\u00e8s forte augmentation dans le sillage de l\u2019annonce du confinement. On retrouve ainsi dans ce classement beaucoup de mots cl\u00e9s reli\u00e9s \u00e0 la grande distribution et au transport et \u00e0 la logistique, preuve que les candidats attendent la r\u00e9ouverture des autres secteurs. Enfin, certains \u00e9tudiants semblent renoncer \u00e0 trouver un stage, le mot cl\u00e9 accusant une baisse de 16 % pendant la semaine.<\/p>\n\n\n\n<p><strong>M\u00e9thodologie<\/strong><\/p>\n\n\n\n<p>Pour cette analyse, nous avons examin\u00e9 les principaux termes de recherche sur Indeed France en tant que part de toutes les recherches effectu\u00e9es entre le 25 avril et le 8 mai. Nous avons examin\u00e9 \u00e0 la fois l&rsquo;\u00e9volution des recherches par rapport aux deux semaines pr\u00e9c\u00e9dentes et l&rsquo;\u00e9volution par rapport \u00e0 la m\u00eame p\u00e9riode il y a un an, afin de tenir compte d&rsquo;une \u00e9ventuelle saisonnalit\u00e9 des mod\u00e8les de recherche. Nous avons pris en compte les fluctuations du comportement de recherche en calculant la moyenne mobile sur 7 jours de la part de recherche de chaque terme.&nbsp;<\/p>\n","protected":false},"excerpt":{"rendered":"<p>Les chercheurs d\u2019emploi reviennent plus franchement sur le march\u00e9 du travail, leur int\u00e9r\u00eat pour l\u2019int\u00e9rim est \u00e0 un plus haut depuis le d\u00e9but de l\u2019ann\u00e9e. <\/p>\n","protected":false},"author":37,"featured_media":11399,"comment_status":"closed","ping_status":"closed","sticky":false,"template":"recruiter-hub-blocks.php","format":"standard","meta":{"_acf_changed":false,"footnotes":""},"categories":[1],"tags":[],"post_mwm_category":[222],"post_topic":[],"post_content_type":[],"post_duration":[],"post_actions":[],"post_franchise":[],"post_mwm_author":[189],"class_list":["post-11396","post","type-post","status-publish","format-standard","has-post-thumbnail","hentry","category-uncategorized","post_mwm_category-coronavirus","post_mwm_author-ajudes"],"acf":[],"yoast_head":"<!-- This site is optimized with the Yoast SEO plugin v27.2 - https:\/\/yoast.com\/product\/yoast-seo-wordpress\/ -->\n<title>Les recherches sur Indeed.fr au 6 juin : l\u2019int\u00e9rim de plus en plus recherch\u00e9 - Indeed Hiring Lab France<\/title>\n<meta name=\"robots\" content=\"index, follow, max-snippet:-1, max-image-preview:large, max-video-preview:-1\" \/>\n<link rel=\"canonical\" href=\"https:\/\/www.hiringlab.org\/fr\/blog\/2020\/06\/10\/les-recherches-sur-indeed-fr-au-6-juin\/\" \/>\n<meta property=\"og:locale\" content=\"fr_FR\" \/>\n<meta property=\"og:type\" content=\"article\" \/>\n<meta property=\"og:title\" content=\"Les recherches sur Indeed.fr au 6 juin : l\u2019int\u00e9rim de plus en plus recherch\u00e9 - Indeed Hiring Lab France\" \/>\n<meta property=\"og:description\" content=\"Les chercheurs d\u2019emploi reviennent plus franchement sur le march\u00e9 du travail, leur int\u00e9r\u00eat pour l\u2019int\u00e9rim est \u00e0 un plus haut depuis le d\u00e9but de l\u2019ann\u00e9e.\" \/>\n<meta property=\"og:url\" content=\"https:\/\/www.hiringlab.org\/fr\/blog\/2020\/06\/10\/les-recherches-sur-indeed-fr-au-6-juin\/\" \/>\n<meta property=\"og:site_name\" content=\"Indeed Hiring Lab France\" \/>\n<meta property=\"article:published_time\" content=\"2020-06-10T14:48:02+00:00\" \/>\n<meta property=\"og:image\" content=\"https:\/\/www.hiringlab.org\/fr\/wp-content\/uploads\/sites\/4\/2020\/06\/GettyImages-670543392-WEBOPTIMIZED.jpg\" \/>\n\t<meta property=\"og:image:width\" content=\"1920\" \/>\n\t<meta property=\"og:image:height\" content=\"1080\" \/>\n\t<meta property=\"og:image:type\" content=\"image\/jpeg\" \/>\n<meta name=\"author\" content=\"Alexandre Judes\" \/>\n<meta name=\"twitter:card\" content=\"summary_large_image\" \/>\n<script type=\"application\/ld+json\" class=\"yoast-schema-graph\">{\"@context\":\"https:\/\/schema.org\",\"@graph\":[{\"@type\":\"Article\",\"@id\":\"https:\/\/www.hiringlab.org\/fr\/blog\/2020\/06\/10\/les-recherches-sur-indeed-fr-au-6-juin\/#article\",\"isPartOf\":{\"@id\":\"https:\/\/www.hiringlab.org\/fr\/blog\/2020\/06\/10\/les-recherches-sur-indeed-fr-au-6-juin\/\"},\"author\":{\"name\":\"Alexandre Judes\",\"@id\":\"https:\/\/www.hiringlab.org\/fr\/#\/schema\/person\/35a85469aa9821aef8af2a600eb69c82\"},\"headline\":\"Les recherches sur Indeed.fr au 6 juin : l\u2019int\u00e9rim de plus en plus recherch\u00e9\",\"datePublished\":\"2020-06-10T14:48:02+00:00\",\"mainEntityOfPage\":{\"@id\":\"https:\/\/www.hiringlab.org\/fr\/blog\/2020\/06\/10\/les-recherches-sur-indeed-fr-au-6-juin\/\"},\"wordCount\":912,\"image\":{\"@id\":\"https:\/\/www.hiringlab.org\/fr\/blog\/2020\/06\/10\/les-recherches-sur-indeed-fr-au-6-juin\/#primaryimage\"},\"thumbnailUrl\":\"https:\/\/d341ezm4iqaae0.cloudfront.net\/hiringlaborg\/sites\/4\/2020\/06\/02182346\/GettyImages-670543392-WEBOPTIMIZED.jpg\",\"articleSection\":[\"Uncategorized\"],\"inLanguage\":\"fr-FR\"},{\"@type\":\"WebPage\",\"@id\":\"https:\/\/www.hiringlab.org\/fr\/blog\/2020\/06\/10\/les-recherches-sur-indeed-fr-au-6-juin\/\",\"url\":\"https:\/\/www.hiringlab.org\/fr\/blog\/2020\/06\/10\/les-recherches-sur-indeed-fr-au-6-juin\/\",\"name\":\"Les recherches sur Indeed.fr au 6 juin : l\u2019int\u00e9rim de plus en plus recherch\u00e9 - Indeed Hiring Lab France\",\"isPartOf\":{\"@id\":\"https:\/\/www.hiringlab.org\/fr\/#website\"},\"primaryImageOfPage\":{\"@id\":\"https:\/\/www.hiringlab.org\/fr\/blog\/2020\/06\/10\/les-recherches-sur-indeed-fr-au-6-juin\/#primaryimage\"},\"image\":{\"@id\":\"https:\/\/www.hiringlab.org\/fr\/blog\/2020\/06\/10\/les-recherches-sur-indeed-fr-au-6-juin\/#primaryimage\"},\"thumbnailUrl\":\"https:\/\/d341ezm4iqaae0.cloudfront.net\/hiringlaborg\/sites\/4\/2020\/06\/02182346\/GettyImages-670543392-WEBOPTIMIZED.jpg\",\"datePublished\":\"2020-06-10T14:48:02+00:00\",\"author\":{\"@id\":\"https:\/\/www.hiringlab.org\/fr\/#\/schema\/person\/35a85469aa9821aef8af2a600eb69c82\"},\"breadcrumb\":{\"@id\":\"https:\/\/www.hiringlab.org\/fr\/blog\/2020\/06\/10\/les-recherches-sur-indeed-fr-au-6-juin\/#breadcrumb\"},\"inLanguage\":\"fr-FR\",\"potentialAction\":[{\"@type\":\"ReadAction\",\"target\":[\"https:\/\/www.hiringlab.org\/fr\/blog\/2020\/06\/10\/les-recherches-sur-indeed-fr-au-6-juin\/\"]}]},{\"@type\":\"ImageObject\",\"inLanguage\":\"fr-FR\",\"@id\":\"https:\/\/www.hiringlab.org\/fr\/blog\/2020\/06\/10\/les-recherches-sur-indeed-fr-au-6-juin\/#primaryimage\",\"url\":\"https:\/\/d341ezm4iqaae0.cloudfront.net\/hiringlaborg\/sites\/4\/2020\/06\/02182346\/GettyImages-670543392-WEBOPTIMIZED.jpg\",\"contentUrl\":\"https:\/\/d341ezm4iqaae0.cloudfront.net\/hiringlaborg\/sites\/4\/2020\/06\/02182346\/GettyImages-670543392-WEBOPTIMIZED.jpg\",\"width\":1920,\"height\":1080},{\"@type\":\"BreadcrumbList\",\"@id\":\"https:\/\/www.hiringlab.org\/fr\/blog\/2020\/06\/10\/les-recherches-sur-indeed-fr-au-6-juin\/#breadcrumb\",\"itemListElement\":[{\"@type\":\"ListItem\",\"position\":1,\"name\":\"Home\",\"item\":\"https:\/\/www.hiringlab.org\/fr\/\"},{\"@type\":\"ListItem\",\"position\":2,\"name\":\"Les recherches sur Indeed.fr au 6 juin : l\u2019int\u00e9rim de plus en plus recherch\u00e9\"}]},{\"@type\":\"WebSite\",\"@id\":\"https:\/\/www.hiringlab.org\/fr\/#website\",\"url\":\"https:\/\/www.hiringlab.org\/fr\/\",\"name\":\"Indeed Hiring Lab France\",\"description\":\"Just another Wordpress Admins Site Sites site\",\"potentialAction\":[{\"@type\":\"SearchAction\",\"target\":{\"@type\":\"EntryPoint\",\"urlTemplate\":\"https:\/\/www.hiringlab.org\/fr\/?s={search_term_string}\"},\"query-input\":{\"@type\":\"PropertyValueSpecification\",\"valueRequired\":true,\"valueName\":\"search_term_string\"}}],\"inLanguage\":\"fr-FR\"},{\"@type\":\"Person\",\"@id\":\"https:\/\/www.hiringlab.org\/fr\/#\/schema\/person\/35a85469aa9821aef8af2a600eb69c82\",\"name\":\"Alexandre Judes\",\"image\":{\"@type\":\"ImageObject\",\"inLanguage\":\"fr-FR\",\"@id\":\"https:\/\/secure.gravatar.com\/avatar\/d4ea58a3c345a594b916e5eab9862bcc2ae6f5489e8b11392ff7df04ef9174c2?s=96&d=mm&r=g\",\"url\":\"https:\/\/secure.gravatar.com\/avatar\/d4ea58a3c345a594b916e5eab9862bcc2ae6f5489e8b11392ff7df04ef9174c2?s=96&d=mm&r=g\",\"contentUrl\":\"https:\/\/secure.gravatar.com\/avatar\/d4ea58a3c345a594b916e5eab9862bcc2ae6f5489e8b11392ff7df04ef9174c2?s=96&d=mm&r=g\",\"caption\":\"Alexandre Judes\"},\"url\":\"https:\/\/www.hiringlab.org\/fr\/blog\/author\/ajudes\/\"}]}<\/script>\n<!-- \/ Yoast SEO plugin. -->","yoast_head_json":{"title":"Les recherches sur Indeed.fr au 6 juin : l\u2019int\u00e9rim de plus en plus recherch\u00e9 - Indeed Hiring Lab France","robots":{"index":"index","follow":"follow","max-snippet":"max-snippet:-1","max-image-preview":"max-image-preview:large","max-video-preview":"max-video-preview:-1"},"canonical":"https:\/\/www.hiringlab.org\/fr\/blog\/2020\/06\/10\/les-recherches-sur-indeed-fr-au-6-juin\/","og_locale":"fr_FR","og_type":"article","og_title":"Les recherches sur Indeed.fr au 6 juin : l\u2019int\u00e9rim de plus en plus recherch\u00e9 - Indeed Hiring Lab France","og_description":"Les chercheurs d\u2019emploi reviennent plus franchement sur le march\u00e9 du travail, leur int\u00e9r\u00eat pour l\u2019int\u00e9rim est \u00e0 un plus haut depuis le d\u00e9but de l\u2019ann\u00e9e.","og_url":"https:\/\/www.hiringlab.org\/fr\/blog\/2020\/06\/10\/les-recherches-sur-indeed-fr-au-6-juin\/","og_site_name":"Indeed Hiring Lab France","article_published_time":"2020-06-10T14:48:02+00:00","og_image":[{"width":1920,"height":1080,"url":"https:\/\/www.hiringlab.org\/fr\/wp-content\/uploads\/sites\/4\/2020\/06\/GettyImages-670543392-WEBOPTIMIZED.jpg","type":"image\/jpeg"}],"author":"Alexandre Judes","twitter_card":"summary_large_image","schema":{"@context":"https:\/\/schema.org","@graph":[{"@type":"Article","@id":"https:\/\/www.hiringlab.org\/fr\/blog\/2020\/06\/10\/les-recherches-sur-indeed-fr-au-6-juin\/#article","isPartOf":{"@id":"https:\/\/www.hiringlab.org\/fr\/blog\/2020\/06\/10\/les-recherches-sur-indeed-fr-au-6-juin\/"},"author":{"name":"Alexandre Judes","@id":"https:\/\/www.hiringlab.org\/fr\/#\/schema\/person\/35a85469aa9821aef8af2a600eb69c82"},"headline":"Les recherches sur Indeed.fr au 6 juin : l\u2019int\u00e9rim de plus en plus recherch\u00e9","datePublished":"2020-06-10T14:48:02+00:00","mainEntityOfPage":{"@id":"https:\/\/www.hiringlab.org\/fr\/blog\/2020\/06\/10\/les-recherches-sur-indeed-fr-au-6-juin\/"},"wordCount":912,"image":{"@id":"https:\/\/www.hiringlab.org\/fr\/blog\/2020\/06\/10\/les-recherches-sur-indeed-fr-au-6-juin\/#primaryimage"},"thumbnailUrl":"https:\/\/d341ezm4iqaae0.cloudfront.net\/hiringlaborg\/sites\/4\/2020\/06\/02182346\/GettyImages-670543392-WEBOPTIMIZED.jpg","articleSection":["Uncategorized"],"inLanguage":"fr-FR"},{"@type":"WebPage","@id":"https:\/\/www.hiringlab.org\/fr\/blog\/2020\/06\/10\/les-recherches-sur-indeed-fr-au-6-juin\/","url":"https:\/\/www.hiringlab.org\/fr\/blog\/2020\/06\/10\/les-recherches-sur-indeed-fr-au-6-juin\/","name":"Les recherches sur Indeed.fr au 6 juin : l\u2019int\u00e9rim de plus en plus recherch\u00e9 - Indeed Hiring Lab France","isPartOf":{"@id":"https:\/\/www.hiringlab.org\/fr\/#website"},"primaryImageOfPage":{"@id":"https:\/\/www.hiringlab.org\/fr\/blog\/2020\/06\/10\/les-recherches-sur-indeed-fr-au-6-juin\/#primaryimage"},"image":{"@id":"https:\/\/www.hiringlab.org\/fr\/blog\/2020\/06\/10\/les-recherches-sur-indeed-fr-au-6-juin\/#primaryimage"},"thumbnailUrl":"https:\/\/d341ezm4iqaae0.cloudfront.net\/hiringlaborg\/sites\/4\/2020\/06\/02182346\/GettyImages-670543392-WEBOPTIMIZED.jpg","datePublished":"2020-06-10T14:48:02+00:00","author":{"@id":"https:\/\/www.hiringlab.org\/fr\/#\/schema\/person\/35a85469aa9821aef8af2a600eb69c82"},"breadcrumb":{"@id":"https:\/\/www.hiringlab.org\/fr\/blog\/2020\/06\/10\/les-recherches-sur-indeed-fr-au-6-juin\/#breadcrumb"},"inLanguage":"fr-FR","potentialAction":[{"@type":"ReadAction","target":["https:\/\/www.hiringlab.org\/fr\/blog\/2020\/06\/10\/les-recherches-sur-indeed-fr-au-6-juin\/"]}]},{"@type":"ImageObject","inLanguage":"fr-FR","@id":"https:\/\/www.hiringlab.org\/fr\/blog\/2020\/06\/10\/les-recherches-sur-indeed-fr-au-6-juin\/#primaryimage","url":"https:\/\/d341ezm4iqaae0.cloudfront.net\/hiringlaborg\/sites\/4\/2020\/06\/02182346\/GettyImages-670543392-WEBOPTIMIZED.jpg","contentUrl":"https:\/\/d341ezm4iqaae0.cloudfront.net\/hiringlaborg\/sites\/4\/2020\/06\/02182346\/GettyImages-670543392-WEBOPTIMIZED.jpg","width":1920,"height":1080},{"@type":"BreadcrumbList","@id":"https:\/\/www.hiringlab.org\/fr\/blog\/2020\/06\/10\/les-recherches-sur-indeed-fr-au-6-juin\/#breadcrumb","itemListElement":[{"@type":"ListItem","position":1,"name":"Home","item":"https:\/\/www.hiringlab.org\/fr\/"},{"@type":"ListItem","position":2,"name":"Les recherches sur Indeed.fr au 6 juin : l\u2019int\u00e9rim de plus en plus recherch\u00e9"}]},{"@type":"WebSite","@id":"https:\/\/www.hiringlab.org\/fr\/#website","url":"https:\/\/www.hiringlab.org\/fr\/","name":"Indeed Hiring Lab France","description":"Just another Wordpress Admins Site Sites site","potentialAction":[{"@type":"SearchAction","target":{"@type":"EntryPoint","urlTemplate":"https:\/\/www.hiringlab.org\/fr\/?s={search_term_string}"},"query-input":{"@type":"PropertyValueSpecification","valueRequired":true,"valueName":"search_term_string"}}],"inLanguage":"fr-FR"},{"@type":"Person","@id":"https:\/\/www.hiringlab.org\/fr\/#\/schema\/person\/35a85469aa9821aef8af2a600eb69c82","name":"Alexandre Judes","image":{"@type":"ImageObject","inLanguage":"fr-FR","@id":"https:\/\/secure.gravatar.com\/avatar\/d4ea58a3c345a594b916e5eab9862bcc2ae6f5489e8b11392ff7df04ef9174c2?s=96&d=mm&r=g","url":"https:\/\/secure.gravatar.com\/avatar\/d4ea58a3c345a594b916e5eab9862bcc2ae6f5489e8b11392ff7df04ef9174c2?s=96&d=mm&r=g","contentUrl":"https:\/\/secure.gravatar.com\/avatar\/d4ea58a3c345a594b916e5eab9862bcc2ae6f5489e8b11392ff7df04ef9174c2?s=96&d=mm&r=g","caption":"Alexandre Judes"},"url":"https:\/\/www.hiringlab.org\/fr\/blog\/author\/ajudes\/"}]}},"_links":{"self":[{"href":"https:\/\/www.hiringlab.org\/fr\/wp-json\/wp\/v2\/posts\/11396","targetHints":{"allow":["GET"]}}],"collection":[{"href":"https:\/\/www.hiringlab.org\/fr\/wp-json\/wp\/v2\/posts"}],"about":[{"href":"https:\/\/www.hiringlab.org\/fr\/wp-json\/wp\/v2\/types\/post"}],"author":[{"embeddable":true,"href":"https:\/\/www.hiringlab.org\/fr\/wp-json\/wp\/v2\/users\/37"}],"replies":[{"embeddable":true,"href":"https:\/\/www.hiringlab.org\/fr\/wp-json\/wp\/v2\/comments?post=11396"}],"version-history":[{"count":0,"href":"https:\/\/www.hiringlab.org\/fr\/wp-json\/wp\/v2\/posts\/11396\/revisions"}],"wp:featuredmedia":[{"embeddable":true,"href":"https:\/\/www.hiringlab.org\/fr\/wp-json\/wp\/v2\/media\/11399"}],"wp:attachment":[{"href":"https:\/\/www.hiringlab.org\/fr\/wp-json\/wp\/v2\/media?parent=11396"}],"wp:term":[{"taxonomy":"category","embeddable":true,"href":"https:\/\/www.hiringlab.org\/fr\/wp-json\/wp\/v2\/categories?post=11396"},{"taxonomy":"post_tag","embeddable":true,"href":"https:\/\/www.hiringlab.org\/fr\/wp-json\/wp\/v2\/tags?post=11396"},{"taxonomy":"post_mwm_category","embeddable":true,"href":"https:\/\/www.hiringlab.org\/fr\/wp-json\/wp\/v2\/post_mwm_category?post=11396"},{"taxonomy":"post_topic","embeddable":true,"href":"https:\/\/www.hiringlab.org\/fr\/wp-json\/wp\/v2\/post_topic?post=11396"},{"taxonomy":"post_content_type","embeddable":true,"href":"https:\/\/www.hiringlab.org\/fr\/wp-json\/wp\/v2\/post_content_type?post=11396"},{"taxonomy":"post_duration","embeddable":true,"href":"https:\/\/www.hiringlab.org\/fr\/wp-json\/wp\/v2\/post_duration?post=11396"},{"taxonomy":"post_actions","embeddable":true,"href":"https:\/\/www.hiringlab.org\/fr\/wp-json\/wp\/v2\/post_actions?post=11396"},{"taxonomy":"post_franchise","embeddable":true,"href":"https:\/\/www.hiringlab.org\/fr\/wp-json\/wp\/v2\/post_franchise?post=11396"},{"taxonomy":"post_mwm_author","embeddable":true,"href":"https:\/\/www.hiringlab.org\/fr\/wp-json\/wp\/v2\/post_mwm_author?post=11396"}],"curies":[{"name":"wp","href":"https:\/\/api.w.org\/{rel}","templated":true}]}}