{"id":12327,"date":"2021-10-14T17:21:32","date_gmt":"2021-10-14T15:21:32","guid":{"rendered":"https:\/\/www.hiringlab.org\/de\/?p=12103"},"modified":"2021-10-14T17:21:32","modified_gmt":"2021-10-14T15:21:32","slug":"corona-arbeitsmarkt-update","status":"publish","type":"post","link":"https:\/\/www.hiringlab.org\/de\/blog\/2021\/10\/14\/corona-arbeitsmarkt-update\/","title":{"rendered":"Der Fachkr\u00e4ftemangel ist st\u00e4rker zur\u00fcck als vor Beginn der Corona-Pandemie"},"content":{"rendered":"\n<p><\/p>\n\n\n\n<p>Wir aktualisieren regelm\u00e4\u00dfig unsere Analysen zum Indeed-Job-Index, um die Entwicklungen der Covid-19-Pandemie auf den Arbeitsmarkt zu beobachten.&nbsp;&nbsp;<\/p>\n\n\n\n<figure class=\"wp-block-image is-resized\"><img loading=\"lazy\" decoding=\"async\" src=\"https:\/\/lh4.googleusercontent.com\/t5FfisN65iNReyJ0IBynmDHpy2BmoxE26-RUbpf1mND0gmwyasyXi8yVB4pgR9PMUQt83u2Q0ybikbBxxd6j9z4cMLmr5nlxDSIf7FvoBWn6pquVIGP7bu1zOgQYaD2zbmqM65Mc=s0\" alt=\"Alt description: Interaktives Liniendiagramm mit dem Titel &quot;Stellenausschreibungen auf Indeed&quot; mit einem Vergleich der L\u00e4nder Australien, Deutschland, Frankreich, Kanada, UK und USA.\" width=\"840\" height=\"477\" \/><figcaption><em>Interaktives Liniendiagramm mit dem Titel &#8222;Stellenausschreibungen auf Indeed&#8220;. Die Entwicklung in den L\u00e4ndern Australien, Deutschland, Frankreich, Kanada, UK und USA k\u00f6nnen verglichen werden. Auf einer vertikalen Achse, die von -50 % bis 50 % reicht, zeigt Indeed die prozentuale Ver\u00e4nderung der Stellenausschreibungen zwischen dem 01. Februar 2020 und dem 08. Oktober 2021. Am 08. Oktober 2021 lagen die Stellenausschreibungen um 34,5 % \u00fcber dem Stand vom 01. Februar 2020, dem Ausgangswert vor der Pandemie.<\/em><\/figcaption><\/figure>\n\n\n\n<p><em>&nbsp;<\/em><\/p>\n\n\n\n<p><\/p>\n\n\n\n<p>Die Stellenausschreibungen auf Indeed sind ein Echtzeitma\u00df f\u00fcr die Aktivit\u00e4t auf dem Arbeitsmarkt. Am 08. Oktober 2021 lagen sie um 34,5 % \u00fcber dem Stand vom 01. Februar 2020, dem Ausgangswert von vor der Pandemie. Saisonale Schwankungen haben wir bereinigt. Innerhalb der letzten vier Wochen haben die Stellenausschreibungen um 5,5 % zugenommen.<\/p>\n\n\n\n<p>Ein Blick auf die internationale Entwicklung der Arbeitsm\u00e4rkte verdeutlicht, dass <a href=\"https:\/\/www.hiringlab.org\/uk\/blog\/2020\/04\/17\/global-labour-market-covid19\/\">der deutsche Arbeitsmarkt im ersten Lockdown weniger stark getroffen<\/a> wurde als viele andere L\u00e4nder. Wir schauen uns hier im Vergleich die L\u00e4nder Australien, Deutschland, Frankreich, Kanada, UK und USA.<em> <\/em>Der maximale R\u00fcckgang der Stellenausschreibungen in Deutschland lag bei -20,7 % am 20. Mai 2020. Von den ausgew\u00e4hlten L\u00e4ndern war UK besonders stark getroffen mit einem R\u00fcckgang der Stellenausschreibungen von -60,2 % am 04. Juni 2020.<\/p>\n\n\n\n<p>L\u00e4nder, in denen Stellenausschreibungen st\u00e4rker gesunken sind, verzeichnen h\u00e4ufig ein st\u00e4rkeres Wachstum. Die gute Nachricht ist, dass alle verglichenen L\u00e4ndern bereits seit einigen Monaten das Vorkrisenniveau \u00fcberstiegen haben und sich die Arbeitsm\u00e4rkte weiter erholen.&nbsp;<\/p>\n\n\n\n<h3 class=\"wp-block-heading\">Boomende Nachfrage nach Arbeitskr\u00e4ften in vielen Berufen<\/h3>\n\n\n\n<p>In nahezu allen Berufen hat das Niveau an Stellenausschreibungen das Level von vor Beginn der Corona-Pandemie \u00fcberstiegen. Eine Auswahl von Berufen verdeutlicht, dass die Spannbreite der Erholung dann allerdings doch sehr unterschiedlich ausf\u00e4llt. W\u00e4hrend zum Beispiel Stellenausschreibungen in Reinigungs- und Hygieneberufen im Vergleich zum Vorkrisenniveau bereits um 92,1 % zugelegt haben, sind Stellenausschreibungen f\u00fcr Berufe in Erziehung und Bildung nur etwas mehr als ein Viertel angestiegen (+28,6 %).<\/p>\n\n\n\n<figure class=\"wp-block-image size-large\"><img decoding=\"async\" src=\"https:\/\/www.hiringlab.org\/de\/wp-content\/uploads\/sites\/5\/2021\/10\/Table_normcats_08Oct2021-1024x604.png\" alt=\"\" class=\"wp-image-12128\" \/><figcaption><em>Tabelle mit dem Titel &#8222;Viele Berufe boomen, f\u00fcr andere l\u00e4uft es langsamer&#8220;. Indeed vergleicht die prozentuale Ver\u00e4nderung der Stellenausschreibungen auf Indeed Deutschland zwischen dem 1. Februar 2020 und dem 8. Oktober 2021 f\u00fcr verschiedene Berufe, unterteilt in die Abschnitte &#8222;\u00dcberdurchschnittlich&#8220;, &#8222;Durchschnittlich&#8220; und &#8222;Unterdurchschnittlich&#8220;. Stellenausschreibungen in Reinigung und Hygiene sowie im Human Resource werden \u00fcberdurchschnittlich h\u00e4ufig ausgeschrieben.<\/em><\/figcaption><\/figure>\n\n\n\n<h3 class=\"wp-block-heading\">Fazit<\/h3>\n\n\n\n<p>Wenn wir an den Arbeitsmarkt von vor der Corona-Krise denken, war dieser durch einen Fachkr\u00e4ftemangel in vielen Berufen gepr\u00e4gt. Aktuell \u00fcbersteigt die Nachfrage in vielen Berufen diese bereits durch Fachkr\u00e4ftemangel gezeichnete Situation vor Beginn der Corona-Pandemie. Die Arbeitslosenquote ist wieder gesunken und die Notwendigkeit bisher ungenutztes Arbeitskr\u00e4ftepotenzial f\u00fcr den Arbeitsmarkt zu aktivieren wird wieder relevanter. Das bedeutet f\u00fcr Jobsuchende, dass sie aktuell eine sehr gro\u00dfe Bandbreite an Jobangeboten durchsuchen k\u00f6nnen, w\u00e4hrend Arbeitgeber stark um die Jobsuchenden konkurrieren. Der Fachkr\u00e4ftemangel ist st\u00e4rker zur\u00fcck als vor Beginn der Corona-Pandemie.<\/p>\n\n\n\n<h3 class=\"wp-block-heading\">Methodische Hinweise<\/h3>\n\n\n\n<p>Alle Zahlen in diesem Blogbeitrag sind die prozentuale Ver\u00e4nderung der saisonbereinigten Stellenausschreibungen seit dem 01. Februar 2020 unter Verwendung eines gleitenden Durchschnitts \u00fcber 7 Tage. Der 01. Februar 2020 stellt unseren Basiswert von vor der Pandemie dar. Wir bereinigen jede Zeitreihe saisonal, basierend auf historischen Mustern in den Jahren 2017, 2018 und 2019. Jede Zeitreihe, einschlie\u00dflich des nationalen Trends, der Berufssektoren und der subnationalen Geografien, wird separat saisonal bereinigt. Wir haben diese neue Methodik im Januar 2021 eingef\u00fchrt. Die Daten f\u00fcr den 24. bis 30. Juni 2021 fehlen und wurden interpoliert.<\/p>\n\n\n\n<p>Dieser Blogbeitrag basiert auf Informationen, die auf \u00f6ffentlich zug\u00e4nglichen Daten der Indeed Deutschland Website (und ggf. anderen genannten L\u00e4ndern). Diese Informationen sind keine Vorhersage zuk\u00fcnftiger Ereignisse und umfassen sowohl bezahlte als auch unbezahlte Stellenausschreibungen.&nbsp;<\/p>\n","protected":false},"excerpt":{"rendered":"<p>Im Vergleich zu vor der Corona-Krise haben Stellenausschreibungen in Deutschland auf Indeed.com um 34,5 Prozent (Stand: 08. Oktober 2021) zugenommen.<\/p>\n","protected":false},"author":39,"featured_media":12178,"comment_status":"closed","ping_status":"closed","sticky":false,"template":"recruiter-hub-blocks.php","format":"standard","meta":{"_acf_changed":false,"footnotes":""},"categories":[1],"tags":[],"post_mwm_category":[243],"post_topic":[],"post_content_type":[],"post_duration":[],"post_actions":[],"post_franchise":[],"post_mwm_author":[222],"class_list":["post-12327","post","type-post","status-publish","format-standard","has-post-thumbnail","hentry","category-uncategorized","post_mwm_category-coronavirus","post_mwm_author-hering"],"acf":[],"yoast_head":"<!-- This site is optimized with the Yoast SEO plugin v27.2 - https:\/\/yoast.com\/product\/yoast-seo-wordpress\/ -->\n<title>Der Fachkr\u00e4ftemangel ist st\u00e4rker zur\u00fcck als vor Beginn der Corona-Pandemie - Indeed Hiring Lab Germany<\/title>\n<meta name=\"robots\" content=\"index, follow, max-snippet:-1, max-image-preview:large, max-video-preview:-1\" \/>\n<link rel=\"canonical\" href=\"https:\/\/www.hiringlab.org\/de\/blog\/2021\/10\/14\/corona-arbeitsmarkt-update\/\" \/>\n<meta property=\"og:locale\" content=\"de_DE\" \/>\n<meta property=\"og:type\" content=\"article\" \/>\n<meta property=\"og:title\" content=\"Der Fachkr\u00e4ftemangel ist st\u00e4rker zur\u00fcck als vor Beginn der Corona-Pandemie - Indeed Hiring Lab Germany\" \/>\n<meta property=\"og:description\" content=\"Im Vergleich zu vor der Corona-Krise haben Stellenausschreibungen in Deutschland auf Indeed.com um 34,5 Prozent (Stand: 08. Oktober 2021) zugenommen.\" \/>\n<meta property=\"og:url\" content=\"https:\/\/www.hiringlab.org\/de\/blog\/2021\/10\/14\/corona-arbeitsmarkt-update\/\" \/>\n<meta property=\"og:site_name\" content=\"Indeed Hiring Lab Germany\" \/>\n<meta property=\"article:published_time\" content=\"2021-10-14T15:21:32+00:00\" \/>\n<meta property=\"og:image\" content=\"https:\/\/www.hiringlab.org\/de\/wp-content\/uploads\/sites\/5\/2021\/10\/shutterstock_550302469-optimized.jpg\" \/>\n\t<meta property=\"og:image:width\" content=\"2000\" \/>\n\t<meta property=\"og:image:height\" content=\"1333\" \/>\n\t<meta property=\"og:image:type\" content=\"image\/jpeg\" \/>\n<meta name=\"author\" content=\"Annina Hering\" \/>\n<meta name=\"twitter:card\" content=\"summary_large_image\" \/>\n<script type=\"application\/ld+json\" class=\"yoast-schema-graph\">{\"@context\":\"https:\/\/schema.org\",\"@graph\":[{\"@type\":\"Article\",\"@id\":\"https:\/\/www.hiringlab.org\/de\/blog\/2021\/10\/14\/corona-arbeitsmarkt-update\/#article\",\"isPartOf\":{\"@id\":\"https:\/\/www.hiringlab.org\/de\/blog\/2021\/10\/14\/corona-arbeitsmarkt-update\/\"},\"author\":{\"name\":\"Annina Hering\",\"@id\":\"https:\/\/www.hiringlab.org\/de\/#\/schema\/person\/556273c85fa41e425a043b07a34e5e88\"},\"headline\":\"Der Fachkr\u00e4ftemangel ist st\u00e4rker zur\u00fcck als vor Beginn der Corona-Pandemie\",\"datePublished\":\"2021-10-14T15:21:32+00:00\",\"mainEntityOfPage\":{\"@id\":\"https:\/\/www.hiringlab.org\/de\/blog\/2021\/10\/14\/corona-arbeitsmarkt-update\/\"},\"wordCount\":617,\"image\":{\"@id\":\"https:\/\/www.hiringlab.org\/de\/blog\/2021\/10\/14\/corona-arbeitsmarkt-update\/#primaryimage\"},\"thumbnailUrl\":\"https:\/\/d341ezm4iqaae0.cloudfront.net\/hiringlaborg\/sites\/5\/2021\/10\/02183103\/shutterstock_550302469-optimized.jpg\",\"articleSection\":[\"Uncategorized\"],\"inLanguage\":\"de-DE\"},{\"@type\":\"WebPage\",\"@id\":\"https:\/\/www.hiringlab.org\/de\/blog\/2021\/10\/14\/corona-arbeitsmarkt-update\/\",\"url\":\"https:\/\/www.hiringlab.org\/de\/blog\/2021\/10\/14\/corona-arbeitsmarkt-update\/\",\"name\":\"Der Fachkr\u00e4ftemangel ist st\u00e4rker zur\u00fcck als vor Beginn der Corona-Pandemie - Indeed Hiring Lab Germany\",\"isPartOf\":{\"@id\":\"https:\/\/www.hiringlab.org\/de\/#website\"},\"primaryImageOfPage\":{\"@id\":\"https:\/\/www.hiringlab.org\/de\/blog\/2021\/10\/14\/corona-arbeitsmarkt-update\/#primaryimage\"},\"image\":{\"@id\":\"https:\/\/www.hiringlab.org\/de\/blog\/2021\/10\/14\/corona-arbeitsmarkt-update\/#primaryimage\"},\"thumbnailUrl\":\"https:\/\/d341ezm4iqaae0.cloudfront.net\/hiringlaborg\/sites\/5\/2021\/10\/02183103\/shutterstock_550302469-optimized.jpg\",\"datePublished\":\"2021-10-14T15:21:32+00:00\",\"author\":{\"@id\":\"https:\/\/www.hiringlab.org\/de\/#\/schema\/person\/556273c85fa41e425a043b07a34e5e88\"},\"breadcrumb\":{\"@id\":\"https:\/\/www.hiringlab.org\/de\/blog\/2021\/10\/14\/corona-arbeitsmarkt-update\/#breadcrumb\"},\"inLanguage\":\"de-DE\",\"potentialAction\":[{\"@type\":\"ReadAction\",\"target\":[\"https:\/\/www.hiringlab.org\/de\/blog\/2021\/10\/14\/corona-arbeitsmarkt-update\/\"]}]},{\"@type\":\"ImageObject\",\"inLanguage\":\"de-DE\",\"@id\":\"https:\/\/www.hiringlab.org\/de\/blog\/2021\/10\/14\/corona-arbeitsmarkt-update\/#primaryimage\",\"url\":\"https:\/\/d341ezm4iqaae0.cloudfront.net\/hiringlaborg\/sites\/5\/2021\/10\/02183103\/shutterstock_550302469-optimized.jpg\",\"contentUrl\":\"https:\/\/d341ezm4iqaae0.cloudfront.net\/hiringlaborg\/sites\/5\/2021\/10\/02183103\/shutterstock_550302469-optimized.jpg\",\"width\":2000,\"height\":1333},{\"@type\":\"BreadcrumbList\",\"@id\":\"https:\/\/www.hiringlab.org\/de\/blog\/2021\/10\/14\/corona-arbeitsmarkt-update\/#breadcrumb\",\"itemListElement\":[{\"@type\":\"ListItem\",\"position\":1,\"name\":\"Home\",\"item\":\"https:\/\/www.hiringlab.org\/de\/\"},{\"@type\":\"ListItem\",\"position\":2,\"name\":\"Der Fachkr\u00e4ftemangel ist st\u00e4rker zur\u00fcck als vor Beginn der Corona-Pandemie\"}]},{\"@type\":\"WebSite\",\"@id\":\"https:\/\/www.hiringlab.org\/de\/#website\",\"url\":\"https:\/\/www.hiringlab.org\/de\/\",\"name\":\"Indeed Hiring Lab Germany\",\"description\":\"Just another Wordpress Admins Site Sites site\",\"potentialAction\":[{\"@type\":\"SearchAction\",\"target\":{\"@type\":\"EntryPoint\",\"urlTemplate\":\"https:\/\/www.hiringlab.org\/de\/?s={search_term_string}\"},\"query-input\":{\"@type\":\"PropertyValueSpecification\",\"valueRequired\":true,\"valueName\":\"search_term_string\"}}],\"inLanguage\":\"de-DE\"},{\"@type\":\"Person\",\"@id\":\"https:\/\/www.hiringlab.org\/de\/#\/schema\/person\/556273c85fa41e425a043b07a34e5e88\",\"name\":\"Annina Hering\",\"image\":{\"@type\":\"ImageObject\",\"inLanguage\":\"de-DE\",\"@id\":\"https:\/\/secure.gravatar.com\/avatar\/efed971649f074bd040f3aea1c0ca24eb635219da9f7e0f2f3fa33da7963db52?s=96&d=mm&r=g\",\"url\":\"https:\/\/secure.gravatar.com\/avatar\/efed971649f074bd040f3aea1c0ca24eb635219da9f7e0f2f3fa33da7963db52?s=96&d=mm&r=g\",\"contentUrl\":\"https:\/\/secure.gravatar.com\/avatar\/efed971649f074bd040f3aea1c0ca24eb635219da9f7e0f2f3fa33da7963db52?s=96&d=mm&r=g\",\"caption\":\"Annina Hering\"},\"url\":\"https:\/\/www.hiringlab.org\/de\/blog\/author\/hering\/\"}]}<\/script>\n<!-- \/ Yoast SEO plugin. -->","yoast_head_json":{"title":"Der Fachkr\u00e4ftemangel ist st\u00e4rker zur\u00fcck als vor Beginn der Corona-Pandemie - Indeed Hiring Lab Germany","robots":{"index":"index","follow":"follow","max-snippet":"max-snippet:-1","max-image-preview":"max-image-preview:large","max-video-preview":"max-video-preview:-1"},"canonical":"https:\/\/www.hiringlab.org\/de\/blog\/2021\/10\/14\/corona-arbeitsmarkt-update\/","og_locale":"de_DE","og_type":"article","og_title":"Der Fachkr\u00e4ftemangel ist st\u00e4rker zur\u00fcck als vor Beginn der Corona-Pandemie - Indeed Hiring Lab Germany","og_description":"Im Vergleich zu vor der Corona-Krise haben Stellenausschreibungen in Deutschland auf Indeed.com um 34,5 Prozent (Stand: 08. Oktober 2021) zugenommen.","og_url":"https:\/\/www.hiringlab.org\/de\/blog\/2021\/10\/14\/corona-arbeitsmarkt-update\/","og_site_name":"Indeed Hiring Lab Germany","article_published_time":"2021-10-14T15:21:32+00:00","og_image":[{"width":2000,"height":1333,"url":"https:\/\/www.hiringlab.org\/de\/wp-content\/uploads\/sites\/5\/2021\/10\/shutterstock_550302469-optimized.jpg","type":"image\/jpeg"}],"author":"Annina Hering","twitter_card":"summary_large_image","schema":{"@context":"https:\/\/schema.org","@graph":[{"@type":"Article","@id":"https:\/\/www.hiringlab.org\/de\/blog\/2021\/10\/14\/corona-arbeitsmarkt-update\/#article","isPartOf":{"@id":"https:\/\/www.hiringlab.org\/de\/blog\/2021\/10\/14\/corona-arbeitsmarkt-update\/"},"author":{"name":"Annina Hering","@id":"https:\/\/www.hiringlab.org\/de\/#\/schema\/person\/556273c85fa41e425a043b07a34e5e88"},"headline":"Der Fachkr\u00e4ftemangel ist st\u00e4rker zur\u00fcck als vor Beginn der Corona-Pandemie","datePublished":"2021-10-14T15:21:32+00:00","mainEntityOfPage":{"@id":"https:\/\/www.hiringlab.org\/de\/blog\/2021\/10\/14\/corona-arbeitsmarkt-update\/"},"wordCount":617,"image":{"@id":"https:\/\/www.hiringlab.org\/de\/blog\/2021\/10\/14\/corona-arbeitsmarkt-update\/#primaryimage"},"thumbnailUrl":"https:\/\/d341ezm4iqaae0.cloudfront.net\/hiringlaborg\/sites\/5\/2021\/10\/02183103\/shutterstock_550302469-optimized.jpg","articleSection":["Uncategorized"],"inLanguage":"de-DE"},{"@type":"WebPage","@id":"https:\/\/www.hiringlab.org\/de\/blog\/2021\/10\/14\/corona-arbeitsmarkt-update\/","url":"https:\/\/www.hiringlab.org\/de\/blog\/2021\/10\/14\/corona-arbeitsmarkt-update\/","name":"Der Fachkr\u00e4ftemangel ist st\u00e4rker zur\u00fcck als vor Beginn der Corona-Pandemie - Indeed Hiring Lab Germany","isPartOf":{"@id":"https:\/\/www.hiringlab.org\/de\/#website"},"primaryImageOfPage":{"@id":"https:\/\/www.hiringlab.org\/de\/blog\/2021\/10\/14\/corona-arbeitsmarkt-update\/#primaryimage"},"image":{"@id":"https:\/\/www.hiringlab.org\/de\/blog\/2021\/10\/14\/corona-arbeitsmarkt-update\/#primaryimage"},"thumbnailUrl":"https:\/\/d341ezm4iqaae0.cloudfront.net\/hiringlaborg\/sites\/5\/2021\/10\/02183103\/shutterstock_550302469-optimized.jpg","datePublished":"2021-10-14T15:21:32+00:00","author":{"@id":"https:\/\/www.hiringlab.org\/de\/#\/schema\/person\/556273c85fa41e425a043b07a34e5e88"},"breadcrumb":{"@id":"https:\/\/www.hiringlab.org\/de\/blog\/2021\/10\/14\/corona-arbeitsmarkt-update\/#breadcrumb"},"inLanguage":"de-DE","potentialAction":[{"@type":"ReadAction","target":["https:\/\/www.hiringlab.org\/de\/blog\/2021\/10\/14\/corona-arbeitsmarkt-update\/"]}]},{"@type":"ImageObject","inLanguage":"de-DE","@id":"https:\/\/www.hiringlab.org\/de\/blog\/2021\/10\/14\/corona-arbeitsmarkt-update\/#primaryimage","url":"https:\/\/d341ezm4iqaae0.cloudfront.net\/hiringlaborg\/sites\/5\/2021\/10\/02183103\/shutterstock_550302469-optimized.jpg","contentUrl":"https:\/\/d341ezm4iqaae0.cloudfront.net\/hiringlaborg\/sites\/5\/2021\/10\/02183103\/shutterstock_550302469-optimized.jpg","width":2000,"height":1333},{"@type":"BreadcrumbList","@id":"https:\/\/www.hiringlab.org\/de\/blog\/2021\/10\/14\/corona-arbeitsmarkt-update\/#breadcrumb","itemListElement":[{"@type":"ListItem","position":1,"name":"Home","item":"https:\/\/www.hiringlab.org\/de\/"},{"@type":"ListItem","position":2,"name":"Der Fachkr\u00e4ftemangel ist st\u00e4rker zur\u00fcck als vor Beginn der Corona-Pandemie"}]},{"@type":"WebSite","@id":"https:\/\/www.hiringlab.org\/de\/#website","url":"https:\/\/www.hiringlab.org\/de\/","name":"Indeed Hiring Lab Germany","description":"Just another Wordpress Admins Site Sites site","potentialAction":[{"@type":"SearchAction","target":{"@type":"EntryPoint","urlTemplate":"https:\/\/www.hiringlab.org\/de\/?s={search_term_string}"},"query-input":{"@type":"PropertyValueSpecification","valueRequired":true,"valueName":"search_term_string"}}],"inLanguage":"de-DE"},{"@type":"Person","@id":"https:\/\/www.hiringlab.org\/de\/#\/schema\/person\/556273c85fa41e425a043b07a34e5e88","name":"Annina Hering","image":{"@type":"ImageObject","inLanguage":"de-DE","@id":"https:\/\/secure.gravatar.com\/avatar\/efed971649f074bd040f3aea1c0ca24eb635219da9f7e0f2f3fa33da7963db52?s=96&d=mm&r=g","url":"https:\/\/secure.gravatar.com\/avatar\/efed971649f074bd040f3aea1c0ca24eb635219da9f7e0f2f3fa33da7963db52?s=96&d=mm&r=g","contentUrl":"https:\/\/secure.gravatar.com\/avatar\/efed971649f074bd040f3aea1c0ca24eb635219da9f7e0f2f3fa33da7963db52?s=96&d=mm&r=g","caption":"Annina Hering"},"url":"https:\/\/www.hiringlab.org\/de\/blog\/author\/hering\/"}]}},"_links":{"self":[{"href":"https:\/\/www.hiringlab.org\/de\/wp-json\/wp\/v2\/posts\/12327","targetHints":{"allow":["GET"]}}],"collection":[{"href":"https:\/\/www.hiringlab.org\/de\/wp-json\/wp\/v2\/posts"}],"about":[{"href":"https:\/\/www.hiringlab.org\/de\/wp-json\/wp\/v2\/types\/post"}],"author":[{"embeddable":true,"href":"https:\/\/www.hiringlab.org\/de\/wp-json\/wp\/v2\/users\/39"}],"replies":[{"embeddable":true,"href":"https:\/\/www.hiringlab.org\/de\/wp-json\/wp\/v2\/comments?post=12327"}],"version-history":[{"count":0,"href":"https:\/\/www.hiringlab.org\/de\/wp-json\/wp\/v2\/posts\/12327\/revisions"}],"wp:featuredmedia":[{"embeddable":true,"href":"https:\/\/www.hiringlab.org\/de\/wp-json\/wp\/v2\/media\/12178"}],"wp:attachment":[{"href":"https:\/\/www.hiringlab.org\/de\/wp-json\/wp\/v2\/media?parent=12327"}],"wp:term":[{"taxonomy":"category","embeddable":true,"href":"https:\/\/www.hiringlab.org\/de\/wp-json\/wp\/v2\/categories?post=12327"},{"taxonomy":"post_tag","embeddable":true,"href":"https:\/\/www.hiringlab.org\/de\/wp-json\/wp\/v2\/tags?post=12327"},{"taxonomy":"post_mwm_category","embeddable":true,"href":"https:\/\/www.hiringlab.org\/de\/wp-json\/wp\/v2\/post_mwm_category?post=12327"},{"taxonomy":"post_topic","embeddable":true,"href":"https:\/\/www.hiringlab.org\/de\/wp-json\/wp\/v2\/post_topic?post=12327"},{"taxonomy":"post_content_type","embeddable":true,"href":"https:\/\/www.hiringlab.org\/de\/wp-json\/wp\/v2\/post_content_type?post=12327"},{"taxonomy":"post_duration","embeddable":true,"href":"https:\/\/www.hiringlab.org\/de\/wp-json\/wp\/v2\/post_duration?post=12327"},{"taxonomy":"post_actions","embeddable":true,"href":"https:\/\/www.hiringlab.org\/de\/wp-json\/wp\/v2\/post_actions?post=12327"},{"taxonomy":"post_franchise","embeddable":true,"href":"https:\/\/www.hiringlab.org\/de\/wp-json\/wp\/v2\/post_franchise?post=12327"},{"taxonomy":"post_mwm_author","embeddable":true,"href":"https:\/\/www.hiringlab.org\/de\/wp-json\/wp\/v2\/post_mwm_author?post=12327"}],"curies":[{"name":"wp","href":"https:\/\/api.w.org\/{rel}","templated":true}]}}