{"id":12255,"date":"2022-01-18T17:55:03","date_gmt":"2022-01-18T16:55:03","guid":{"rendered":"https:\/\/www.hiringlab.org\/de\/?p=12255"},"modified":"2022-06-10T16:24:52","modified_gmt":"2022-06-10T16:24:52","slug":"covid-arbeitsmarkt-jahreswechsel","status":"publish","type":"post","link":"https:\/\/www.hiringlab.org\/de\/blog\/2022\/01\/18\/covid-arbeitsmarkt-jahreswechsel\/","title":{"rendered":"Omikron-Einfluss auf den Arbeitsmarkt: Erst die n\u00e4chsten Wochen entscheiden"},"content":{"rendered":"<style>\n       .errordiv { padding:10px; margin:10px; border: 1px solid #555555;color: #000000;background-color: #f8f8f8; width:500px; }#advanced_iframe {visibility:visible;opacity:1;vertical-align:top;}.ai-info-bottom-iframe { position: fixed; z-index: 10000; bottom:0; left: 0; margin: 0px; text-align: center; width: 100%; background-color: #ff9999; padding-left: 5px;padding-bottom: 5px; border-top: 1px solid #aaa } a.ai-bold {font-weight: bold;}#ai-layer-div-advanced_iframe p {height:100%;margin:0;padding:0}<\/style><script type=\"text\/javascript\">var ai_iframe_width_advanced_iframe = 0;var ai_iframe_height_advanced_iframe = 0;function aiReceiveMessageadvanced_iframe(event) {  aiProcessMessage(event,\"advanced_iframe\", \"true\",\"\",\"false\",\"false\");}if (window.addEventListener) {  window.addEventListener(\"message\", aiReceiveMessageadvanced_iframe);} else if (el.attachEvent)  {  el.attachEvent(\"message\", aiReceiveMessageadvanced_iframe);}var aiOnloadScrollTop=\"true\";var aiShowDebug=false;\n\t\tif (typeof aiReadyCallbacks === 'undefined') {\n\t\t\tvar aiReadyCallbacks = [];\n\t\t} else if (!(aiReadyCallbacks instanceof Array)) {\n\t\t\tvar aiReadyCallbacks = [];\n\t\t}    function aiShowIframeId(id_iframe) { jQuery(\"#\"+id_iframe).css(\"visibility\", \"visible\");    }    function aiResizeIframeHeight(height) { aiResizeIframeHeight(height,advanced_iframe); }    function aiResizeIframeHeightId(height,width,id) {aiResizeIframeHeightById(id,height);}<\/script><iframe id=\"advanced_iframe\"  name=\"advanced_iframe\"  src=\"https:\/\/hiring-lab.github.io\/visualization-data\/#DE\"  width=\"100%\"  height=\"600\"  frameborder=\"0\"  border=\"0\"  allowtransparency=\"true\"  loading=\"lazy\"  style=\";border-width: 0px;;border: none;;width:100%;;height:600px;\" ><\/iframe><script type=\"text\/javascript\">var ifrm_advanced_iframe = document.getElementById(\"advanced_iframe\");var hiddenTabsDoneadvanced_iframe = false;\nfunction resizeCallbackadvanced_iframe() {}<\/script><script type=\"text\/javascript\"><\/script><p style=\"display:block !important; visibility:visible !important;margin: -18px 14px 0 0;padding-left: 3px;padding-top:3px;background: white; overflow: hidden; position: relative; line-height:15px;width: fit-content;\"><small style=\"display:block !important;visibility:visible !important\">powered by Advanced iFrame<\/small><\/p>\n\n\n\n<p>Wir aktualisieren regelm\u00e4\u00dfig unsere Analysen zum Indeed-Job-Index, um die Auswirkungen der Covid-19-Pandemie auf den Arbeitsmarkt zu beobachten.&nbsp;<\/p>\n\n\n\n<p>Die Stellenausschreibungen auf Indeed sind ein Echtzeitma\u00df f\u00fcr die Aktivit\u00e4t auf dem Arbeitsmarkt. Am 07. Januar 2022 lagen sie um 46,0 % \u00fcber dem Stand vom 01. Februar 2020, dem Ausgangswert vor der Pandemie. Vom bisherigen Hochpunkt der Stellenentwicklung seit Beginn der Pandemie mit +49,2 % zum 31. Dezember 2021 k\u00f6nnen wir aktuell einen leichten R\u00fcckgang der Stellenentwicklung beobachten. Saisonale Schwankungen haben wir zwar bereinigt, aber es ist nicht auszuschlie\u00dfen, dass aufgrund der Weihnachtsfeiertage an verschiedenen Wochentagen in den letzten Jahren dennoch ein geringer saisonaler Effekt bestehen bleibt. Dementsprechend ist der aktuelle R\u00fcckgang noch nicht mit Sorge zu betrachten, da es <a href=\"https:\/\/www.hiringlab.org\/de\/blog\/2022\/01\/04\/neues-jahr-neuer-job\/\" target=\"_blank\" rel=\"noreferrer noopener\">Anfang des Jahres saisonal immer ein paar Wochen dauert<\/a>, bis das Recruiting in den Unternehmen wieder auf Hochtouren l\u00e4uft. Dementsprechend wird es umso wichtiger, die Entwicklung der Stellenausschreibungen in den n\u00e4chsten Wochen zu betrachten, um zu evaluieren, welchen Einfluss die aktuelle Omikron-Variante auf den Arbeitsmarkt hat.&nbsp;<\/p>\n\n\n\n<h3 class=\"wp-block-heading\">Methodische Hinweise<\/h3>\n\n\n\n<p>Alle Zahlen in diesem Blogbeitrag sind die prozentuale Ver\u00e4nderung der saisonbereinigten Stellenausschreibungen seit dem 01. Februar 2020 unter Verwendung eines gleitenden Durchschnitts \u00fcber 7 Tage. Der 01. Februar 2020 ist dabei unser Basiswert aus der Zeit vor der Pandemie. Wir bereinigen jede Zeitreihe saisonal, basierend auf historischen Mustern in den Jahren 2017, 2018 und 2019. Jede Zeitreihe, einschlie\u00dflich des nationalen Trends, der Berufssektoren und der subnationalen Geografien, wird separat saisonal bereinigt. Wir haben diese neue Methodik im Januar 2021 eingef\u00fchrt. Die Daten f\u00fcr den 24. bis 30. Juni 2021 fehlen und wurden interpoliert.<\/p>\n\n\n\n<p>Die Zahl der Stellenausschreibungen auf Indeed.com, unabh\u00e4ngig davon, ob es sich um bezahlte oder unbezahlte Stellenausschreibungen handelt, ist kein Indikator f\u00fcr potenzielle Einnahmen oder Ertr\u00e4ge von Indeed, das einen bedeutenden Prozentsatz des HR-Technologie-Segments seiner Muttergesellschaft Recruit Holdings Co., Ltd. umfasst. Die Zahl der Stellenausschreibungen wird nur zu Informationszwecken zur Verf\u00fcgung gestellt und sollte nicht als Indikator f\u00fcr die Leistung von Indeed oder Recruit angesehen werden. Weitere Informationen \u00fcber die Umsatzerl\u00f6se des HR-Technologie-Segments von Recruit finden Sie auf der Investor-Relations-Website von Recruit Holdings und in den Finanzberichten in Japan.<\/p>\n","protected":false},"excerpt":{"rendered":"<p>Im Vergleich zur Zeit vor der Corona-Krise haben Stellenausschreibungen auf Indeed  Deutschland um 46 Prozent zugenommen (Stand: 07. Januar 2022).<\/p>\n","protected":false},"author":39,"featured_media":12294,"comment_status":"closed","ping_status":"closed","sticky":false,"template":"recruiter-hub-blocks.php","format":"standard","meta":{"_acf_changed":false,"footnotes":""},"categories":[1],"tags":[],"post_mwm_category":[243],"post_topic":[],"post_content_type":[],"post_duration":[],"post_actions":[],"post_franchise":[],"post_mwm_author":[222],"class_list":["post-12255","post","type-post","status-publish","format-standard","has-post-thumbnail","hentry","category-uncategorized","post_mwm_category-coronavirus","post_mwm_author-hering"],"acf":[],"yoast_head":"<!-- This site is optimized with the Yoast SEO plugin v27.2 - https:\/\/yoast.com\/product\/yoast-seo-wordpress\/ -->\n<title>Omikron-Einfluss auf den Arbeitsmarkt: Erst die n\u00e4chsten Wochen entscheiden - Indeed Hiring Lab Germany<\/title>\n<meta name=\"robots\" content=\"index, follow, max-snippet:-1, max-image-preview:large, max-video-preview:-1\" \/>\n<link rel=\"canonical\" href=\"https:\/\/www.hiringlab.org\/de\/blog\/2022\/01\/18\/covid-arbeitsmarkt-jahreswechsel\/\" \/>\n<meta property=\"og:locale\" content=\"de_DE\" \/>\n<meta property=\"og:type\" content=\"article\" \/>\n<meta property=\"og:title\" content=\"Omikron-Einfluss auf den Arbeitsmarkt: Erst die n\u00e4chsten Wochen entscheiden - Indeed Hiring Lab Germany\" \/>\n<meta property=\"og:description\" content=\"Im Vergleich zur Zeit vor der Corona-Krise haben Stellenausschreibungen auf Indeed Deutschland um 46 Prozent zugenommen (Stand: 07. Januar 2022).\" \/>\n<meta property=\"og:url\" content=\"https:\/\/www.hiringlab.org\/de\/blog\/2022\/01\/18\/covid-arbeitsmarkt-jahreswechsel\/\" \/>\n<meta property=\"og:site_name\" content=\"Indeed Hiring Lab Germany\" \/>\n<meta property=\"article:published_time\" content=\"2022-01-18T16:55:03+00:00\" \/>\n<meta property=\"article:modified_time\" content=\"2022-06-10T16:24:52+00:00\" \/>\n<meta property=\"og:image\" content=\"https:\/\/www.hiringlab.org\/de\/wp-content\/uploads\/sites\/5\/2022\/01\/Postings_DE_german_20220111_comma.png\" \/>\n\t<meta property=\"og:image:width\" content=\"1600\" \/>\n\t<meta property=\"og:image:height\" content=\"873\" \/>\n\t<meta property=\"og:image:type\" content=\"image\/png\" \/>\n<meta name=\"author\" content=\"Annina Hering\" \/>\n<meta name=\"twitter:card\" content=\"summary_large_image\" \/>\n<script type=\"application\/ld+json\" class=\"yoast-schema-graph\">{\"@context\":\"https:\/\/schema.org\",\"@graph\":[{\"@type\":\"Article\",\"@id\":\"https:\/\/www.hiringlab.org\/de\/blog\/2022\/01\/18\/covid-arbeitsmarkt-jahreswechsel\/#article\",\"isPartOf\":{\"@id\":\"https:\/\/www.hiringlab.org\/de\/blog\/2022\/01\/18\/covid-arbeitsmarkt-jahreswechsel\/\"},\"author\":{\"name\":\"Annina Hering\",\"@id\":\"https:\/\/www.hiringlab.org\/de\/#\/schema\/person\/556273c85fa41e425a043b07a34e5e88\"},\"headline\":\"Omikron-Einfluss auf den Arbeitsmarkt: Erst die n\u00e4chsten Wochen entscheiden\",\"datePublished\":\"2022-01-18T16:55:03+00:00\",\"dateModified\":\"2022-06-10T16:24:52+00:00\",\"mainEntityOfPage\":{\"@id\":\"https:\/\/www.hiringlab.org\/de\/blog\/2022\/01\/18\/covid-arbeitsmarkt-jahreswechsel\/\"},\"wordCount\":368,\"image\":{\"@id\":\"https:\/\/www.hiringlab.org\/de\/blog\/2022\/01\/18\/covid-arbeitsmarkt-jahreswechsel\/#primaryimage\"},\"thumbnailUrl\":\"https:\/\/d341ezm4iqaae0.cloudfront.net\/hiringlaborg\/sites\/5\/2022\/01\/02183100\/Postings_DE_german_20220111_comma.png\",\"articleSection\":[\"Uncategorized\"],\"inLanguage\":\"de-DE\"},{\"@type\":\"WebPage\",\"@id\":\"https:\/\/www.hiringlab.org\/de\/blog\/2022\/01\/18\/covid-arbeitsmarkt-jahreswechsel\/\",\"url\":\"https:\/\/www.hiringlab.org\/de\/blog\/2022\/01\/18\/covid-arbeitsmarkt-jahreswechsel\/\",\"name\":\"Omikron-Einfluss auf den Arbeitsmarkt: Erst die n\u00e4chsten Wochen entscheiden - Indeed Hiring Lab Germany\",\"isPartOf\":{\"@id\":\"https:\/\/www.hiringlab.org\/de\/#website\"},\"primaryImageOfPage\":{\"@id\":\"https:\/\/www.hiringlab.org\/de\/blog\/2022\/01\/18\/covid-arbeitsmarkt-jahreswechsel\/#primaryimage\"},\"image\":{\"@id\":\"https:\/\/www.hiringlab.org\/de\/blog\/2022\/01\/18\/covid-arbeitsmarkt-jahreswechsel\/#primaryimage\"},\"thumbnailUrl\":\"https:\/\/d341ezm4iqaae0.cloudfront.net\/hiringlaborg\/sites\/5\/2022\/01\/02183100\/Postings_DE_german_20220111_comma.png\",\"datePublished\":\"2022-01-18T16:55:03+00:00\",\"dateModified\":\"2022-06-10T16:24:52+00:00\",\"author\":{\"@id\":\"https:\/\/www.hiringlab.org\/de\/#\/schema\/person\/556273c85fa41e425a043b07a34e5e88\"},\"breadcrumb\":{\"@id\":\"https:\/\/www.hiringlab.org\/de\/blog\/2022\/01\/18\/covid-arbeitsmarkt-jahreswechsel\/#breadcrumb\"},\"inLanguage\":\"de-DE\",\"potentialAction\":[{\"@type\":\"ReadAction\",\"target\":[\"https:\/\/www.hiringlab.org\/de\/blog\/2022\/01\/18\/covid-arbeitsmarkt-jahreswechsel\/\"]}]},{\"@type\":\"ImageObject\",\"inLanguage\":\"de-DE\",\"@id\":\"https:\/\/www.hiringlab.org\/de\/blog\/2022\/01\/18\/covid-arbeitsmarkt-jahreswechsel\/#primaryimage\",\"url\":\"https:\/\/d341ezm4iqaae0.cloudfront.net\/hiringlaborg\/sites\/5\/2022\/01\/02183100\/Postings_DE_german_20220111_comma.png\",\"contentUrl\":\"https:\/\/d341ezm4iqaae0.cloudfront.net\/hiringlaborg\/sites\/5\/2022\/01\/02183100\/Postings_DE_german_20220111_comma.png\",\"width\":1600,\"height\":873,\"caption\":\"Liniendiagramm mit dem Titel \\\"Stellenausschreibungen auf Indeed, Deutschland\\\". Auf einer vertikalen Achse, die von -60 % bis 60 % reicht, zeigt Indeed die prozentuale Ver\u00e4nderung der Stellenausschreibungen zwischen dem 01. Februar 2020 und dem 07. Januar 2022. Am 07. Januar 2022 lagen die Stellenausschreibungen um 46,0 % \u00fcber dem Stand vom 01. Februar 2020, dem Ausgangswert vor der Pandemie.\"},{\"@type\":\"BreadcrumbList\",\"@id\":\"https:\/\/www.hiringlab.org\/de\/blog\/2022\/01\/18\/covid-arbeitsmarkt-jahreswechsel\/#breadcrumb\",\"itemListElement\":[{\"@type\":\"ListItem\",\"position\":1,\"name\":\"Home\",\"item\":\"https:\/\/www.hiringlab.org\/de\/\"},{\"@type\":\"ListItem\",\"position\":2,\"name\":\"Omikron-Einfluss auf den Arbeitsmarkt: Erst die n\u00e4chsten Wochen entscheiden\"}]},{\"@type\":\"WebSite\",\"@id\":\"https:\/\/www.hiringlab.org\/de\/#website\",\"url\":\"https:\/\/www.hiringlab.org\/de\/\",\"name\":\"Indeed Hiring Lab Germany\",\"description\":\"Just another Wordpress Admins Site Sites site\",\"potentialAction\":[{\"@type\":\"SearchAction\",\"target\":{\"@type\":\"EntryPoint\",\"urlTemplate\":\"https:\/\/www.hiringlab.org\/de\/?s={search_term_string}\"},\"query-input\":{\"@type\":\"PropertyValueSpecification\",\"valueRequired\":true,\"valueName\":\"search_term_string\"}}],\"inLanguage\":\"de-DE\"},{\"@type\":\"Person\",\"@id\":\"https:\/\/www.hiringlab.org\/de\/#\/schema\/person\/556273c85fa41e425a043b07a34e5e88\",\"name\":\"Annina Hering\",\"image\":{\"@type\":\"ImageObject\",\"inLanguage\":\"de-DE\",\"@id\":\"https:\/\/secure.gravatar.com\/avatar\/efed971649f074bd040f3aea1c0ca24eb635219da9f7e0f2f3fa33da7963db52?s=96&d=mm&r=g\",\"url\":\"https:\/\/secure.gravatar.com\/avatar\/efed971649f074bd040f3aea1c0ca24eb635219da9f7e0f2f3fa33da7963db52?s=96&d=mm&r=g\",\"contentUrl\":\"https:\/\/secure.gravatar.com\/avatar\/efed971649f074bd040f3aea1c0ca24eb635219da9f7e0f2f3fa33da7963db52?s=96&d=mm&r=g\",\"caption\":\"Annina Hering\"},\"url\":\"https:\/\/www.hiringlab.org\/de\/blog\/author\/hering\/\"}]}<\/script>\n<!-- \/ Yoast SEO plugin. -->","yoast_head_json":{"title":"Omikron-Einfluss auf den Arbeitsmarkt: Erst die n\u00e4chsten Wochen entscheiden - Indeed Hiring Lab Germany","robots":{"index":"index","follow":"follow","max-snippet":"max-snippet:-1","max-image-preview":"max-image-preview:large","max-video-preview":"max-video-preview:-1"},"canonical":"https:\/\/www.hiringlab.org\/de\/blog\/2022\/01\/18\/covid-arbeitsmarkt-jahreswechsel\/","og_locale":"de_DE","og_type":"article","og_title":"Omikron-Einfluss auf den Arbeitsmarkt: Erst die n\u00e4chsten Wochen entscheiden - Indeed Hiring Lab Germany","og_description":"Im Vergleich zur Zeit vor der Corona-Krise haben Stellenausschreibungen auf Indeed Deutschland um 46 Prozent zugenommen (Stand: 07. Januar 2022).","og_url":"https:\/\/www.hiringlab.org\/de\/blog\/2022\/01\/18\/covid-arbeitsmarkt-jahreswechsel\/","og_site_name":"Indeed Hiring Lab Germany","article_published_time":"2022-01-18T16:55:03+00:00","article_modified_time":"2022-06-10T16:24:52+00:00","og_image":[{"width":1600,"height":873,"url":"https:\/\/www.hiringlab.org\/de\/wp-content\/uploads\/sites\/5\/2022\/01\/Postings_DE_german_20220111_comma.png","type":"image\/png"}],"author":"Annina Hering","twitter_card":"summary_large_image","schema":{"@context":"https:\/\/schema.org","@graph":[{"@type":"Article","@id":"https:\/\/www.hiringlab.org\/de\/blog\/2022\/01\/18\/covid-arbeitsmarkt-jahreswechsel\/#article","isPartOf":{"@id":"https:\/\/www.hiringlab.org\/de\/blog\/2022\/01\/18\/covid-arbeitsmarkt-jahreswechsel\/"},"author":{"name":"Annina Hering","@id":"https:\/\/www.hiringlab.org\/de\/#\/schema\/person\/556273c85fa41e425a043b07a34e5e88"},"headline":"Omikron-Einfluss auf den Arbeitsmarkt: Erst die n\u00e4chsten Wochen entscheiden","datePublished":"2022-01-18T16:55:03+00:00","dateModified":"2022-06-10T16:24:52+00:00","mainEntityOfPage":{"@id":"https:\/\/www.hiringlab.org\/de\/blog\/2022\/01\/18\/covid-arbeitsmarkt-jahreswechsel\/"},"wordCount":368,"image":{"@id":"https:\/\/www.hiringlab.org\/de\/blog\/2022\/01\/18\/covid-arbeitsmarkt-jahreswechsel\/#primaryimage"},"thumbnailUrl":"https:\/\/d341ezm4iqaae0.cloudfront.net\/hiringlaborg\/sites\/5\/2022\/01\/02183100\/Postings_DE_german_20220111_comma.png","articleSection":["Uncategorized"],"inLanguage":"de-DE"},{"@type":"WebPage","@id":"https:\/\/www.hiringlab.org\/de\/blog\/2022\/01\/18\/covid-arbeitsmarkt-jahreswechsel\/","url":"https:\/\/www.hiringlab.org\/de\/blog\/2022\/01\/18\/covid-arbeitsmarkt-jahreswechsel\/","name":"Omikron-Einfluss auf den Arbeitsmarkt: Erst die n\u00e4chsten Wochen entscheiden - Indeed Hiring Lab Germany","isPartOf":{"@id":"https:\/\/www.hiringlab.org\/de\/#website"},"primaryImageOfPage":{"@id":"https:\/\/www.hiringlab.org\/de\/blog\/2022\/01\/18\/covid-arbeitsmarkt-jahreswechsel\/#primaryimage"},"image":{"@id":"https:\/\/www.hiringlab.org\/de\/blog\/2022\/01\/18\/covid-arbeitsmarkt-jahreswechsel\/#primaryimage"},"thumbnailUrl":"https:\/\/d341ezm4iqaae0.cloudfront.net\/hiringlaborg\/sites\/5\/2022\/01\/02183100\/Postings_DE_german_20220111_comma.png","datePublished":"2022-01-18T16:55:03+00:00","dateModified":"2022-06-10T16:24:52+00:00","author":{"@id":"https:\/\/www.hiringlab.org\/de\/#\/schema\/person\/556273c85fa41e425a043b07a34e5e88"},"breadcrumb":{"@id":"https:\/\/www.hiringlab.org\/de\/blog\/2022\/01\/18\/covid-arbeitsmarkt-jahreswechsel\/#breadcrumb"},"inLanguage":"de-DE","potentialAction":[{"@type":"ReadAction","target":["https:\/\/www.hiringlab.org\/de\/blog\/2022\/01\/18\/covid-arbeitsmarkt-jahreswechsel\/"]}]},{"@type":"ImageObject","inLanguage":"de-DE","@id":"https:\/\/www.hiringlab.org\/de\/blog\/2022\/01\/18\/covid-arbeitsmarkt-jahreswechsel\/#primaryimage","url":"https:\/\/d341ezm4iqaae0.cloudfront.net\/hiringlaborg\/sites\/5\/2022\/01\/02183100\/Postings_DE_german_20220111_comma.png","contentUrl":"https:\/\/d341ezm4iqaae0.cloudfront.net\/hiringlaborg\/sites\/5\/2022\/01\/02183100\/Postings_DE_german_20220111_comma.png","width":1600,"height":873,"caption":"Liniendiagramm mit dem Titel \"Stellenausschreibungen auf Indeed, Deutschland\". Auf einer vertikalen Achse, die von -60 % bis 60 % reicht, zeigt Indeed die prozentuale Ver\u00e4nderung der Stellenausschreibungen zwischen dem 01. Februar 2020 und dem 07. Januar 2022. Am 07. Januar 2022 lagen die Stellenausschreibungen um 46,0 % \u00fcber dem Stand vom 01. Februar 2020, dem Ausgangswert vor der Pandemie."},{"@type":"BreadcrumbList","@id":"https:\/\/www.hiringlab.org\/de\/blog\/2022\/01\/18\/covid-arbeitsmarkt-jahreswechsel\/#breadcrumb","itemListElement":[{"@type":"ListItem","position":1,"name":"Home","item":"https:\/\/www.hiringlab.org\/de\/"},{"@type":"ListItem","position":2,"name":"Omikron-Einfluss auf den Arbeitsmarkt: Erst die n\u00e4chsten Wochen entscheiden"}]},{"@type":"WebSite","@id":"https:\/\/www.hiringlab.org\/de\/#website","url":"https:\/\/www.hiringlab.org\/de\/","name":"Indeed Hiring Lab Germany","description":"Just another Wordpress Admins Site Sites site","potentialAction":[{"@type":"SearchAction","target":{"@type":"EntryPoint","urlTemplate":"https:\/\/www.hiringlab.org\/de\/?s={search_term_string}"},"query-input":{"@type":"PropertyValueSpecification","valueRequired":true,"valueName":"search_term_string"}}],"inLanguage":"de-DE"},{"@type":"Person","@id":"https:\/\/www.hiringlab.org\/de\/#\/schema\/person\/556273c85fa41e425a043b07a34e5e88","name":"Annina Hering","image":{"@type":"ImageObject","inLanguage":"de-DE","@id":"https:\/\/secure.gravatar.com\/avatar\/efed971649f074bd040f3aea1c0ca24eb635219da9f7e0f2f3fa33da7963db52?s=96&d=mm&r=g","url":"https:\/\/secure.gravatar.com\/avatar\/efed971649f074bd040f3aea1c0ca24eb635219da9f7e0f2f3fa33da7963db52?s=96&d=mm&r=g","contentUrl":"https:\/\/secure.gravatar.com\/avatar\/efed971649f074bd040f3aea1c0ca24eb635219da9f7e0f2f3fa33da7963db52?s=96&d=mm&r=g","caption":"Annina Hering"},"url":"https:\/\/www.hiringlab.org\/de\/blog\/author\/hering\/"}]}},"_links":{"self":[{"href":"https:\/\/www.hiringlab.org\/de\/wp-json\/wp\/v2\/posts\/12255","targetHints":{"allow":["GET"]}}],"collection":[{"href":"https:\/\/www.hiringlab.org\/de\/wp-json\/wp\/v2\/posts"}],"about":[{"href":"https:\/\/www.hiringlab.org\/de\/wp-json\/wp\/v2\/types\/post"}],"author":[{"embeddable":true,"href":"https:\/\/www.hiringlab.org\/de\/wp-json\/wp\/v2\/users\/39"}],"replies":[{"embeddable":true,"href":"https:\/\/www.hiringlab.org\/de\/wp-json\/wp\/v2\/comments?post=12255"}],"version-history":[{"count":0,"href":"https:\/\/www.hiringlab.org\/de\/wp-json\/wp\/v2\/posts\/12255\/revisions"}],"wp:featuredmedia":[{"embeddable":true,"href":"https:\/\/www.hiringlab.org\/de\/wp-json\/wp\/v2\/media\/12294"}],"wp:attachment":[{"href":"https:\/\/www.hiringlab.org\/de\/wp-json\/wp\/v2\/media?parent=12255"}],"wp:term":[{"taxonomy":"category","embeddable":true,"href":"https:\/\/www.hiringlab.org\/de\/wp-json\/wp\/v2\/categories?post=12255"},{"taxonomy":"post_tag","embeddable":true,"href":"https:\/\/www.hiringlab.org\/de\/wp-json\/wp\/v2\/tags?post=12255"},{"taxonomy":"post_mwm_category","embeddable":true,"href":"https:\/\/www.hiringlab.org\/de\/wp-json\/wp\/v2\/post_mwm_category?post=12255"},{"taxonomy":"post_topic","embeddable":true,"href":"https:\/\/www.hiringlab.org\/de\/wp-json\/wp\/v2\/post_topic?post=12255"},{"taxonomy":"post_content_type","embeddable":true,"href":"https:\/\/www.hiringlab.org\/de\/wp-json\/wp\/v2\/post_content_type?post=12255"},{"taxonomy":"post_duration","embeddable":true,"href":"https:\/\/www.hiringlab.org\/de\/wp-json\/wp\/v2\/post_duration?post=12255"},{"taxonomy":"post_actions","embeddable":true,"href":"https:\/\/www.hiringlab.org\/de\/wp-json\/wp\/v2\/post_actions?post=12255"},{"taxonomy":"post_franchise","embeddable":true,"href":"https:\/\/www.hiringlab.org\/de\/wp-json\/wp\/v2\/post_franchise?post=12255"},{"taxonomy":"post_mwm_author","embeddable":true,"href":"https:\/\/www.hiringlab.org\/de\/wp-json\/wp\/v2\/post_mwm_author?post=12255"}],"curies":[{"name":"wp","href":"https:\/\/api.w.org\/{rel}","templated":true}]}}