{"id":11507,"date":"2020-05-14T11:00:00","date_gmt":"2020-05-14T09:00:00","guid":{"rendered":"https:\/\/www.hiringlab.org\/de\/?p=11507"},"modified":"2020-05-14T11:00:00","modified_gmt":"2020-05-14T09:00:00","slug":"coronavirus-arbeitsmarkt-update-daten-08-mai","status":"publish","type":"post","link":"https:\/\/www.hiringlab.org\/de\/blog\/2020\/05\/14\/coronavirus-arbeitsmarkt-update-daten-08-mai\/","title":{"rendered":"Coronakrise: Arbeitsm\u00e4rkte in Deutschland, \u00d6sterreich und der Schweiz"},"content":{"rendered":"\n<p><em>Der Indeed-Job-Index wird regelm\u00e4\u00dfig aktualisiert, um die Auswirkungen der Coronavirus-Pandemie auf den deutschen Arbeitsmarkt topaktuell zu betrachten.<\/em><\/p>\n\n\n\n<p>Die Coronavirus-Pandemie hat einen erheblichen Einfluss auf den <a href=\"https:\/\/statistik.arbeitsagentur.de\/\">deutschen<\/a>, <a href=\"https:\/\/www.ams.at\/arbeitsmarktdaten-und-medien\/arbeitsmarkt-daten-und-arbeitsmarkt-forschung\/arbeitsmarktdaten\">\u00f6sterreichischen<\/a> und <a href=\"https:\/\/www.bfs.admin.ch\/bfs\/de\/home\/statistiken\/arbeit-erwerb.assetdetail.12827044.html\">schweizer<\/a> Arbeitsmarkt. Antr\u00e4ge auf Kurzarbeit haben in allen drei L\u00e4ndern stark zugenommen und auch die Arbeitslosenquoten zeigen deutliche Corona-Effekte. Ich nutze Indeed-Daten bis zum 08. Mai 2020 um die Auswirkungen der Coronakrise auf die Arbeitskr\u00e4ftenachfrage in Deutschland, \u00d6sterreich und der Schweiz zu untersuchen. Es zeigt sich, dass \u00d6sterreich im Vergleich zu Deutschland und der Schweiz den gr\u00f6\u00dften R\u00fcckgang bei Stellenausschreibungen im Vorjahresvergleich zeigt. Ein Grund daf\u00fcr d\u00fcrfte sein, dass in \u00d6sterreich der Anteil der Stellenausschreibungen in stark von den Eind\u00e4mmungsma\u00dfnahmen direkt betroffenen Wirtschaftsbereichen vor der Coronakrise h\u00f6her lag.&nbsp;<\/p>\n\n\n\n<p>Die wichtigsten Ergebnisse:<\/p>\n\n\n\n<ul class=\"wp-block-list\"><li>Coronakrise hat in \u00d6sterreich (-48 %) wesentlich st\u00e4rkere Auswirkungen auf die Entwicklung der Stellenausschreibungen im Vorjahresvergleich als in Deutschland (-24 %) oder der Schweiz (-21 %).<\/li><li>Stark von der Coronakrise betroffene Wirtschaftsbereiche, wie Stellenausschreibungen f\u00fcr Berufe der Gastronomie und Speisenzubereitung, spielen in \u00d6sterreich eine wichtigere Rolle als in Deutschland oder der Schweiz.&nbsp;&nbsp;<\/li><\/ul>\n\n\n\n<h3 class=\"wp-block-heading\">Indeed-Job-Index: Starker R\u00fcckgang in \u00d6sterreich<\/h3>\n\n\n\n<p>Die Entwicklung der Stellenausschreibungen als Echtzeit-Ma\u00df f\u00fcr die Auswirkungen der Coronakrise auf den Arbeitsmarkt liegt zum 08. Mai im Vorjahresvergleich in Deutschland bei -24 %, in \u00d6sterreich bei -48 % und in der Schweiz bei -21 %. In allen drei L\u00e4ndern zeigt sich ein Mitte M\u00e4rz einsetzender R\u00fcckgang der Stellenausschreibungen, der sich nach einer knapp 2-w\u00f6chigen Schockstarre verlangsamt hat.&nbsp;<\/p>\n\n\n\n<p>Dar\u00fcber hinaus muss bei der Interpretation der Zahlen auch beachtet werden, dass der tats\u00e4chliche Corona-Effekt auch von der Entwicklung der Stellenausschreibungen vor der Coronakrise abh\u00e4ngig ist. In \u00d6sterreich hat sich die Zahl der Stellenausschreibungen in 2020 insgesamt langsamer entwickelt als noch im Vorjahr. Deshalb d\u00fcrfte der tats\u00e4chliche Corona-Effekt eher durch die Entwicklung der Stellenausschreibungen seit Anfang Februar 2020 deutlich werden und diese lag in \u00d6sterreich bei -29 % (siehe Tabelle unten).<\/p>\n\n\n\n<figure class=\"wp-block-image size-large\"><img loading=\"lazy\" decoding=\"async\" width=\"1024\" height=\"582\" src=\"https:\/\/d341ezm4iqaae0.cloudfront.net\/hiringlaborg\/sites\/5\/2020\/05\/02183149\/Postings_DE_german_textfield-1024x582.png\" alt=\"Entwicklung der Stellenausschreibungen in Deutschland seit Beginn der Coronakrise\" class=\"wp-image-11514\" srcset=\"https:\/\/d341ezm4iqaae0.cloudfront.net\/hiringlaborg\/sites\/5\/2020\/05\/02183149\/Postings_DE_german_textfield-1024x582.png 1024w, https:\/\/d341ezm4iqaae0.cloudfront.net\/hiringlaborg\/sites\/5\/2020\/05\/02183149\/Postings_DE_german_textfield-300x170.png 300w, https:\/\/d341ezm4iqaae0.cloudfront.net\/hiringlaborg\/sites\/5\/2020\/05\/02183149\/Postings_DE_german_textfield-768x436.png 768w, https:\/\/d341ezm4iqaae0.cloudfront.net\/hiringlaborg\/sites\/5\/2020\/05\/02183149\/Postings_DE_german_textfield-1536x873.png 1536w, https:\/\/d341ezm4iqaae0.cloudfront.net\/hiringlaborg\/sites\/5\/2020\/05\/02183149\/Postings_DE_german_textfield-2048x1164.png 2048w\" sizes=\"auto, (max-width: 1024px) 100vw, 1024px\" \/><figcaption>Das Kurvendiagramm zeigt, dass die Entwicklung der Stellenausschreibungen seit Beginn der Coronakrise im Vorjahresvergleich zum 8. Mai in Deutschland bei -24 % liegt.<\/figcaption><\/figure>\n\n\n\n<figure class=\"wp-block-image size-large\"><img loading=\"lazy\" decoding=\"async\" width=\"1024\" height=\"582\" src=\"https:\/\/d341ezm4iqaae0.cloudfront.net\/hiringlaborg\/sites\/5\/2020\/05\/02183148\/Postings_AT_german_textfield_customized-1024x582.png\" alt=\"Entwicklung der Stellenausschreibungen in \u00d6sterreich seit Beginn der Coronakrise\" class=\"wp-image-11515\" srcset=\"https:\/\/d341ezm4iqaae0.cloudfront.net\/hiringlaborg\/sites\/5\/2020\/05\/02183148\/Postings_AT_german_textfield_customized-1024x582.png 1024w, https:\/\/d341ezm4iqaae0.cloudfront.net\/hiringlaborg\/sites\/5\/2020\/05\/02183148\/Postings_AT_german_textfield_customized-300x170.png 300w, https:\/\/d341ezm4iqaae0.cloudfront.net\/hiringlaborg\/sites\/5\/2020\/05\/02183148\/Postings_AT_german_textfield_customized-768x436.png 768w, https:\/\/d341ezm4iqaae0.cloudfront.net\/hiringlaborg\/sites\/5\/2020\/05\/02183148\/Postings_AT_german_textfield_customized-1536x873.png 1536w, https:\/\/d341ezm4iqaae0.cloudfront.net\/hiringlaborg\/sites\/5\/2020\/05\/02183148\/Postings_AT_german_textfield_customized-2048x1164.png 2048w\" sizes=\"auto, (max-width: 1024px) 100vw, 1024px\" \/><figcaption>Das Kurvendiagramm zeigt, dass die Entwicklung der Stellenausschreibungen seit Beginn der Coronakrise im Vorjahresvergleich zum 8. Mai \u00d6sterreich bei -48 % liegt.<\/figcaption><\/figure>\n\n\n\n<figure class=\"wp-block-image size-large\"><img loading=\"lazy\" decoding=\"async\" width=\"1024\" height=\"582\" src=\"https:\/\/d341ezm4iqaae0.cloudfront.net\/hiringlaborg\/sites\/5\/2020\/05\/02183147\/Postings_CH_german_textfield_customized-1024x582.png\" alt=\"Entwicklung der Stellenausschreibungen in der Schweiz seit Beginn der Coronakrise\" class=\"wp-image-11516\" srcset=\"https:\/\/d341ezm4iqaae0.cloudfront.net\/hiringlaborg\/sites\/5\/2020\/05\/02183147\/Postings_CH_german_textfield_customized-1024x582.png 1024w, https:\/\/d341ezm4iqaae0.cloudfront.net\/hiringlaborg\/sites\/5\/2020\/05\/02183147\/Postings_CH_german_textfield_customized-300x170.png 300w, https:\/\/d341ezm4iqaae0.cloudfront.net\/hiringlaborg\/sites\/5\/2020\/05\/02183147\/Postings_CH_german_textfield_customized-768x436.png 768w, https:\/\/d341ezm4iqaae0.cloudfront.net\/hiringlaborg\/sites\/5\/2020\/05\/02183147\/Postings_CH_german_textfield_customized-1536x873.png 1536w, https:\/\/d341ezm4iqaae0.cloudfront.net\/hiringlaborg\/sites\/5\/2020\/05\/02183147\/Postings_CH_german_textfield_customized-2048x1164.png 2048w\" sizes=\"auto, (max-width: 1024px) 100vw, 1024px\" \/><figcaption>Das Kurvendiagramm zeigt, dass die Entwicklung der Stellenausschreibungen seit Beginn der Coronakrise im Vorjahresvergleich zum 8. Mai der Schweiz bei -21 % lieg.<\/figcaption><\/figure>\n\n\n\n<h3 class=\"wp-block-heading\">Corona-Effekt durch Bedeutung der Wirtschaftsbereich f\u00fcr Arbeitsmarkt beeinflusst<\/h3>\n\n\n\n<p>Warum fallen die Auswirkungen der Coronakrise in den verschiedenen L\u00e4ndern so unterschiedlich aus? Der \u00f6sterreichische Arbeitsmarkt ist st\u00e4rker als der deutsche oder schweizer Arbeitsmarkt betroffen. In \u00d6sterreich war der Arbeitsmarkt vor der Coronakrise insbesondere durch Stellenausschreibungen gepr\u00e4gt, die sp\u00e4ter stark von den Eind\u00e4mmungsma\u00dfnahmen betroffen sein sollten. Gleichzeitig lag der Anteil von Stellenausschreibungen in Wirtschaftsbereichen, die sich robuster gegen\u00fcber der Coronakrise zeigen, geringer, als in Deutschland oder der Schweiz.&nbsp;<\/p>\n\n\n\n<p>Anfang Februar, vor der Coronakrise, waren knapp 12 % aller Stellenausschreibungen in \u00d6sterreich dem Bereich der Gastronomie und Speisenzubereitung zuzuordnen. In Deutschland und der Schweiz waren es dahingegen nur 3 %. Weniger betroffen sind dahingegen Berufe in B\u00fcro und Verwaltung. Vor der Coronakrise lag der Anteil aller Stellenausschreibungen in diesem Bereich in Deutschland bei 5 %, in der Schweiz und in \u00d6sterreich bei 3 %. Besonders geringe Corona-Effekte zeigen sich bei Stellenausschreibungen f\u00fcr Berufe der Gesundheits- und Krankenpflege. Vor der Coronakrise lag ihr Anteil an allen Stellenausschreibungen in Deutschland bei 5 %, in der Schweiz bei 4 % und in \u00d6sterreich bei 2 %.&nbsp;<\/p>\n\n\n\n<p>In \u00d6sterreich sind die Zahlen zu Stellenausschreibungen f\u00fcr Berufe in der Gesundheits- und Krankenpflege auff\u00e4llig. Die prozentuale Ver\u00e4nderung seit Anfang Februar liegt bei -5 %, w\u00e4hrend der Vergleich mit der Entwicklung aus dem Vorjahr bei -42 % liegt. Dieser gro\u00dfe Unterschied liegt an der insgesamt schw\u00e4cheren Zunahme der Stellenausschreibungen im Jahr 2020 in \u00d6sterreich. Der tats\u00e4chliche Corona-Effekt d\u00fcrfte durch die prozentuale Ver\u00e4nderung seit Anfang Februar besser dargestellt werden, auch wenn saisonale Schwankungen nicht herausgerechnet werden k\u00f6nnen.<\/p>\n\n\n\n<p>Weitere Erkl\u00e4rungsfaktoren d\u00fcrften u.a. sein, dass L\u00e4nder zu unterschiedlichen Zeitpunkten unterschiedliche Ma\u00dfnahmen ergriffen haben. Auch die Lockerungen seit kurzem fallen sehr unterschiedlich aus. Eine Indeed-Analyse hat dar\u00fcber hinaus einen Zusammenhang beobachtet, der zeigt, dass<a href=\"https:\/\/www.hiringlab.org\/uk\/blog\/2020\/04\/17\/global-labour-market-covid19\/\"> je h\u00f6her der Anteil der Besch\u00e4ftigten ist, die in Jobs mit theoretischem Homeoffice-Potenzial arbeiten, desto niedriger f\u00e4llt der R\u00fcckgang bei den Stellenausschreibungen aus<\/a>.<\/p>\n\n\n\n<figure class=\"wp-block-image size-large\"><img loading=\"lazy\" decoding=\"async\" width=\"1024\" height=\"725\" src=\"https:\/\/d341ezm4iqaae0.cloudfront.net\/hiringlaborg\/sites\/5\/2020\/05\/02183147\/Table-NormCat-DE-CH-AT-May08-1024x725.png\" alt=\"Wirtschaftsbereiche zeigen unterschiedliche Corona-Effekte\" class=\"wp-image-11517\" srcset=\"https:\/\/d341ezm4iqaae0.cloudfront.net\/hiringlaborg\/sites\/5\/2020\/05\/02183147\/Table-NormCat-DE-CH-AT-May08-1024x725.png 1024w, https:\/\/d341ezm4iqaae0.cloudfront.net\/hiringlaborg\/sites\/5\/2020\/05\/02183147\/Table-NormCat-DE-CH-AT-May08-300x212.png 300w, https:\/\/d341ezm4iqaae0.cloudfront.net\/hiringlaborg\/sites\/5\/2020\/05\/02183147\/Table-NormCat-DE-CH-AT-May08-768x544.png 768w, https:\/\/d341ezm4iqaae0.cloudfront.net\/hiringlaborg\/sites\/5\/2020\/05\/02183147\/Table-NormCat-DE-CH-AT-May08.png 1424w\" sizes=\"auto, (max-width: 1024px) 100vw, 1024px\" \/><figcaption>Die Tabelle zeigt detaillierte Zahlen zum Corona-Effekt auf Stellenausschreibungen in verschiedenen Wirtschaftsbereichen bis zum 8. Mai 2020 in Deutschland, \u00d6sterreich und der Schweiz.<\/figcaption><\/figure>\n\n\n\n<h3 class=\"wp-block-heading\">Methodische Hinweise<\/h3>\n\n\n\n<p><em>Um die aktuellen Covid-19-Entwicklungen auf den Arbeitsmarkt zu untersuchen, vergleichen wir die Entwicklungen der Online-Stellenanzeigen auf Indeed diesen Jahres seit Anfang Februar mit den Entwicklungen des letzten Jahres im gleichen Zeitraum. F\u00fcr jeden Tag wird ein gleitender Durchschnitt \u00fcber 7 Tage berechnet. Dabei dient der 01. Februar als Basiswert (01. Februar = 100). An einigen Stellen sprechen wir von der \u201c%-Ver\u00e4nderung 2020 vs. 2019\u201d. Hierf\u00fcr berechnen wir die prozentuale Ver\u00e4nderung der Stellenzuwachsrate seit dem 01. Februar im Vergleich zum gleichen Datum des Vorjahres. Die %-Ver\u00e4nderung seit dem 01.02.2020 bezieht sich auf den Stellenzuwachs bis zum aktuell verf\u00fcgbarsten Datum.<\/em><\/p>\n\n\n\n<p><em>Wir haben den 01. Februar als Basiswert definiert, da zu dieser Zeit das Coronavirus in Deutschland mit wenigen Ausnahmen noch nicht angekommen war. Erst in der Woche vom 24. Februar wurden zwei F\u00e4lle in Heinsberg bekannt, sodass wir die Entwicklungen vor der Coronavirus-Pandemie mit den Entwicklungen w\u00e4hrend der Coronavirus-Pandemie vergleichen k\u00f6nnen. Neue Stellenausschreibungen definieren wir als solche Stellen, die seit 7 Tagen oder k\u00fcrzer auf Indeed auffindbar sind.<\/em><\/p>\n\n\n\n<p><em>Informationen, die auf \u00f6ffentlich zug\u00e4nglichen Daten der Indeed Deutschland Website (und ggf. anderen genannten L\u00e4ndern) basieren, sind keine Vorhersagen zuk\u00fcnftiger Ereignisse und umfassen sowohl bezahlte als auch unbezahlte Stellenausschreibungen.<\/em><\/p>\n","protected":false},"excerpt":{"rendered":"<p>Diese Woche schauen wir auf Daten bis zum 08. Mai 2020.<\/p>\n","protected":false},"author":39,"featured_media":11511,"comment_status":"closed","ping_status":"closed","sticky":false,"template":"recruiter-hub-blocks.php","format":"standard","meta":{"_acf_changed":false,"footnotes":""},"categories":[1],"tags":[],"post_mwm_category":[243],"post_topic":[],"post_content_type":[],"post_duration":[],"post_actions":[],"post_franchise":[],"post_mwm_author":[222],"class_list":["post-11507","post","type-post","status-publish","format-standard","has-post-thumbnail","hentry","category-uncategorized","post_mwm_category-coronavirus","post_mwm_author-hering"],"acf":[],"yoast_head":"<!-- This site is optimized with the Yoast SEO plugin v27.2 - https:\/\/yoast.com\/product\/yoast-seo-wordpress\/ -->\n<title>Coronakrise: Arbeitsm\u00e4rkte in Deutschland, \u00d6sterreich und der Schweiz - Indeed Hiring Lab Germany<\/title>\n<meta name=\"robots\" content=\"index, follow, max-snippet:-1, max-image-preview:large, max-video-preview:-1\" \/>\n<link rel=\"canonical\" href=\"https:\/\/www.hiringlab.org\/de\/blog\/2020\/05\/14\/coronavirus-arbeitsmarkt-update-daten-08-mai\/\" \/>\n<meta property=\"og:locale\" content=\"de_DE\" \/>\n<meta property=\"og:type\" content=\"article\" \/>\n<meta property=\"og:title\" content=\"Coronakrise: Arbeitsm\u00e4rkte in Deutschland, \u00d6sterreich und der Schweiz - Indeed Hiring Lab Germany\" \/>\n<meta property=\"og:description\" content=\"Diese Woche schauen wir auf Daten bis zum 08. Mai 2020.\" \/>\n<meta property=\"og:url\" content=\"https:\/\/www.hiringlab.org\/de\/blog\/2020\/05\/14\/coronavirus-arbeitsmarkt-update-daten-08-mai\/\" \/>\n<meta property=\"og:site_name\" content=\"Indeed Hiring Lab Germany\" \/>\n<meta property=\"article:published_time\" content=\"2020-05-14T09:00:00+00:00\" \/>\n<meta property=\"og:image\" content=\"https:\/\/www.hiringlab.org\/de\/wp-content\/uploads\/sites\/5\/2020\/05\/ZURICH-shutterstock_302322503-2_optimized.jpg\" \/>\n\t<meta property=\"og:image:width\" content=\"1700\" \/>\n\t<meta property=\"og:image:height\" content=\"1202\" \/>\n\t<meta property=\"og:image:type\" content=\"image\/jpeg\" \/>\n<meta name=\"author\" content=\"Annina Hering\" \/>\n<meta name=\"twitter:card\" content=\"summary_large_image\" \/>\n<script type=\"application\/ld+json\" class=\"yoast-schema-graph\">{\"@context\":\"https:\/\/schema.org\",\"@graph\":[{\"@type\":\"Article\",\"@id\":\"https:\/\/www.hiringlab.org\/de\/blog\/2020\/05\/14\/coronavirus-arbeitsmarkt-update-daten-08-mai\/#article\",\"isPartOf\":{\"@id\":\"https:\/\/www.hiringlab.org\/de\/blog\/2020\/05\/14\/coronavirus-arbeitsmarkt-update-daten-08-mai\/\"},\"author\":{\"name\":\"Annina Hering\",\"@id\":\"https:\/\/www.hiringlab.org\/de\/#\/schema\/person\/556273c85fa41e425a043b07a34e5e88\"},\"headline\":\"Coronakrise: Arbeitsm\u00e4rkte in Deutschland, \u00d6sterreich und der Schweiz\",\"datePublished\":\"2020-05-14T09:00:00+00:00\",\"mainEntityOfPage\":{\"@id\":\"https:\/\/www.hiringlab.org\/de\/blog\/2020\/05\/14\/coronavirus-arbeitsmarkt-update-daten-08-mai\/\"},\"wordCount\":941,\"image\":{\"@id\":\"https:\/\/www.hiringlab.org\/de\/blog\/2020\/05\/14\/coronavirus-arbeitsmarkt-update-daten-08-mai\/#primaryimage\"},\"thumbnailUrl\":\"https:\/\/d341ezm4iqaae0.cloudfront.net\/hiringlaborg\/sites\/5\/2020\/05\/02183149\/ZURICH-shutterstock_302322503-2_optimized.jpg\",\"articleSection\":[\"Uncategorized\"],\"inLanguage\":\"de-DE\"},{\"@type\":\"WebPage\",\"@id\":\"https:\/\/www.hiringlab.org\/de\/blog\/2020\/05\/14\/coronavirus-arbeitsmarkt-update-daten-08-mai\/\",\"url\":\"https:\/\/www.hiringlab.org\/de\/blog\/2020\/05\/14\/coronavirus-arbeitsmarkt-update-daten-08-mai\/\",\"name\":\"Coronakrise: Arbeitsm\u00e4rkte in Deutschland, \u00d6sterreich und der Schweiz - Indeed Hiring Lab Germany\",\"isPartOf\":{\"@id\":\"https:\/\/www.hiringlab.org\/de\/#website\"},\"primaryImageOfPage\":{\"@id\":\"https:\/\/www.hiringlab.org\/de\/blog\/2020\/05\/14\/coronavirus-arbeitsmarkt-update-daten-08-mai\/#primaryimage\"},\"image\":{\"@id\":\"https:\/\/www.hiringlab.org\/de\/blog\/2020\/05\/14\/coronavirus-arbeitsmarkt-update-daten-08-mai\/#primaryimage\"},\"thumbnailUrl\":\"https:\/\/d341ezm4iqaae0.cloudfront.net\/hiringlaborg\/sites\/5\/2020\/05\/02183149\/ZURICH-shutterstock_302322503-2_optimized.jpg\",\"datePublished\":\"2020-05-14T09:00:00+00:00\",\"author\":{\"@id\":\"https:\/\/www.hiringlab.org\/de\/#\/schema\/person\/556273c85fa41e425a043b07a34e5e88\"},\"breadcrumb\":{\"@id\":\"https:\/\/www.hiringlab.org\/de\/blog\/2020\/05\/14\/coronavirus-arbeitsmarkt-update-daten-08-mai\/#breadcrumb\"},\"inLanguage\":\"de-DE\",\"potentialAction\":[{\"@type\":\"ReadAction\",\"target\":[\"https:\/\/www.hiringlab.org\/de\/blog\/2020\/05\/14\/coronavirus-arbeitsmarkt-update-daten-08-mai\/\"]}]},{\"@type\":\"ImageObject\",\"inLanguage\":\"de-DE\",\"@id\":\"https:\/\/www.hiringlab.org\/de\/blog\/2020\/05\/14\/coronavirus-arbeitsmarkt-update-daten-08-mai\/#primaryimage\",\"url\":\"https:\/\/d341ezm4iqaae0.cloudfront.net\/hiringlaborg\/sites\/5\/2020\/05\/02183149\/ZURICH-shutterstock_302322503-2_optimized.jpg\",\"contentUrl\":\"https:\/\/d341ezm4iqaae0.cloudfront.net\/hiringlaborg\/sites\/5\/2020\/05\/02183149\/ZURICH-shutterstock_302322503-2_optimized.jpg\",\"width\":1700,\"height\":1202},{\"@type\":\"BreadcrumbList\",\"@id\":\"https:\/\/www.hiringlab.org\/de\/blog\/2020\/05\/14\/coronavirus-arbeitsmarkt-update-daten-08-mai\/#breadcrumb\",\"itemListElement\":[{\"@type\":\"ListItem\",\"position\":1,\"name\":\"Home\",\"item\":\"https:\/\/www.hiringlab.org\/de\/\"},{\"@type\":\"ListItem\",\"position\":2,\"name\":\"Coronakrise: Arbeitsm\u00e4rkte in Deutschland, \u00d6sterreich und der Schweiz\"}]},{\"@type\":\"WebSite\",\"@id\":\"https:\/\/www.hiringlab.org\/de\/#website\",\"url\":\"https:\/\/www.hiringlab.org\/de\/\",\"name\":\"Indeed Hiring Lab Germany\",\"description\":\"Just another Wordpress Admins Site Sites site\",\"potentialAction\":[{\"@type\":\"SearchAction\",\"target\":{\"@type\":\"EntryPoint\",\"urlTemplate\":\"https:\/\/www.hiringlab.org\/de\/?s={search_term_string}\"},\"query-input\":{\"@type\":\"PropertyValueSpecification\",\"valueRequired\":true,\"valueName\":\"search_term_string\"}}],\"inLanguage\":\"de-DE\"},{\"@type\":\"Person\",\"@id\":\"https:\/\/www.hiringlab.org\/de\/#\/schema\/person\/556273c85fa41e425a043b07a34e5e88\",\"name\":\"Annina Hering\",\"image\":{\"@type\":\"ImageObject\",\"inLanguage\":\"de-DE\",\"@id\":\"https:\/\/secure.gravatar.com\/avatar\/efed971649f074bd040f3aea1c0ca24eb635219da9f7e0f2f3fa33da7963db52?s=96&d=mm&r=g\",\"url\":\"https:\/\/secure.gravatar.com\/avatar\/efed971649f074bd040f3aea1c0ca24eb635219da9f7e0f2f3fa33da7963db52?s=96&d=mm&r=g\",\"contentUrl\":\"https:\/\/secure.gravatar.com\/avatar\/efed971649f074bd040f3aea1c0ca24eb635219da9f7e0f2f3fa33da7963db52?s=96&d=mm&r=g\",\"caption\":\"Annina Hering\"},\"url\":\"https:\/\/www.hiringlab.org\/de\/blog\/author\/hering\/\"}]}<\/script>\n<!-- \/ Yoast SEO plugin. -->","yoast_head_json":{"title":"Coronakrise: Arbeitsm\u00e4rkte in Deutschland, \u00d6sterreich und der Schweiz - Indeed Hiring Lab Germany","robots":{"index":"index","follow":"follow","max-snippet":"max-snippet:-1","max-image-preview":"max-image-preview:large","max-video-preview":"max-video-preview:-1"},"canonical":"https:\/\/www.hiringlab.org\/de\/blog\/2020\/05\/14\/coronavirus-arbeitsmarkt-update-daten-08-mai\/","og_locale":"de_DE","og_type":"article","og_title":"Coronakrise: Arbeitsm\u00e4rkte in Deutschland, \u00d6sterreich und der Schweiz - Indeed Hiring Lab Germany","og_description":"Diese Woche schauen wir auf Daten bis zum 08. Mai 2020.","og_url":"https:\/\/www.hiringlab.org\/de\/blog\/2020\/05\/14\/coronavirus-arbeitsmarkt-update-daten-08-mai\/","og_site_name":"Indeed Hiring Lab Germany","article_published_time":"2020-05-14T09:00:00+00:00","og_image":[{"width":1700,"height":1202,"url":"https:\/\/www.hiringlab.org\/de\/wp-content\/uploads\/sites\/5\/2020\/05\/ZURICH-shutterstock_302322503-2_optimized.jpg","type":"image\/jpeg"}],"author":"Annina Hering","twitter_card":"summary_large_image","schema":{"@context":"https:\/\/schema.org","@graph":[{"@type":"Article","@id":"https:\/\/www.hiringlab.org\/de\/blog\/2020\/05\/14\/coronavirus-arbeitsmarkt-update-daten-08-mai\/#article","isPartOf":{"@id":"https:\/\/www.hiringlab.org\/de\/blog\/2020\/05\/14\/coronavirus-arbeitsmarkt-update-daten-08-mai\/"},"author":{"name":"Annina Hering","@id":"https:\/\/www.hiringlab.org\/de\/#\/schema\/person\/556273c85fa41e425a043b07a34e5e88"},"headline":"Coronakrise: Arbeitsm\u00e4rkte in Deutschland, \u00d6sterreich und der Schweiz","datePublished":"2020-05-14T09:00:00+00:00","mainEntityOfPage":{"@id":"https:\/\/www.hiringlab.org\/de\/blog\/2020\/05\/14\/coronavirus-arbeitsmarkt-update-daten-08-mai\/"},"wordCount":941,"image":{"@id":"https:\/\/www.hiringlab.org\/de\/blog\/2020\/05\/14\/coronavirus-arbeitsmarkt-update-daten-08-mai\/#primaryimage"},"thumbnailUrl":"https:\/\/d341ezm4iqaae0.cloudfront.net\/hiringlaborg\/sites\/5\/2020\/05\/02183149\/ZURICH-shutterstock_302322503-2_optimized.jpg","articleSection":["Uncategorized"],"inLanguage":"de-DE"},{"@type":"WebPage","@id":"https:\/\/www.hiringlab.org\/de\/blog\/2020\/05\/14\/coronavirus-arbeitsmarkt-update-daten-08-mai\/","url":"https:\/\/www.hiringlab.org\/de\/blog\/2020\/05\/14\/coronavirus-arbeitsmarkt-update-daten-08-mai\/","name":"Coronakrise: Arbeitsm\u00e4rkte in Deutschland, \u00d6sterreich und der Schweiz - Indeed Hiring Lab Germany","isPartOf":{"@id":"https:\/\/www.hiringlab.org\/de\/#website"},"primaryImageOfPage":{"@id":"https:\/\/www.hiringlab.org\/de\/blog\/2020\/05\/14\/coronavirus-arbeitsmarkt-update-daten-08-mai\/#primaryimage"},"image":{"@id":"https:\/\/www.hiringlab.org\/de\/blog\/2020\/05\/14\/coronavirus-arbeitsmarkt-update-daten-08-mai\/#primaryimage"},"thumbnailUrl":"https:\/\/d341ezm4iqaae0.cloudfront.net\/hiringlaborg\/sites\/5\/2020\/05\/02183149\/ZURICH-shutterstock_302322503-2_optimized.jpg","datePublished":"2020-05-14T09:00:00+00:00","author":{"@id":"https:\/\/www.hiringlab.org\/de\/#\/schema\/person\/556273c85fa41e425a043b07a34e5e88"},"breadcrumb":{"@id":"https:\/\/www.hiringlab.org\/de\/blog\/2020\/05\/14\/coronavirus-arbeitsmarkt-update-daten-08-mai\/#breadcrumb"},"inLanguage":"de-DE","potentialAction":[{"@type":"ReadAction","target":["https:\/\/www.hiringlab.org\/de\/blog\/2020\/05\/14\/coronavirus-arbeitsmarkt-update-daten-08-mai\/"]}]},{"@type":"ImageObject","inLanguage":"de-DE","@id":"https:\/\/www.hiringlab.org\/de\/blog\/2020\/05\/14\/coronavirus-arbeitsmarkt-update-daten-08-mai\/#primaryimage","url":"https:\/\/d341ezm4iqaae0.cloudfront.net\/hiringlaborg\/sites\/5\/2020\/05\/02183149\/ZURICH-shutterstock_302322503-2_optimized.jpg","contentUrl":"https:\/\/d341ezm4iqaae0.cloudfront.net\/hiringlaborg\/sites\/5\/2020\/05\/02183149\/ZURICH-shutterstock_302322503-2_optimized.jpg","width":1700,"height":1202},{"@type":"BreadcrumbList","@id":"https:\/\/www.hiringlab.org\/de\/blog\/2020\/05\/14\/coronavirus-arbeitsmarkt-update-daten-08-mai\/#breadcrumb","itemListElement":[{"@type":"ListItem","position":1,"name":"Home","item":"https:\/\/www.hiringlab.org\/de\/"},{"@type":"ListItem","position":2,"name":"Coronakrise: Arbeitsm\u00e4rkte in Deutschland, \u00d6sterreich und der Schweiz"}]},{"@type":"WebSite","@id":"https:\/\/www.hiringlab.org\/de\/#website","url":"https:\/\/www.hiringlab.org\/de\/","name":"Indeed Hiring Lab Germany","description":"Just another Wordpress Admins Site Sites site","potentialAction":[{"@type":"SearchAction","target":{"@type":"EntryPoint","urlTemplate":"https:\/\/www.hiringlab.org\/de\/?s={search_term_string}"},"query-input":{"@type":"PropertyValueSpecification","valueRequired":true,"valueName":"search_term_string"}}],"inLanguage":"de-DE"},{"@type":"Person","@id":"https:\/\/www.hiringlab.org\/de\/#\/schema\/person\/556273c85fa41e425a043b07a34e5e88","name":"Annina Hering","image":{"@type":"ImageObject","inLanguage":"de-DE","@id":"https:\/\/secure.gravatar.com\/avatar\/efed971649f074bd040f3aea1c0ca24eb635219da9f7e0f2f3fa33da7963db52?s=96&d=mm&r=g","url":"https:\/\/secure.gravatar.com\/avatar\/efed971649f074bd040f3aea1c0ca24eb635219da9f7e0f2f3fa33da7963db52?s=96&d=mm&r=g","contentUrl":"https:\/\/secure.gravatar.com\/avatar\/efed971649f074bd040f3aea1c0ca24eb635219da9f7e0f2f3fa33da7963db52?s=96&d=mm&r=g","caption":"Annina Hering"},"url":"https:\/\/www.hiringlab.org\/de\/blog\/author\/hering\/"}]}},"_links":{"self":[{"href":"https:\/\/www.hiringlab.org\/de\/wp-json\/wp\/v2\/posts\/11507","targetHints":{"allow":["GET"]}}],"collection":[{"href":"https:\/\/www.hiringlab.org\/de\/wp-json\/wp\/v2\/posts"}],"about":[{"href":"https:\/\/www.hiringlab.org\/de\/wp-json\/wp\/v2\/types\/post"}],"author":[{"embeddable":true,"href":"https:\/\/www.hiringlab.org\/de\/wp-json\/wp\/v2\/users\/39"}],"replies":[{"embeddable":true,"href":"https:\/\/www.hiringlab.org\/de\/wp-json\/wp\/v2\/comments?post=11507"}],"version-history":[{"count":0,"href":"https:\/\/www.hiringlab.org\/de\/wp-json\/wp\/v2\/posts\/11507\/revisions"}],"wp:featuredmedia":[{"embeddable":true,"href":"https:\/\/www.hiringlab.org\/de\/wp-json\/wp\/v2\/media\/11511"}],"wp:attachment":[{"href":"https:\/\/www.hiringlab.org\/de\/wp-json\/wp\/v2\/media?parent=11507"}],"wp:term":[{"taxonomy":"category","embeddable":true,"href":"https:\/\/www.hiringlab.org\/de\/wp-json\/wp\/v2\/categories?post=11507"},{"taxonomy":"post_tag","embeddable":true,"href":"https:\/\/www.hiringlab.org\/de\/wp-json\/wp\/v2\/tags?post=11507"},{"taxonomy":"post_mwm_category","embeddable":true,"href":"https:\/\/www.hiringlab.org\/de\/wp-json\/wp\/v2\/post_mwm_category?post=11507"},{"taxonomy":"post_topic","embeddable":true,"href":"https:\/\/www.hiringlab.org\/de\/wp-json\/wp\/v2\/post_topic?post=11507"},{"taxonomy":"post_content_type","embeddable":true,"href":"https:\/\/www.hiringlab.org\/de\/wp-json\/wp\/v2\/post_content_type?post=11507"},{"taxonomy":"post_duration","embeddable":true,"href":"https:\/\/www.hiringlab.org\/de\/wp-json\/wp\/v2\/post_duration?post=11507"},{"taxonomy":"post_actions","embeddable":true,"href":"https:\/\/www.hiringlab.org\/de\/wp-json\/wp\/v2\/post_actions?post=11507"},{"taxonomy":"post_franchise","embeddable":true,"href":"https:\/\/www.hiringlab.org\/de\/wp-json\/wp\/v2\/post_franchise?post=11507"},{"taxonomy":"post_mwm_author","embeddable":true,"href":"https:\/\/www.hiringlab.org\/de\/wp-json\/wp\/v2\/post_mwm_author?post=11507"}],"curies":[{"name":"wp","href":"https:\/\/api.w.org\/{rel}","templated":true}]}}