{"id":11004,"date":"2019-02-07T17:19:20","date_gmt":"2019-02-07T16:19:20","guid":{"rendered":"https:\/\/www.hiringlab.org\/de\/?p=11004"},"modified":"2019-02-07T17:19:20","modified_gmt":"2019-02-07T16:19:20","slug":"befristete-arbeitsvertraege-trotz-vollbeschaeftigung","status":"publish","type":"post","link":"https:\/\/www.hiringlab.org\/de\/blog\/2019\/02\/07\/befristete-arbeitsvertraege-trotz-vollbeschaeftigung\/","title":{"rendered":"Befristete Arbeitsvertr\u00e4ge sind weit verbreitet \u2013 trotz ann\u00e4hernder Vollbesch\u00e4ftigung"},"content":{"rendered":"<p><span style=\"font-weight: 400\">Indeed Economist Annina Hering hat f\u00fcr das Forschungsmagazin \u201cGesellschaftsforschung\u201d des Max-Planck-Instituts f\u00fcr Gesellschaftsforschung einen Kommentar zum Thema \u201cBefristung von Arbeitsvertr\u00e4gen\u201d verfasst. Vor dem Hintergrund ihres letztes Jahr im Campus Verlag erschienen Buches \u201c<\/span><a href=\"https:\/\/www.campus.de\/buecher-campus-verlag\/wissenschaft\/soziologie\/kinder_oder_nicht-14892.html\" target=\"_blank\" rel=\"noopener noreferrer\"><span style=\"font-weight: 400\">Kinder \u2013 oder nicht? Geburten in Deutschland im Spannungsfeld unsicherer Partnerschaften und prek\u00e4rer Besch\u00e4ftigung<\/span><\/a><span style=\"font-weight: 400\">\u201d zeigt sie, dass auch heute, in Zeiten niedrigerer Arbeitslosigkeit, befristete Besch\u00e4ftigungen eine Herausforderung sind \u2013 gerade f\u00fcr junge Menschen.<\/span><\/p>\n<p><span style=\"font-weight: 400\">Laut Hering deuten Zahlen des Instituts f\u00fcr Arbeitsmarkt- und Berufsforschung (IAB) zu befristeten Neuanstellungen sowie Analysen von Stellenanzeigen auf Indeed zu m\u00f6glicher Entfristung darauf hin, dass befristete Vertr\u00e4ge als eine verl\u00e4ngerte Probezeit genutzt werden. Eine Analyse von Stellenanzeigen auf Indeed f\u00fcr Anfang November 2018 ergab: 38,9 Prozent der Stellenanzeigen, die eine befristete Besch\u00e4ftigung anbieten, wecken bei Bewerbern m\u00f6glicherweise die Hoffnung, dass die Stelle entfristet werden k\u00f6nnte. Dabei ist die Formulierung, dass es sich \u201ezun\u00e4chst\u201c um eine befristete Besch\u00e4ftigung handelt, am weitesten verbreitet. Es wird aber oft auch bereits in der Stellenbeschreibung konkret darauf hingewiesen, dass eine Entfristung angedacht ist.<\/span><\/p>\n<p><span style=\"font-weight: 400\">Die vollst\u00e4ndige Version des Kommentars ist im Forschungsmagazin \u201cGesellschaftsforschung\u201d 1\/2019 des Max-Planck-Instituts f\u00fcr Gesellschaftsforschung erschienen. <\/span><a href=\"http:\/\/www.mpifg.de\/aktuelles\/newsletter\/MPIfG_forschungsmag_1-19.pdf\" target=\"_blank\" rel=\"noopener noreferrer\"><span style=\"font-weight: 400\">Hier<\/span><\/a><span style=\"font-weight: 400\"> geht es zum Artikel (pdf, 9MB).<\/span><\/p>\n","protected":false},"excerpt":{"rendered":"<p>Im Magazin \u201cGesellschaftsforschung\u201d des Max-Planck-Instituts f\u00fcr Gesellschaftsforschung ist ein Kommentar von Indeed Economist Annina Hering erschienen.<\/p>\n","protected":false},"author":39,"featured_media":11007,"comment_status":"closed","ping_status":"closed","sticky":false,"template":"recruiter-hub-blocks.php","format":"standard","meta":{"_acf_changed":false,"footnotes":""},"categories":[1],"tags":[],"post_mwm_category":[242],"post_topic":[],"post_content_type":[],"post_duration":[],"post_actions":[],"post_franchise":[],"post_mwm_author":[222],"class_list":["post-11004","post","type-post","status-publish","format-standard","has-post-thumbnail","hentry","category-uncategorized","post_mwm_category-arbeitsmarktanalysen","post_mwm_author-hering"],"acf":[],"yoast_head":"<!-- This site is optimized with the Yoast SEO plugin v27.2 - https:\/\/yoast.com\/product\/yoast-seo-wordpress\/ -->\n<title>Befristete Arbeitsvertr\u00e4ge sind weit verbreitet \u2013 trotz ann\u00e4hernder Vollbesch\u00e4ftigung - Indeed Hiring Lab Germany<\/title>\n<meta name=\"robots\" content=\"index, follow, max-snippet:-1, max-image-preview:large, max-video-preview:-1\" \/>\n<link rel=\"canonical\" href=\"https:\/\/www.hiringlab.org\/de\/blog\/2019\/02\/07\/befristete-arbeitsvertraege-trotz-vollbeschaeftigung\/\" \/>\n<meta property=\"og:locale\" content=\"de_DE\" \/>\n<meta property=\"og:type\" content=\"article\" \/>\n<meta property=\"og:title\" content=\"Befristete Arbeitsvertr\u00e4ge sind weit verbreitet \u2013 trotz ann\u00e4hernder Vollbesch\u00e4ftigung - Indeed Hiring Lab Germany\" \/>\n<meta property=\"og:description\" content=\"Im Magazin \u201cGesellschaftsforschung\u201d des Max-Planck-Instituts f\u00fcr Gesellschaftsforschung ist ein Kommentar von Indeed Economist Annina Hering erschienen.\" \/>\n<meta property=\"og:url\" content=\"https:\/\/www.hiringlab.org\/de\/blog\/2019\/02\/07\/befristete-arbeitsvertraege-trotz-vollbeschaeftigung\/\" \/>\n<meta property=\"og:site_name\" content=\"Indeed Hiring Lab Germany\" \/>\n<meta property=\"article:published_time\" content=\"2019-02-07T16:19:20+00:00\" \/>\n<meta property=\"og:image\" content=\"https:\/\/www.hiringlab.org\/de\/wp-content\/uploads\/sites\/5\/2019\/02\/GettyImages-607477435.jpeg\" \/>\n\t<meta property=\"og:image:width\" content=\"640\" \/>\n\t<meta property=\"og:image:height\" content=\"427\" \/>\n\t<meta property=\"og:image:type\" content=\"image\/jpeg\" \/>\n<meta name=\"author\" content=\"Annina Hering\" \/>\n<meta name=\"twitter:card\" content=\"summary_large_image\" \/>\n<script type=\"application\/ld+json\" class=\"yoast-schema-graph\">{\"@context\":\"https:\/\/schema.org\",\"@graph\":[{\"@type\":\"Article\",\"@id\":\"https:\/\/www.hiringlab.org\/de\/blog\/2019\/02\/07\/befristete-arbeitsvertraege-trotz-vollbeschaeftigung\/#article\",\"isPartOf\":{\"@id\":\"https:\/\/www.hiringlab.org\/de\/blog\/2019\/02\/07\/befristete-arbeitsvertraege-trotz-vollbeschaeftigung\/\"},\"author\":{\"name\":\"Annina Hering\",\"@id\":\"https:\/\/www.hiringlab.org\/de\/#\/schema\/person\/556273c85fa41e425a043b07a34e5e88\"},\"headline\":\"Befristete Arbeitsvertr\u00e4ge sind weit verbreitet \u2013 trotz ann\u00e4hernder Vollbesch\u00e4ftigung\",\"datePublished\":\"2019-02-07T16:19:20+00:00\",\"mainEntityOfPage\":{\"@id\":\"https:\/\/www.hiringlab.org\/de\/blog\/2019\/02\/07\/befristete-arbeitsvertraege-trotz-vollbeschaeftigung\/\"},\"wordCount\":211,\"image\":{\"@id\":\"https:\/\/www.hiringlab.org\/de\/blog\/2019\/02\/07\/befristete-arbeitsvertraege-trotz-vollbeschaeftigung\/#primaryimage\"},\"thumbnailUrl\":\"https:\/\/d341ezm4iqaae0.cloudfront.net\/hiringlaborg\/sites\/5\/2019\/02\/02183235\/GettyImages-607477435.jpeg\",\"articleSection\":[\"Uncategorized\"],\"inLanguage\":\"de-DE\"},{\"@type\":\"WebPage\",\"@id\":\"https:\/\/www.hiringlab.org\/de\/blog\/2019\/02\/07\/befristete-arbeitsvertraege-trotz-vollbeschaeftigung\/\",\"url\":\"https:\/\/www.hiringlab.org\/de\/blog\/2019\/02\/07\/befristete-arbeitsvertraege-trotz-vollbeschaeftigung\/\",\"name\":\"Befristete Arbeitsvertr\u00e4ge sind weit verbreitet \u2013 trotz ann\u00e4hernder Vollbesch\u00e4ftigung - Indeed Hiring Lab Germany\",\"isPartOf\":{\"@id\":\"https:\/\/www.hiringlab.org\/de\/#website\"},\"primaryImageOfPage\":{\"@id\":\"https:\/\/www.hiringlab.org\/de\/blog\/2019\/02\/07\/befristete-arbeitsvertraege-trotz-vollbeschaeftigung\/#primaryimage\"},\"image\":{\"@id\":\"https:\/\/www.hiringlab.org\/de\/blog\/2019\/02\/07\/befristete-arbeitsvertraege-trotz-vollbeschaeftigung\/#primaryimage\"},\"thumbnailUrl\":\"https:\/\/d341ezm4iqaae0.cloudfront.net\/hiringlaborg\/sites\/5\/2019\/02\/02183235\/GettyImages-607477435.jpeg\",\"datePublished\":\"2019-02-07T16:19:20+00:00\",\"author\":{\"@id\":\"https:\/\/www.hiringlab.org\/de\/#\/schema\/person\/556273c85fa41e425a043b07a34e5e88\"},\"breadcrumb\":{\"@id\":\"https:\/\/www.hiringlab.org\/de\/blog\/2019\/02\/07\/befristete-arbeitsvertraege-trotz-vollbeschaeftigung\/#breadcrumb\"},\"inLanguage\":\"de-DE\",\"potentialAction\":[{\"@type\":\"ReadAction\",\"target\":[\"https:\/\/www.hiringlab.org\/de\/blog\/2019\/02\/07\/befristete-arbeitsvertraege-trotz-vollbeschaeftigung\/\"]}]},{\"@type\":\"ImageObject\",\"inLanguage\":\"de-DE\",\"@id\":\"https:\/\/www.hiringlab.org\/de\/blog\/2019\/02\/07\/befristete-arbeitsvertraege-trotz-vollbeschaeftigung\/#primaryimage\",\"url\":\"https:\/\/d341ezm4iqaae0.cloudfront.net\/hiringlaborg\/sites\/5\/2019\/02\/02183235\/GettyImages-607477435.jpeg\",\"contentUrl\":\"https:\/\/d341ezm4iqaae0.cloudfront.net\/hiringlaborg\/sites\/5\/2019\/02\/02183235\/GettyImages-607477435.jpeg\",\"width\":640,\"height\":427,\"caption\":\"A team of four business people is standing in front a desk in a bright office room. They ambitiously point at documents while smiling and looking at the charts and notes.\"},{\"@type\":\"BreadcrumbList\",\"@id\":\"https:\/\/www.hiringlab.org\/de\/blog\/2019\/02\/07\/befristete-arbeitsvertraege-trotz-vollbeschaeftigung\/#breadcrumb\",\"itemListElement\":[{\"@type\":\"ListItem\",\"position\":1,\"name\":\"Home\",\"item\":\"https:\/\/www.hiringlab.org\/de\/\"},{\"@type\":\"ListItem\",\"position\":2,\"name\":\"Befristete Arbeitsvertr\u00e4ge sind weit verbreitet \u2013 trotz ann\u00e4hernder Vollbesch\u00e4ftigung\"}]},{\"@type\":\"WebSite\",\"@id\":\"https:\/\/www.hiringlab.org\/de\/#website\",\"url\":\"https:\/\/www.hiringlab.org\/de\/\",\"name\":\"Indeed Hiring Lab Germany\",\"description\":\"Just another Wordpress Admins Site Sites site\",\"potentialAction\":[{\"@type\":\"SearchAction\",\"target\":{\"@type\":\"EntryPoint\",\"urlTemplate\":\"https:\/\/www.hiringlab.org\/de\/?s={search_term_string}\"},\"query-input\":{\"@type\":\"PropertyValueSpecification\",\"valueRequired\":true,\"valueName\":\"search_term_string\"}}],\"inLanguage\":\"de-DE\"},{\"@type\":\"Person\",\"@id\":\"https:\/\/www.hiringlab.org\/de\/#\/schema\/person\/556273c85fa41e425a043b07a34e5e88\",\"name\":\"Annina Hering\",\"image\":{\"@type\":\"ImageObject\",\"inLanguage\":\"de-DE\",\"@id\":\"https:\/\/secure.gravatar.com\/avatar\/efed971649f074bd040f3aea1c0ca24eb635219da9f7e0f2f3fa33da7963db52?s=96&d=mm&r=g\",\"url\":\"https:\/\/secure.gravatar.com\/avatar\/efed971649f074bd040f3aea1c0ca24eb635219da9f7e0f2f3fa33da7963db52?s=96&d=mm&r=g\",\"contentUrl\":\"https:\/\/secure.gravatar.com\/avatar\/efed971649f074bd040f3aea1c0ca24eb635219da9f7e0f2f3fa33da7963db52?s=96&d=mm&r=g\",\"caption\":\"Annina Hering\"},\"url\":\"https:\/\/www.hiringlab.org\/de\/blog\/author\/hering\/\"}]}<\/script>\n<!-- \/ Yoast SEO plugin. -->","yoast_head_json":{"title":"Befristete Arbeitsvertr\u00e4ge sind weit verbreitet \u2013 trotz ann\u00e4hernder Vollbesch\u00e4ftigung - Indeed Hiring Lab Germany","robots":{"index":"index","follow":"follow","max-snippet":"max-snippet:-1","max-image-preview":"max-image-preview:large","max-video-preview":"max-video-preview:-1"},"canonical":"https:\/\/www.hiringlab.org\/de\/blog\/2019\/02\/07\/befristete-arbeitsvertraege-trotz-vollbeschaeftigung\/","og_locale":"de_DE","og_type":"article","og_title":"Befristete Arbeitsvertr\u00e4ge sind weit verbreitet \u2013 trotz ann\u00e4hernder Vollbesch\u00e4ftigung - Indeed Hiring Lab Germany","og_description":"Im Magazin \u201cGesellschaftsforschung\u201d des Max-Planck-Instituts f\u00fcr Gesellschaftsforschung ist ein Kommentar von Indeed Economist Annina Hering erschienen.","og_url":"https:\/\/www.hiringlab.org\/de\/blog\/2019\/02\/07\/befristete-arbeitsvertraege-trotz-vollbeschaeftigung\/","og_site_name":"Indeed Hiring Lab Germany","article_published_time":"2019-02-07T16:19:20+00:00","og_image":[{"width":640,"height":427,"url":"https:\/\/www.hiringlab.org\/de\/wp-content\/uploads\/sites\/5\/2019\/02\/GettyImages-607477435.jpeg","type":"image\/jpeg"}],"author":"Annina Hering","twitter_card":"summary_large_image","schema":{"@context":"https:\/\/schema.org","@graph":[{"@type":"Article","@id":"https:\/\/www.hiringlab.org\/de\/blog\/2019\/02\/07\/befristete-arbeitsvertraege-trotz-vollbeschaeftigung\/#article","isPartOf":{"@id":"https:\/\/www.hiringlab.org\/de\/blog\/2019\/02\/07\/befristete-arbeitsvertraege-trotz-vollbeschaeftigung\/"},"author":{"name":"Annina Hering","@id":"https:\/\/www.hiringlab.org\/de\/#\/schema\/person\/556273c85fa41e425a043b07a34e5e88"},"headline":"Befristete Arbeitsvertr\u00e4ge sind weit verbreitet \u2013 trotz ann\u00e4hernder Vollbesch\u00e4ftigung","datePublished":"2019-02-07T16:19:20+00:00","mainEntityOfPage":{"@id":"https:\/\/www.hiringlab.org\/de\/blog\/2019\/02\/07\/befristete-arbeitsvertraege-trotz-vollbeschaeftigung\/"},"wordCount":211,"image":{"@id":"https:\/\/www.hiringlab.org\/de\/blog\/2019\/02\/07\/befristete-arbeitsvertraege-trotz-vollbeschaeftigung\/#primaryimage"},"thumbnailUrl":"https:\/\/d341ezm4iqaae0.cloudfront.net\/hiringlaborg\/sites\/5\/2019\/02\/02183235\/GettyImages-607477435.jpeg","articleSection":["Uncategorized"],"inLanguage":"de-DE"},{"@type":"WebPage","@id":"https:\/\/www.hiringlab.org\/de\/blog\/2019\/02\/07\/befristete-arbeitsvertraege-trotz-vollbeschaeftigung\/","url":"https:\/\/www.hiringlab.org\/de\/blog\/2019\/02\/07\/befristete-arbeitsvertraege-trotz-vollbeschaeftigung\/","name":"Befristete Arbeitsvertr\u00e4ge sind weit verbreitet \u2013 trotz ann\u00e4hernder Vollbesch\u00e4ftigung - Indeed Hiring Lab Germany","isPartOf":{"@id":"https:\/\/www.hiringlab.org\/de\/#website"},"primaryImageOfPage":{"@id":"https:\/\/www.hiringlab.org\/de\/blog\/2019\/02\/07\/befristete-arbeitsvertraege-trotz-vollbeschaeftigung\/#primaryimage"},"image":{"@id":"https:\/\/www.hiringlab.org\/de\/blog\/2019\/02\/07\/befristete-arbeitsvertraege-trotz-vollbeschaeftigung\/#primaryimage"},"thumbnailUrl":"https:\/\/d341ezm4iqaae0.cloudfront.net\/hiringlaborg\/sites\/5\/2019\/02\/02183235\/GettyImages-607477435.jpeg","datePublished":"2019-02-07T16:19:20+00:00","author":{"@id":"https:\/\/www.hiringlab.org\/de\/#\/schema\/person\/556273c85fa41e425a043b07a34e5e88"},"breadcrumb":{"@id":"https:\/\/www.hiringlab.org\/de\/blog\/2019\/02\/07\/befristete-arbeitsvertraege-trotz-vollbeschaeftigung\/#breadcrumb"},"inLanguage":"de-DE","potentialAction":[{"@type":"ReadAction","target":["https:\/\/www.hiringlab.org\/de\/blog\/2019\/02\/07\/befristete-arbeitsvertraege-trotz-vollbeschaeftigung\/"]}]},{"@type":"ImageObject","inLanguage":"de-DE","@id":"https:\/\/www.hiringlab.org\/de\/blog\/2019\/02\/07\/befristete-arbeitsvertraege-trotz-vollbeschaeftigung\/#primaryimage","url":"https:\/\/d341ezm4iqaae0.cloudfront.net\/hiringlaborg\/sites\/5\/2019\/02\/02183235\/GettyImages-607477435.jpeg","contentUrl":"https:\/\/d341ezm4iqaae0.cloudfront.net\/hiringlaborg\/sites\/5\/2019\/02\/02183235\/GettyImages-607477435.jpeg","width":640,"height":427,"caption":"A team of four business people is standing in front a desk in a bright office room. They ambitiously point at documents while smiling and looking at the charts and notes."},{"@type":"BreadcrumbList","@id":"https:\/\/www.hiringlab.org\/de\/blog\/2019\/02\/07\/befristete-arbeitsvertraege-trotz-vollbeschaeftigung\/#breadcrumb","itemListElement":[{"@type":"ListItem","position":1,"name":"Home","item":"https:\/\/www.hiringlab.org\/de\/"},{"@type":"ListItem","position":2,"name":"Befristete Arbeitsvertr\u00e4ge sind weit verbreitet \u2013 trotz ann\u00e4hernder Vollbesch\u00e4ftigung"}]},{"@type":"WebSite","@id":"https:\/\/www.hiringlab.org\/de\/#website","url":"https:\/\/www.hiringlab.org\/de\/","name":"Indeed Hiring Lab Germany","description":"Just another Wordpress Admins Site Sites site","potentialAction":[{"@type":"SearchAction","target":{"@type":"EntryPoint","urlTemplate":"https:\/\/www.hiringlab.org\/de\/?s={search_term_string}"},"query-input":{"@type":"PropertyValueSpecification","valueRequired":true,"valueName":"search_term_string"}}],"inLanguage":"de-DE"},{"@type":"Person","@id":"https:\/\/www.hiringlab.org\/de\/#\/schema\/person\/556273c85fa41e425a043b07a34e5e88","name":"Annina Hering","image":{"@type":"ImageObject","inLanguage":"de-DE","@id":"https:\/\/secure.gravatar.com\/avatar\/efed971649f074bd040f3aea1c0ca24eb635219da9f7e0f2f3fa33da7963db52?s=96&d=mm&r=g","url":"https:\/\/secure.gravatar.com\/avatar\/efed971649f074bd040f3aea1c0ca24eb635219da9f7e0f2f3fa33da7963db52?s=96&d=mm&r=g","contentUrl":"https:\/\/secure.gravatar.com\/avatar\/efed971649f074bd040f3aea1c0ca24eb635219da9f7e0f2f3fa33da7963db52?s=96&d=mm&r=g","caption":"Annina Hering"},"url":"https:\/\/www.hiringlab.org\/de\/blog\/author\/hering\/"}]}},"_links":{"self":[{"href":"https:\/\/www.hiringlab.org\/de\/wp-json\/wp\/v2\/posts\/11004","targetHints":{"allow":["GET"]}}],"collection":[{"href":"https:\/\/www.hiringlab.org\/de\/wp-json\/wp\/v2\/posts"}],"about":[{"href":"https:\/\/www.hiringlab.org\/de\/wp-json\/wp\/v2\/types\/post"}],"author":[{"embeddable":true,"href":"https:\/\/www.hiringlab.org\/de\/wp-json\/wp\/v2\/users\/39"}],"replies":[{"embeddable":true,"href":"https:\/\/www.hiringlab.org\/de\/wp-json\/wp\/v2\/comments?post=11004"}],"version-history":[{"count":0,"href":"https:\/\/www.hiringlab.org\/de\/wp-json\/wp\/v2\/posts\/11004\/revisions"}],"wp:featuredmedia":[{"embeddable":true,"href":"https:\/\/www.hiringlab.org\/de\/wp-json\/wp\/v2\/media\/11007"}],"wp:attachment":[{"href":"https:\/\/www.hiringlab.org\/de\/wp-json\/wp\/v2\/media?parent=11004"}],"wp:term":[{"taxonomy":"category","embeddable":true,"href":"https:\/\/www.hiringlab.org\/de\/wp-json\/wp\/v2\/categories?post=11004"},{"taxonomy":"post_tag","embeddable":true,"href":"https:\/\/www.hiringlab.org\/de\/wp-json\/wp\/v2\/tags?post=11004"},{"taxonomy":"post_mwm_category","embeddable":true,"href":"https:\/\/www.hiringlab.org\/de\/wp-json\/wp\/v2\/post_mwm_category?post=11004"},{"taxonomy":"post_topic","embeddable":true,"href":"https:\/\/www.hiringlab.org\/de\/wp-json\/wp\/v2\/post_topic?post=11004"},{"taxonomy":"post_content_type","embeddable":true,"href":"https:\/\/www.hiringlab.org\/de\/wp-json\/wp\/v2\/post_content_type?post=11004"},{"taxonomy":"post_duration","embeddable":true,"href":"https:\/\/www.hiringlab.org\/de\/wp-json\/wp\/v2\/post_duration?post=11004"},{"taxonomy":"post_actions","embeddable":true,"href":"https:\/\/www.hiringlab.org\/de\/wp-json\/wp\/v2\/post_actions?post=11004"},{"taxonomy":"post_franchise","embeddable":true,"href":"https:\/\/www.hiringlab.org\/de\/wp-json\/wp\/v2\/post_franchise?post=11004"},{"taxonomy":"post_mwm_author","embeddable":true,"href":"https:\/\/www.hiringlab.org\/de\/wp-json\/wp\/v2\/post_mwm_author?post=11004"}],"curies":[{"name":"wp","href":"https:\/\/api.w.org\/{rel}","templated":true}]}}